{"id":929,"date":"2016-02-23T10:36:55","date_gmt":"2016-02-23T10:36:55","guid":{"rendered":"http:\/\/kultursanatsen.org.tr\/portal\/2016\/02\/23\/chpden-keske-ziyaret\/"},"modified":"2016-02-23T10:36:55","modified_gmt":"2016-02-23T10:36:55","slug":"chpden-keske-ziyaret","status":"publish","type":"post","link":"https:\/\/kultursanatsen.org.tr\/portal\/2016\/02\/23\/chpden-keske-ziyaret\/","title":{"rendered":"CHP&#039;DEN KESK&#039;E Z\u0130YARET!"},"content":{"rendered":"<br \/>\n<h2 style=\"margin-top: 0cm; mso-line-height-alt: 14.4pt;\"><span style=\"font-size: 20.5pt; font-family: Georgia, serif;\"><a href=\"http:\/\/www.kesk.org.tr\/content\/chpden-keske-ziyaret-0\"><span style=\"font-size: 7pt; font-family: 'Lucida Sans Unicode', sans-serif; color: #333333; background-image: initial; background-attachment: initial; background-size: initial; background-origin: initial; background-clip: initial; background-position: initial; background-repeat: initial;\"><span>17 \u015eubat 2016 tarihinde CHP Genel Ba\u015fkan Yard\u0131mc\u0131s\u0131 ve Malatya Milletvekili Veli A\u011fbaba ile Ankara Milletvekili Nihat Ye\u015fil ve PM \u00fcyesi Y\u0131ld\u0131r\u0131m Kaya&#8217;dan olu\u015fan CHP heyeti Konfederasyonumuzu ziyaret ederek Y\u00fcr\u00fctme Kurulu \u00fcyelerimizle g\u00f6r\u00fc\u015ft\u00fcler. Siyasal ve sendikal s\u00fcre\u00e7 ile emek ve demokrasi m\u00fccadelesine ili\u015fkin de\u011ferlendirmelerin yap\u0131ld\u0131\u011f\u0131 ziyarette, emek d\u00fc\u015fman\u0131 politikalara kar\u015f\u0131 demokrasi g\u00fc\u00e7lerinin ortak hareket etmesinin zorunlu oldu\u011fu vurguland\u0131.<\/span><\/span><\/a><\/span><\/h2>\n","protected":false},"excerpt":{"rendered":"<p>17 \u015eubat 2016 tarihinde CHP Genel Ba\u015fkan Yard\u0131mc\u0131s\u0131 ve Malatya Milletvekili Veli A\u011fbaba ile Ankara Milletvekili Nihat Ye\u015fil ve PM \u00fcyesi Y\u0131ld\u0131r\u0131m Kaya&#8217;dan olu\u015fan CHP heyeti Konfederasyonumuzu ziyaret ederek Y\u00fcr\u00fctme Kurulu \u00fcyelerimizle g\u00f6r\u00fc\u015ft\u00fcler. Siyasal ve sendikal s\u00fcre\u00e7 ile emek ve demokrasi m\u00fccadelesine ili\u015fkin de\u011ferlendirmelerin yap\u0131ld\u0131\u011f\u0131 ziyarette, emek d\u00fc\u015fman\u0131 politikalara kar\u015f\u0131 demokrasi g\u00fc\u00e7lerinin ortak hareket etmesinin [&hellip;]<\/p>\n","protected":false},"author":3,"featured_media":930,"comment_status":"open","ping_status":"open","sticky":false,"template":"","format":"standard","meta":[],"categories":[1],"tags":[],"_links":{"self":[{"href":"https:\/\/kultursanatsen.org.tr\/portal\/wp-json\/wp\/v2\/posts\/929"}],"collection":[{"href":"https:\/\/kultursanatsen.org.tr\/portal\/wp-json\/wp\/v2\/posts"}],"about":[{"href":"https:\/\/kultursanatsen.org.tr\/portal\/wp-json\/wp\/v2\/types\/post"}],"author":[{"embeddable":true,"href":"https:\/\/kultursanatsen.org.tr\/portal\/wp-json\/wp\/v2\/users\/3"}],"replies":[{"embeddable":true,"href":"https:\/\/kultursanatsen.org.tr\/portal\/wp-json\/wp\/v2\/comments?post=929"}],"version-history":[{"count":0,"href":"https:\/\/kultursanatsen.org.tr\/portal\/wp-json\/wp\/v2\/posts\/929\/revisions"}],"wp:featuredmedia":[{"embeddable":true,"href":"https:\/\/kultursanatsen.org.tr\/portal\/wp-json\/wp\/v2\/media\/930"}],"wp:attachment":[{"href":"https:\/\/kultursanatsen.org.tr\/portal\/wp-json\/wp\/v2\/media?parent=929"}],"wp:term":[{"taxonomy":"category","embeddable":true,"href":"https:\/\/kultursanatsen.org.tr\/portal\/wp-json\/wp\/v2\/categories?post=929"},{"taxonomy":"post_tag","embeddable":true,"href":"https:\/\/kultursanatsen.org.tr\/portal\/wp-json\/wp\/v2\/tags?post=929"}],"curies":[{"name":"wp","href":"https:\/\/api.w.org\/{rel}","templated":true}]}}