{"id":928,"date":"2016-02-18T11:05:15","date_gmt":"2016-02-18T11:05:15","guid":{"rendered":"http:\/\/kultursanatsen.org.tr\/portal\/2016\/02\/18\/aci-kayibimiz-3\/"},"modified":"2020-11-15T22:46:37","modified_gmt":"2020-11-15T22:46:37","slug":"aci-kayibimiz-3","status":"publish","type":"post","link":"https:\/\/kultursanatsen.org.tr\/portal\/2016\/02\/18\/aci-kayibimiz-3\/","title":{"rendered":"ACI KAYIBIMIZ"},"content":{"rendered":"\n<p>\u0130stanbul B\u00f6lge \u015eubemiz Y\u00f6netim Kurulu \u00dcyesi Ramazan \u00d6ZAK&#8217;\u0131n babas\u0131 vefat etmi\u015ftir.Merhumun naa\u015f\u0131 bug\u00fcn Van ilinde topra\u011fa verilecektir.T\u00fcm ailesi ve yak\u0131nlar\u0131na ba\u015fsa\u011fl\u0131\u011f\u0131 diliyoruz.<\/p>\n","protected":false},"excerpt":{"rendered":"<p>\u0130stanbul B\u00f6lge \u015eubemiz Y\u00f6netim Kurulu \u00dcyesi Ramazan \u00d6ZAK&#8217;\u0131n babas\u0131 vefat etmi\u015ftir.Merhumun naa\u015f\u0131 bug\u00fcn Van ilinde topra\u011fa verilecektir.T\u00fcm ailesi ve yak\u0131nlar\u0131na ba\u015fsa\u011fl\u0131\u011f\u0131 diliyoruz.<\/p>\n","protected":false},"author":3,"featured_media":0,"comment_status":"open","ping_status":"open","sticky":false,"template":"","format":"standard","meta":[],"categories":[26,612],"tags":[],"_links":{"self":[{"href":"https:\/\/kultursanatsen.org.tr\/portal\/wp-json\/wp\/v2\/posts\/928"}],"collection":[{"href":"https:\/\/kultursanatsen.org.tr\/portal\/wp-json\/wp\/v2\/posts"}],"about":[{"href":"https:\/\/kultursanatsen.org.tr\/portal\/wp-json\/wp\/v2\/types\/post"}],"author":[{"embeddable":true,"href":"https:\/\/kultursanatsen.org.tr\/portal\/wp-json\/wp\/v2\/users\/3"}],"replies":[{"embeddable":true,"href":"https:\/\/kultursanatsen.org.tr\/portal\/wp-json\/wp\/v2\/comments?post=928"}],"version-history":[{"count":1,"href":"https:\/\/kultursanatsen.org.tr\/portal\/wp-json\/wp\/v2\/posts\/928\/revisions"}],"predecessor-version":[{"id":12494,"href":"https:\/\/kultursanatsen.org.tr\/portal\/wp-json\/wp\/v2\/posts\/928\/revisions\/12494"}],"wp:attachment":[{"href":"https:\/\/kultursanatsen.org.tr\/portal\/wp-json\/wp\/v2\/media?parent=928"}],"wp:term":[{"taxonomy":"category","embeddable":true,"href":"https:\/\/kultursanatsen.org.tr\/portal\/wp-json\/wp\/v2\/categories?post=928"},{"taxonomy":"post_tag","embeddable":true,"href":"https:\/\/kultursanatsen.org.tr\/portal\/wp-json\/wp\/v2\/tags?post=928"}],"curies":[{"name":"wp","href":"https:\/\/api.w.org\/{rel}","templated":true}]}}