{"id":895,"date":"2015-11-06T13:49:48","date_gmt":"2015-11-06T13:49:48","guid":{"rendered":"http:\/\/kultursanatsen.org.tr\/portal\/2015\/11\/06\/gulten-akinni-sonsuzluga-ugurladik\/"},"modified":"2015-11-06T13:49:48","modified_gmt":"2015-11-06T13:49:48","slug":"gulten-akinni-sonsuzluga-ugurladik","status":"publish","type":"post","link":"https:\/\/kultursanatsen.org.tr\/portal\/2015\/11\/06\/gulten-akinni-sonsuzluga-ugurladik\/","title":{"rendered":"G\u00dcLTEN AKIN&#039;NI SONSUZLU\u011eA U\u011eURLADIK"},"content":{"rendered":"\n<p style=\"margin-bottom: 20px; margin-top: 0px; color: #3d3d3d; font-family: 'Open Sans', sans-serif; font-size: 14px; line-height: 22.4px;\"><strong>\u201cAh kimselerin vakti yok \/ durup ince \u015feyleri anlamaya\u201d\u2026<\/strong><\/p>\n<p style=\"margin-bottom: 20px; margin-top: 0px; color: #3d3d3d; font-family: 'Open Sans', sans-serif; font-size: 14px; line-height: 22.4px;\">T\u00fcrk \u015fiirinde ikinci yeni ak\u0131m\u0131n\u0131n tek kad\u0131n \u015fairi, be\u015f \u00e7ocuk annesi ve insan haklar\u0131 savunucusu olan G\u00fclten Ak\u0131n, son s\u00f6zlerini s\u00f6yleyip aram\u0131zdan ayr\u0131ld\u0131.<\/p>\n<p style=\"margin-bottom: 20px; margin-top: 0px; color: #3d3d3d; font-family: 'Open Sans', sans-serif; font-size: 14px; line-height: 22.4px;\">\u015eiirleri pek \u00e7ok dile \u00e7evrilen ve 40\u2019tan fazla \u015fiiri bestelenen G\u00fclten Ak\u0131n, T\u00fcrk Edebiyat\u0131n\u0131n \u00f6nemli isimlerinden biriydi. O sadece \u015fair de\u011fil ayn\u0131 zamanda toplumsal olaylara duyarl\u0131 bir kad\u0131n \u015fairdi\u2026 Halk\u0131n ya\u015fad\u0131klar\u0131na duyarl\u0131yd\u0131.<\/p>\n<p style=\"margin-bottom: 20px; margin-top: 0px; color: #3d3d3d; font-family: 'Open Sans', sans-serif; font-size: 14px; line-height: 22.4px;\">12 Eyl\u00fcl 1980 askeri darbe sonras\u0131 demokratik kitle \u00f6rg\u00fctlerinin yeniden kurulu\u015fu ve \u00e7al\u0131\u015fmalar\u0131na kat\u0131ld\u0131. \u0130nsan Haklar\u0131 Derne\u011fi, Halkevleri, Dil Derne\u011fi gibi \u00f6rg\u00fctlerde kurucu ve y\u00f6netici olarak g\u00f6rev yapt\u0131.<\/p>\n<p style=\"margin-bottom: 20px; margin-top: 0px; color: #3d3d3d; font-family: 'Open Sans', sans-serif; font-size: 14px; line-height: 22.4px;\">Gezip g\u00f6rd\u00fc\u011f\u00fc yerlerden esinle zenginle\u015fen ve co\u015fkulu bir insan sevgisiyle yo\u011frulan \u015fiiri, toplumsal sorunlar\u0131, ya\u015fam-halk ili\u015fkisini \u00f6ne \u00e7\u0131kard\u0131. \u015eiirlerinde b\u00fcy\u00fck \u00f6l\u00e7\u00fcde folklor \u00f6\u011felerinden yararland\u0131.<\/p>\n<p>\u00a0<\/p>\n<p style=\"margin-bottom: 20px; margin-top: 0px; color: #3d3d3d; font-family: 'Open Sans', sans-serif; font-size: 14px; font-style: normal; font-variant: normal; font-weight: normal; letter-spacing: normal; line-height: 22.4px; orphans: auto; text-align: start; text-indent: 0px; text-transform: none; white-space: normal; widows: 1; word-spacing: 0px; -webkit-text-stroke-width: 0px; background-color: #ffffff;\">E\u011fitim Sen olarak ailesine ve t\u00fcm halk\u0131m\u0131za ba\u015f sa\u011fl\u0131\u011f\u0131 diliyoruz\u2026 Seni unutmayaca\u011f\u0131z\u2026<\/p>\n","protected":false},"excerpt":{"rendered":"<p>\u201cAh kimselerin vakti yok \/ durup ince \u015feyleri anlamaya\u201d\u2026 T\u00fcrk \u015fiirinde ikinci yeni ak\u0131m\u0131n\u0131n tek kad\u0131n \u015fairi, be\u015f \u00e7ocuk annesi ve insan haklar\u0131 savunucusu olan G\u00fclten Ak\u0131n, son s\u00f6zlerini s\u00f6yleyip aram\u0131zdan ayr\u0131ld\u0131. \u015eiirleri pek \u00e7ok dile \u00e7evrilen ve 40\u2019tan fazla \u015fiiri bestelenen G\u00fclten Ak\u0131n, T\u00fcrk Edebiyat\u0131n\u0131n \u00f6nemli isimlerinden biriydi. O sadece \u015fair de\u011fil ayn\u0131 zamanda [&hellip;]<\/p>\n","protected":false},"author":3,"featured_media":896,"comment_status":"open","ping_status":"open","sticky":false,"template":"","format":"standard","meta":[],"categories":[1],"tags":[],"_links":{"self":[{"href":"https:\/\/kultursanatsen.org.tr\/portal\/wp-json\/wp\/v2\/posts\/895"}],"collection":[{"href":"https:\/\/kultursanatsen.org.tr\/portal\/wp-json\/wp\/v2\/posts"}],"about":[{"href":"https:\/\/kultursanatsen.org.tr\/portal\/wp-json\/wp\/v2\/types\/post"}],"author":[{"embeddable":true,"href":"https:\/\/kultursanatsen.org.tr\/portal\/wp-json\/wp\/v2\/users\/3"}],"replies":[{"embeddable":true,"href":"https:\/\/kultursanatsen.org.tr\/portal\/wp-json\/wp\/v2\/comments?post=895"}],"version-history":[{"count":0,"href":"https:\/\/kultursanatsen.org.tr\/portal\/wp-json\/wp\/v2\/posts\/895\/revisions"}],"wp:featuredmedia":[{"embeddable":true,"href":"https:\/\/kultursanatsen.org.tr\/portal\/wp-json\/wp\/v2\/media\/896"}],"wp:attachment":[{"href":"https:\/\/kultursanatsen.org.tr\/portal\/wp-json\/wp\/v2\/media?parent=895"}],"wp:term":[{"taxonomy":"category","embeddable":true,"href":"https:\/\/kultursanatsen.org.tr\/portal\/wp-json\/wp\/v2\/categories?post=895"},{"taxonomy":"post_tag","embeddable":true,"href":"https:\/\/kultursanatsen.org.tr\/portal\/wp-json\/wp\/v2\/tags?post=895"}],"curies":[{"name":"wp","href":"https:\/\/api.w.org\/{rel}","templated":true}]}}