{"id":811,"date":"2015-06-22T09:23:00","date_gmt":"2015-06-22T09:23:00","guid":{"rendered":"http:\/\/kultursanatsen.org.tr\/portal\/2015\/06\/22\/15-16-haziran-direnisini-mucadelemizde-yasatiyoruz\/"},"modified":"2015-06-22T09:23:00","modified_gmt":"2015-06-22T09:23:00","slug":"15-16-haziran-direnisini-mucadelemizde-yasatiyoruz","status":"publish","type":"post","link":"https:\/\/kultursanatsen.org.tr\/portal\/2015\/06\/22\/15-16-haziran-direnisini-mucadelemizde-yasatiyoruz\/","title":{"rendered":"15-16 HAZ\u0130RAN D\u0130REN\u0130\u015e\u0130N\u0130  M\u00dcCADELEM\u0130ZDE  YA\u015eATIYORUZ!"},"content":{"rendered":"\n<p class=\"rtejustify\" style=\"padding: 0px; margin: 0px 0px 10px; text-align: justify; font-size: 1.1em; line-height: 1.65em; font-family: 'Lucida Grande', 'Lucida Sans Unicode', helvetica, verdana, arial, sans-serif;\">T\u00fcrkiye i\u015f\u00e7i s\u0131n\u0131f\u0131n\u0131n m\u00fccadele tarihine alt\u0131n harflerle yaz\u0131lan 15-16 Haziran 1970 Direni\u015fini, 45. y\u0131ld\u00f6n\u00fcm\u00fcnde co\u015fkuyla selaml\u0131yoruz.<\/p>\n<p class=\"rtejustify\" style=\"padding: 0px; margin: 0px 0px 10px; text-align: justify; font-size: 1.1em; line-height: 1.65em; font-family: 'Lucida Grande', 'Lucida Sans Unicode', helvetica, verdana, arial, sans-serif;\">\u0130\u015f\u00e7i s\u0131n\u0131f\u0131, sendikalar\u0131n\u0131 \u00f6zg\u00fcrce se\u00e7melerine engel olmay\u0131, toplu s\u00f6zle\u015fme ve grev haklar\u0131n\u0131 k\u0131s\u0131tlamay\u0131, yetki kotas\u0131 ile m\u00fccadeleci sendikalar\u0131n \u00f6n\u00fcn\u00fc kesmeyi hedefleyenlere \u015fanl\u0131 15-16 Haziran direni\u015fi ile cevap vermi\u015ftir.<\/p>\n<p class=\"rtejustify\" style=\"padding: 0px; margin: 0px 0px 10px; text-align: justify; font-size: 1.1em; line-height: 1.65em; font-family: 'Lucida Grande', 'Lucida Sans Unicode', helvetica, verdana, arial, sans-serif;\">Farkl\u0131 konfederasyonlara ba\u011fl\u0131 sendikalar\u0131n \u00fcyeleri olsalar da kazan\u0131mlar\u0131na g\u00f6z dikenlerin kar\u015f\u0131s\u0131nda tek v\u00fccut olan 168 fabrikadan 150 bin i\u015f\u00e7i, T\u00fcrkiye i\u015f\u00e7i s\u0131n\u0131f\u0131n\u0131n \u00f6n\u00fcne \u00e7ekilmeye \u00e7al\u0131\u015f\u0131lan seti a\u015farak unutulmaz bir direni\u015f \u00f6rne\u011fi sergilemi\u015ftir.<\/p>\n<p class=\"rtejustify\" style=\"padding: 0px; margin: 0px 0px 10px; text-align: justify; font-size: 1.1em; line-height: 1.65em; font-family: 'Lucida Grande', 'Lucida Sans Unicode', helvetica, verdana, arial, sans-serif;\">D\u00f6nemin siyasal iktidar\u0131 y\u00fckselen i\u015f\u00e7i hareketi kar\u015f\u0131s\u0131nda \u00e7areyi 15 Haziran ak\u015fam\u0131 60 g\u00fcnl\u00fck s\u0131k\u0131y\u00f6netim ilan etmekte bulmu\u015ftur. Direni\u015fe \u00f6nc\u00fcl\u00fck eden be\u015f bini a\u015fk\u0131n i\u015f\u00e7i i\u015ften at\u0131lm\u0131\u015f, D\u0130SK ve ba\u011fl\u0131 sendikalar\u0131n y\u00f6neticilerinin b\u00fcy\u00fck b\u00f6l\u00fcm\u00fc s\u0131k\u0131y\u00f6netim mahkemelerince yarg\u0131lanarak tutuklanm\u0131\u015ft\u0131r. T\u00fcm bask\u0131lara ra\u011fmen direnen i\u015f\u00e7i s\u0131n\u0131f\u0131n\u0131n kararl\u0131 tutumu sonu\u00e7 vermi\u015f, Anayasa Mahkemesinin 9 \u015eubat 1971 tarihinde ald\u0131\u011f\u0131 kararla sendikal haklar\u0131 yok etmeyi hedefleyen yasa iptal edilmi\u015ftir.<\/p>\n<p class=\"rtejustify\" style=\"padding: 0px; margin: 0px 0px 10px; text-align: justify; font-size: 1.1em; line-height: 1.65em; font-family: 'Lucida Grande', 'Lucida Sans Unicode', helvetica, verdana, arial, sans-serif;\"><strong style=\"padding: 0px; margin: 0px;\">Emek\u00e7ilerin m\u00fccadelesini yasalarla bast\u0131rmaya \u00e7al\u0131\u015fanlar \u00e7oktan tarihin \u00e7\u00f6pl\u00fc\u011f\u00fcnde yerini ald\u0131. Ancak 2 g\u00fcn boyunca Adapazar\u0131\u2019ndan \u0130stanbul\u2019a kadar i\u015fyerlerinde, alanlarda m\u00fccadeleyi omuzlayan y\u00fcz binlerce i\u015f\u00e7i asla unutulmad\u0131, unutulmayacak. \u00c7\u00fcnk\u00fc 15-16 Haziran Direni\u015fi, sendikal m\u00fccadelenin nas\u0131l olmas\u0131 gerekti\u011fi noktas\u0131nda bir mihenk ta\u015f\u0131 oldu\u011fu kadar i\u015f\u00e7i s\u0131n\u0131f\u0131n\u0131n \u00f6z g\u00fcc\u00fcn\u00fc en a\u00e7\u0131k haliyle g\u00f6steren bir direni\u015f olarak haf\u0131zlara kaz\u0131nm\u0131\u015ft\u0131r. Haklar\u0131n meclis kulislerinde, masa ba\u015flar\u0131nda de\u011fil, i\u015fyerlerinde ba\u015flat\u0131lan birle\u015fik fiili ve me\u015fru m\u00fccadele ile korunabilece\u011fini dosta d\u00fc\u015fmana g\u00f6stermi\u015ftir.<\/strong><\/p>\n<p class=\"rtejustify\" style=\"padding: 0px; margin: 0px 0px 10px; text-align: justify; font-size: 1.1em; line-height: 1.65em; font-family: 'Lucida Grande', 'Lucida Sans Unicode', helvetica, verdana, arial, sans-serif;\">Ancak d\u00f6nemin T\u0130SK ba\u015fkan\u0131n\u0131n\u00a0 \u2018g\u00fclme s\u0131ras\u0131 bizde\u2019 s\u00f6zleri ile \u00f6zetleyebilece\u011fimiz 24 Ocak kararlar\u0131n\u0131 hayata ge\u00e7iren 12\u00a0Eyl\u00fcl\u00a0fa\u015fist darbesi sonucunda \u00e7al\u0131\u015fma ya\u015fam\u0131nda yeni bir d\u00f6n\u00fc\u015f\u00fcm ya\u015fam\u0131\u015ft\u0131r. Eme\u011fin aleyhine ya\u015fanan bu d\u00f6n\u00fc\u015f\u00fcm 13 y\u0131ll\u0131k AKP iktidar\u0131 d\u00f6neminde zirve yapm\u0131\u015ft\u0131r. Sendikal \u00f6rg\u00fctl\u00fcl\u00fck ta\u015feronla\u015ft\u0131rma, esnek, g\u00fcvencesiz istihdam bi\u00e7imleri ile zay\u0131flat\u0131lm\u0131\u015f,\u00a0 emek m\u00fccadelesinde Truva at\u0131 rol\u00fc oynama rol\u00fc bi\u00e7ilen yanda\u015f yap\u0131lar siyasal iktidar eli ile hormonlarak b\u00fcy\u00fct\u00fclm\u00fc\u015ft\u00fcr. \u0130\u015f\u00e7i sa\u011fl\u0131\u011f\u0131 ve g\u00fcvenli\u011fi hizmetleri piyasaya a\u00e7\u0131lm\u0131\u015f, kurals\u0131zla\u015ft\u0131rma ve g\u00fcvencesizlik \u00e7al\u0131\u015fma hayat\u0131n\u0131n ba\u011fr\u0131na adeta bir han\u00e7er gibi saplanm\u0131\u015ft\u0131r.\u00a0<\/p>\n<p class=\"rtejustify\" style=\"padding: 0px; margin: 0px 0px 10px; text-align: justify; font-size: 1.1em; line-height: 1.65em; font-family: 'Lucida Grande', 'Lucida Sans Unicode', helvetica, verdana, arial, sans-serif;\"><strong style=\"padding: 0px; margin: 0px;\">T\u00fcm bu karanl\u0131k tabloya ra\u011fmen sendikal haklar\u0131n\u0131n elinde al\u0131nmas\u0131na kar\u015f\u0131 aya\u011fa kalkan i\u015f\u00e7i s\u0131n\u0131f\u0131n\u0131n birle\u015fik m\u00fccadelesinin \u00fcr\u00fcn\u00fc 15-16 Haziran ruhu \u00fczerinde 45 y\u0131l ge\u00e7se de her i\u015f\u00e7i-emek\u00e7i direni\u015finde yeniden filizleniyor. 12 Eyl\u00fcl\u2019le \u00f6nlerine konulan, AKP iktidar\u0131 d\u00f6neminde b\u00fcy\u00fct\u00fclen engellere kar\u015f\u0131 m\u00fccadelesini s\u00fcrd\u00fcren i\u015f\u00e7ilerin,\u00a0 emek\u00e7ilerin yoluna \u0131\u015f\u0131k tutmaya devam ediyor.\u00a0<\/strong><\/p>\n<p class=\"rtejustify\" style=\"padding: 0px; margin: 0px 0px 10px; text-align: justify; font-size: 1.1em; line-height: 1.65em; font-family: 'Lucida Grande', 'Lucida Sans Unicode', helvetica, verdana, arial, sans-serif;\">Bizler de KESK\u2019e ba\u011fl\u0131 sendikalara \u00fcye y\u00fcz binlerce kamu emek\u00e7isi olarak 15-16 Haziran Direni\u015finin 45. y\u0131ld\u00f6n\u00fcm\u00fcnde, daha iyi bir ya\u015fam ve \u00e7al\u0131\u015fma ko\u015fullar\u0131, g\u00fcvenceli ve g\u00fcvenli \u00e7al\u0131\u015fma hayat\u0131 i\u00e7in m\u00fccadelesini kararl\u0131l\u0131kla s\u00fcrd\u00fcr\u00fcyoruz.<\/p>\n<p class=\"rtejustify\" style=\"padding: 0px; margin: 0px 0px 10px; text-align: justify; font-size: 1.1em; line-height: 1.65em; font-family: 'Lucida Grande', 'Lucida Sans Unicode', helvetica, verdana, arial, sans-serif;\"><strong style=\"padding: 0px; margin: 0px;\">Bundan 45 y\u0131l \u00f6nce i\u015f\u00e7iler haklar\u0131n\u0131 i\u015fyerlerinde, sokaklarda, alanlarda birle\u015ftirdikleri direni\u015flerinde nas\u0131l sahiplendilerse, bizler de grevli ve toplu s\u00f6zle\u015fme hakk\u0131m\u0131z ba\u015fta olmak \u00fczere temel haklar\u0131m\u0131za \u00f6yle sahip \u00e7\u0131kaca\u011f\u0131z. Bu inan\u00e7 ve kararl\u0131l\u0131\u011f\u0131m\u0131z, 15-16 Haziran Direni\u015fi\u2019nin mimar\u0131 olan y\u00fcz binlerce i\u015f\u00e7iye g\u00f6sterilecek en b\u00fcy\u00fck sayg\u0131 duru\u015fudur. Onlar\u0131n yi\u011fit, g\u00f6z\u00fc pek ve onurlu m\u00fccadelesini m\u00fccadelemizde ya\u015fataca\u011f\u0131z.<\/strong><\/p>\n<p class=\"rtejustify\" style=\"padding: 0px; margin: 0px 0px 10px; text-align: justify; font-size: 1.1em; line-height: 1.65em; font-family: 'Lucida Grande', 'Lucida Sans Unicode', helvetica, verdana, arial, sans-serif;\"><strong style=\"padding: 0px; margin: 0px;\">\u00a0 \u00a0 \u00a0 \u00a0 \u00a0 \u00a0 \u00a0 \u00a0 \u00a0 \u00a0 \u00a0 \u00a0 \u00a0 \u00a0 \u00a0 \u00a0 \u00a0 \u00a0 \u00a0 \u00a0 \u00a0 \u00a0 \u00a0 \u00a0 \u00a0 \u00a0 \u00a0 \u00a0 \u00a0 \u00a0 \u00a0 \u00a0 \u00a0 \u00a0 \u00a0 \u00a0 \u00a0 \u00a0 \u00a0 \u00a0 \u00a0 \u00a0 \u00a0 \u00a0 \u00a0 \u00a0 \u00a0 \u00a0 \u00a0 \u00a0 \u00a0 \u00a0 \u00a0 \u00a0 \u00a0 \u00a0 \u00a0 \u00a0 \u00a0 \u00a0 \u00a0 \u00a0 \u00a0 \u00a0 \u00a0 \u00a0 \u00a0 \u00a0 \u00a0 \u00a0 \u00a0 \u00a0 \u00a0 \u00a0 \u00a0 \u00a0 \u00a0Y\u00fcr\u00fctme Kurulu<\/strong><\/p>\n","protected":false},"excerpt":{"rendered":"<p>T\u00fcrkiye i\u015f\u00e7i s\u0131n\u0131f\u0131n\u0131n m\u00fccadele tarihine alt\u0131n harflerle yaz\u0131lan 15-16 Haziran 1970 Direni\u015fini, 45. y\u0131ld\u00f6n\u00fcm\u00fcnde co\u015fkuyla selaml\u0131yoruz. \u0130\u015f\u00e7i s\u0131n\u0131f\u0131, sendikalar\u0131n\u0131 \u00f6zg\u00fcrce se\u00e7melerine engel olmay\u0131, toplu s\u00f6zle\u015fme ve grev haklar\u0131n\u0131 k\u0131s\u0131tlamay\u0131, yetki kotas\u0131 ile m\u00fccadeleci sendikalar\u0131n \u00f6n\u00fcn\u00fc kesmeyi hedefleyenlere \u015fanl\u0131 15-16 Haziran direni\u015fi ile cevap vermi\u015ftir. Farkl\u0131 konfederasyonlara ba\u011fl\u0131 sendikalar\u0131n \u00fcyeleri olsalar da kazan\u0131mlar\u0131na g\u00f6z dikenlerin kar\u015f\u0131s\u0131nda [&hellip;]<\/p>\n","protected":false},"author":3,"featured_media":812,"comment_status":"open","ping_status":"open","sticky":false,"template":"","format":"standard","meta":[],"categories":[1],"tags":[],"_links":{"self":[{"href":"https:\/\/kultursanatsen.org.tr\/portal\/wp-json\/wp\/v2\/posts\/811"}],"collection":[{"href":"https:\/\/kultursanatsen.org.tr\/portal\/wp-json\/wp\/v2\/posts"}],"about":[{"href":"https:\/\/kultursanatsen.org.tr\/portal\/wp-json\/wp\/v2\/types\/post"}],"author":[{"embeddable":true,"href":"https:\/\/kultursanatsen.org.tr\/portal\/wp-json\/wp\/v2\/users\/3"}],"replies":[{"embeddable":true,"href":"https:\/\/kultursanatsen.org.tr\/portal\/wp-json\/wp\/v2\/comments?post=811"}],"version-history":[{"count":0,"href":"https:\/\/kultursanatsen.org.tr\/portal\/wp-json\/wp\/v2\/posts\/811\/revisions"}],"wp:featuredmedia":[{"embeddable":true,"href":"https:\/\/kultursanatsen.org.tr\/portal\/wp-json\/wp\/v2\/media\/812"}],"wp:attachment":[{"href":"https:\/\/kultursanatsen.org.tr\/portal\/wp-json\/wp\/v2\/media?parent=811"}],"wp:term":[{"taxonomy":"category","embeddable":true,"href":"https:\/\/kultursanatsen.org.tr\/portal\/wp-json\/wp\/v2\/categories?post=811"},{"taxonomy":"post_tag","embeddable":true,"href":"https:\/\/kultursanatsen.org.tr\/portal\/wp-json\/wp\/v2\/tags?post=811"}],"curies":[{"name":"wp","href":"https:\/\/api.w.org\/{rel}","templated":true}]}}