{"id":810,"date":"2015-06-08T09:03:57","date_gmt":"2015-06-08T09:03:57","guid":{"rendered":"http:\/\/kultursanatsen.org.tr\/portal\/2015\/06\/08\/aci-kaybimiz-50-29\/"},"modified":"2020-11-15T22:46:38","modified_gmt":"2020-11-15T22:46:38","slug":"aci-kaybimiz-50-29","status":"publish","type":"post","link":"https:\/\/kultursanatsen.org.tr\/portal\/2015\/06\/08\/aci-kaybimiz-50-29\/","title":{"rendered":"ACI KAYBIMIZ&#8230;"},"content":{"rendered":"\n<p>Diyarbak\u0131r Ergani \u0130l\u00e7e Halk K\u00fct\u00fcphanesinde K\u00fct\u00fcphane M\u00fcd\u00fcr\u00fc olan \u00fcyemiz Abdulbari TANRIVERD\u0130&#8217;nin o\u011flu vefat etmi\u015ftir. Arkada\u015f\u0131m\u0131z\u0131n ac\u0131s\u0131n\u0131 payla\u015f\u0131yor, ailesi ve yak\u0131nlar\u0131na ba\u015fsa\u011fl\u0131\u011f\u0131 diliyoruz. K\u00dcLT\u00dcR SANAT-SEN GENEL MERKEZ\u0130<\/p>\n","protected":false},"excerpt":{"rendered":"<p>Diyarbak\u0131r Ergani \u0130l\u00e7e Halk K\u00fct\u00fcphanesinde K\u00fct\u00fcphane M\u00fcd\u00fcr\u00fc olan \u00fcyemiz Abdulbari TANRIVERD\u0130&#8217;nin o\u011flu vefat etmi\u015ftir. Arkada\u015f\u0131m\u0131z\u0131n ac\u0131s\u0131n\u0131 payla\u015f\u0131yor, ailesi ve yak\u0131nlar\u0131na ba\u015fsa\u011fl\u0131\u011f\u0131 diliyoruz. K\u00dcLT\u00dcR SANAT-SEN GENEL MERKEZ\u0130<\/p>\n","protected":false},"author":2,"featured_media":0,"comment_status":"open","ping_status":"open","sticky":false,"template":"","format":"standard","meta":[],"categories":[26,612],"tags":[],"_links":{"self":[{"href":"https:\/\/kultursanatsen.org.tr\/portal\/wp-json\/wp\/v2\/posts\/810"}],"collection":[{"href":"https:\/\/kultursanatsen.org.tr\/portal\/wp-json\/wp\/v2\/posts"}],"about":[{"href":"https:\/\/kultursanatsen.org.tr\/portal\/wp-json\/wp\/v2\/types\/post"}],"author":[{"embeddable":true,"href":"https:\/\/kultursanatsen.org.tr\/portal\/wp-json\/wp\/v2\/users\/2"}],"replies":[{"embeddable":true,"href":"https:\/\/kultursanatsen.org.tr\/portal\/wp-json\/wp\/v2\/comments?post=810"}],"version-history":[{"count":1,"href":"https:\/\/kultursanatsen.org.tr\/portal\/wp-json\/wp\/v2\/posts\/810\/revisions"}],"predecessor-version":[{"id":12510,"href":"https:\/\/kultursanatsen.org.tr\/portal\/wp-json\/wp\/v2\/posts\/810\/revisions\/12510"}],"wp:attachment":[{"href":"https:\/\/kultursanatsen.org.tr\/portal\/wp-json\/wp\/v2\/media?parent=810"}],"wp:term":[{"taxonomy":"category","embeddable":true,"href":"https:\/\/kultursanatsen.org.tr\/portal\/wp-json\/wp\/v2\/categories?post=810"},{"taxonomy":"post_tag","embeddable":true,"href":"https:\/\/kultursanatsen.org.tr\/portal\/wp-json\/wp\/v2\/tags?post=810"}],"curies":[{"name":"wp","href":"https:\/\/api.w.org\/{rel}","templated":true}]}}