{"id":790,"date":"2015-05-08T09:04:14","date_gmt":"2015-05-08T09:04:14","guid":{"rendered":"http:\/\/kultursanatsen.org.tr\/portal\/2015\/05\/08\/zeki-alasya-vefat-etti\/"},"modified":"2015-05-08T09:04:14","modified_gmt":"2015-05-08T09:04:14","slug":"zeki-alasya-vefat-etti","status":"publish","type":"post","link":"https:\/\/kultursanatsen.org.tr\/portal\/2015\/05\/08\/zeki-alasya-vefat-etti\/","title":{"rendered":"ZEK\u0130 ALASYA VEFAT ETT\u0130"},"content":{"rendered":"\n<div style=\"margin: 0px; padding: 0px; text-shadow: none; -webkit-transition: all 0.3s linear; transition: all 0.3s linear; color: #444444; font-family: pt_sansregular, Arial, Helvetica; font-size: 12px; line-height: normal;\">\n<address class=\"dtlSpot selectionShareable\" style=\"margin: 0px 0px 24px; padding: 0px; text-shadow: none; font-size: 16px; line-height: 24px; clear: both; font-family: pt_sansbold_italic !important;\">\u00a0<\/address>\n<\/div>\n<div class=\"caption\" style=\"margin: 0px; padding: 0px; text-shadow: none; -webkit-transition: all 0.3s linear; transition: all 0.3s linear; color: #444444; font-family: pt_sansregular, Arial, Helvetica; font-size: 12px; line-height: normal;\">\n<address class=\"selectionShareable\" style=\"margin: 0px 0px 24px; padding: 0px; text-shadow: none; font-size: 16px; line-height: 24px; clear: both;\">Karaci\u011fer hastal\u0131\u011f\u0131 sebebiyle 22 Nisan&#8217;dan beri tedavi g\u00f6ren \u00fcnl\u00fc sanat\u00e7\u0131 Zeki Alasya bug\u00fcn saat 10:32&#8217;da hastanede vefat etti.<span>Hastaneden yap\u0131lan a\u00e7\u0131klamada, &#8220;Karaci\u011fer hastal\u0131\u011f\u0131 sebebiyle 22 Nisan 2015 tarihinden beri\u00a0 tedavisi devam etmekte olan Zeki Alasya bug\u00fcn saat 10:32&#8217;de vefat etmi\u015ftir&#8221; denildi.<\/span><\/address>\n<address class=\"selectionShareable\" style=\"margin: 0px 0px 24px; padding: 0px; text-shadow: none; font-size: 16px; line-height: 24px; clear: both;\"><span>k\u00fclt\u00fcr sanat hayat\u0131m\u0131z\u0131n ba\u015f\u0131 sa\u011f olsun.<\/span><\/address>\n<\/div>\n","protected":false},"excerpt":{"rendered":"<p>\u00a0 Karaci\u011fer hastal\u0131\u011f\u0131 sebebiyle 22 Nisan&#8217;dan beri tedavi g\u00f6ren \u00fcnl\u00fc sanat\u00e7\u0131 Zeki Alasya bug\u00fcn saat 10:32&#8217;da hastanede vefat etti.Hastaneden yap\u0131lan a\u00e7\u0131klamada, &#8220;Karaci\u011fer hastal\u0131\u011f\u0131 sebebiyle 22 Nisan 2015 tarihinden beri\u00a0 tedavisi devam etmekte olan Zeki Alasya bug\u00fcn saat 10:32&#8217;de vefat etmi\u015ftir&#8221; denildi. k\u00fclt\u00fcr sanat hayat\u0131m\u0131z\u0131n ba\u015f\u0131 sa\u011f olsun.<\/p>\n","protected":false},"author":2,"featured_media":791,"comment_status":"open","ping_status":"open","sticky":false,"template":"","format":"standard","meta":[],"categories":[1],"tags":[],"_links":{"self":[{"href":"https:\/\/kultursanatsen.org.tr\/portal\/wp-json\/wp\/v2\/posts\/790"}],"collection":[{"href":"https:\/\/kultursanatsen.org.tr\/portal\/wp-json\/wp\/v2\/posts"}],"about":[{"href":"https:\/\/kultursanatsen.org.tr\/portal\/wp-json\/wp\/v2\/types\/post"}],"author":[{"embeddable":true,"href":"https:\/\/kultursanatsen.org.tr\/portal\/wp-json\/wp\/v2\/users\/2"}],"replies":[{"embeddable":true,"href":"https:\/\/kultursanatsen.org.tr\/portal\/wp-json\/wp\/v2\/comments?post=790"}],"version-history":[{"count":0,"href":"https:\/\/kultursanatsen.org.tr\/portal\/wp-json\/wp\/v2\/posts\/790\/revisions"}],"wp:featuredmedia":[{"embeddable":true,"href":"https:\/\/kultursanatsen.org.tr\/portal\/wp-json\/wp\/v2\/media\/791"}],"wp:attachment":[{"href":"https:\/\/kultursanatsen.org.tr\/portal\/wp-json\/wp\/v2\/media?parent=790"}],"wp:term":[{"taxonomy":"category","embeddable":true,"href":"https:\/\/kultursanatsen.org.tr\/portal\/wp-json\/wp\/v2\/categories?post=790"},{"taxonomy":"post_tag","embeddable":true,"href":"https:\/\/kultursanatsen.org.tr\/portal\/wp-json\/wp\/v2\/tags?post=790"}],"curies":[{"name":"wp","href":"https:\/\/api.w.org\/{rel}","templated":true}]}}