{"id":654,"date":"2014-11-30T08:54:00","date_gmt":"2014-11-30T08:54:00","guid":{"rendered":"http:\/\/kultursanatsen.org.tr\/portal\/2014\/11\/30\/is-guvencemizin-elimizden-alinmasina-izin-vermecegiz\/"},"modified":"2014-11-30T08:54:00","modified_gmt":"2014-11-30T08:54:00","slug":"is-guvencemizin-elimizden-alinmasina-izin-vermecegiz","status":"publish","type":"post","link":"https:\/\/kultursanatsen.org.tr\/portal\/2014\/11\/30\/is-guvencemizin-elimizden-alinmasina-izin-vermecegiz\/","title":{"rendered":"\u0130\u015e G\u00dcVENCEM\u0130Z\u0130N EL\u0130M\u0130ZDEN ALINMASINA \u0130Z\u0130N VERMECE\u011e\u0130Z"},"content":{"rendered":"","protected":false},"excerpt":{"rendered":"","protected":false},"author":1,"featured_media":655,"comment_status":"open","ping_status":"open","sticky":false,"template":"","format":"standard","meta":[],"categories":[380],"tags":[],"_links":{"self":[{"href":"https:\/\/kultursanatsen.org.tr\/portal\/wp-json\/wp\/v2\/posts\/654"}],"collection":[{"href":"https:\/\/kultursanatsen.org.tr\/portal\/wp-json\/wp\/v2\/posts"}],"about":[{"href":"https:\/\/kultursanatsen.org.tr\/portal\/wp-json\/wp\/v2\/types\/post"}],"author":[{"embeddable":true,"href":"https:\/\/kultursanatsen.org.tr\/portal\/wp-json\/wp\/v2\/users\/1"}],"replies":[{"embeddable":true,"href":"https:\/\/kultursanatsen.org.tr\/portal\/wp-json\/wp\/v2\/comments?post=654"}],"version-history":[{"count":0,"href":"https:\/\/kultursanatsen.org.tr\/portal\/wp-json\/wp\/v2\/posts\/654\/revisions"}],"wp:featuredmedia":[{"embeddable":true,"href":"https:\/\/kultursanatsen.org.tr\/portal\/wp-json\/wp\/v2\/media\/655"}],"wp:attachment":[{"href":"https:\/\/kultursanatsen.org.tr\/portal\/wp-json\/wp\/v2\/media?parent=654"}],"wp:term":[{"taxonomy":"category","embeddable":true,"href":"https:\/\/kultursanatsen.org.tr\/portal\/wp-json\/wp\/v2\/categories?post=654"},{"taxonomy":"post_tag","embeddable":true,"href":"https:\/\/kultursanatsen.org.tr\/portal\/wp-json\/wp\/v2\/tags?post=654"}],"curies":[{"name":"wp","href":"https:\/\/api.w.org\/{rel}","templated":true}]}}