{"id":637,"date":"2014-11-12T10:26:05","date_gmt":"2014-11-12T10:26:05","guid":{"rendered":"http:\/\/kultursanatsen.org.tr\/portal\/2014\/11\/12\/is-sagligi-ve-guvenligi-konulu-kahvaltili-soylesi\/"},"modified":"2020-11-24T08:19:01","modified_gmt":"2020-11-24T08:19:01","slug":"is-sagligi-ve-guvenligi-konulu-kahvaltili-soylesi","status":"publish","type":"post","link":"https:\/\/kultursanatsen.org.tr\/portal\/2014\/11\/12\/is-sagligi-ve-guvenligi-konulu-kahvaltili-soylesi\/","title":{"rendered":"\u0130\u015e SA\u011eLI\u011eI ve G\u00dcVENL\u0130\u011e\u0130 KONULU KAHVALTILI S\u00d6YLE\u015e\u0130"},"content":{"rendered":"\n<p>Etkinli\u011fimize t\u00fcm teknik \u00e7al\u0131\u015fanlar kat\u0131labilirler.Kat\u0131lmak isteyenlerin 15 Kas\u0131m Cumartesi g\u00fcn\u00fcne kadar temsilcilerimize isim bildirmeleri gerekmektedir.Kat\u0131l\u0131mc\u0131lara 6331 say\u0131l\u0131 yasan\u0131n mevzuat\u0131 \u00e7er\u00e7evesinde e\u011fitim verilecektir.E\u011fitim sonras\u0131 yap\u0131lacak bir s\u0131nav ile kat\u0131l\u0131mc\u0131lara sertifika verilecektir.<\/p>\n","protected":false},"excerpt":{"rendered":"<p>Etkinli\u011fimize t\u00fcm teknik \u00e7al\u0131\u015fanlar kat\u0131labilirler.Kat\u0131lmak isteyenlerin 15 Kas\u0131m Cumartesi g\u00fcn\u00fcne kadar temsilcilerimize isim bildirmeleri gerekmektedir.Kat\u0131l\u0131mc\u0131lara 6331 say\u0131l\u0131 yasan\u0131n mevzuat\u0131 \u00e7er\u00e7evesinde e\u011fitim verilecektir.E\u011fitim sonras\u0131 yap\u0131lacak bir s\u0131nav ile kat\u0131l\u0131mc\u0131lara sertifika verilecektir.<\/p>\n","protected":false},"author":2,"featured_media":638,"comment_status":"open","ping_status":"open","sticky":false,"template":"","format":"standard","meta":[],"categories":[614,348],"tags":[],"_links":{"self":[{"href":"https:\/\/kultursanatsen.org.tr\/portal\/wp-json\/wp\/v2\/posts\/637"}],"collection":[{"href":"https:\/\/kultursanatsen.org.tr\/portal\/wp-json\/wp\/v2\/posts"}],"about":[{"href":"https:\/\/kultursanatsen.org.tr\/portal\/wp-json\/wp\/v2\/types\/post"}],"author":[{"embeddable":true,"href":"https:\/\/kultursanatsen.org.tr\/portal\/wp-json\/wp\/v2\/users\/2"}],"replies":[{"embeddable":true,"href":"https:\/\/kultursanatsen.org.tr\/portal\/wp-json\/wp\/v2\/comments?post=637"}],"version-history":[{"count":1,"href":"https:\/\/kultursanatsen.org.tr\/portal\/wp-json\/wp\/v2\/posts\/637\/revisions"}],"predecessor-version":[{"id":12664,"href":"https:\/\/kultursanatsen.org.tr\/portal\/wp-json\/wp\/v2\/posts\/637\/revisions\/12664"}],"wp:featuredmedia":[{"embeddable":true,"href":"https:\/\/kultursanatsen.org.tr\/portal\/wp-json\/wp\/v2\/media\/638"}],"wp:attachment":[{"href":"https:\/\/kultursanatsen.org.tr\/portal\/wp-json\/wp\/v2\/media?parent=637"}],"wp:term":[{"taxonomy":"category","embeddable":true,"href":"https:\/\/kultursanatsen.org.tr\/portal\/wp-json\/wp\/v2\/categories?post=637"},{"taxonomy":"post_tag","embeddable":true,"href":"https:\/\/kultursanatsen.org.tr\/portal\/wp-json\/wp\/v2\/tags?post=637"}],"curies":[{"name":"wp","href":"https:\/\/api.w.org\/{rel}","templated":true}]}}