{"id":611,"date":"2014-09-19T11:02:33","date_gmt":"2014-09-19T11:02:33","guid":{"rendered":"http:\/\/kultursanatsen.org.tr\/portal\/2014\/09\/19\/kadina-yonelik-siddete-son\/"},"modified":"2014-09-19T11:02:33","modified_gmt":"2014-09-19T11:02:33","slug":"kadina-yonelik-siddete-son","status":"publish","type":"post","link":"https:\/\/kultursanatsen.org.tr\/portal\/2014\/09\/19\/kadina-yonelik-siddete-son\/","title":{"rendered":"KADINA Y\u00d6NEL\u0130K \u015e\u0130DDETE SON&#8230;"},"content":{"rendered":"\n<p>Kad\u0131na Y\u00f6nelik \u015fiddeti di\u011fer \u015fiddet t\u00fcrlerinden ay\u0131ran \u00f6nemli \u00f6zellik sistematik olmas\u0131ndan gelmektedir. Kad\u0131n \u015fiddete her an ve her yerde maruz kalabilmektedir. Kad\u0131na y\u00f6nelik \u015fiddetin temelinde ataerkil sistem ve cinsiyet ayr\u0131mc\u0131 politikalar bulunmaktad\u0131r.<br \/>Ailenin korunmas\u0131 yasas\u0131 kad\u0131na y\u00f6nelik i\u015flenen su\u00e7lar\u0131n \u00f6n\u00fcne ge\u00e7emez. Kad\u0131n ve Sosyal Politikalar Bakanl\u0131\u011f\u0131n\u0131n ad\u0131n\u0131n Aile ve Sosyal Politikalar Bakanl\u0131\u011f\u0131 olarak de\u011fi\u015ftirilmesi politik bir tercihtir. Bu tercihler cinsiyet ayr\u0131mc\u0131 politikalar\u0131n tezah\u00fcr\u00fcd\u00fcr. Kad\u0131na y\u00f6nelik \u015fiddeti aile i\u00e7ine hapsetmek, genelle\u015ftirmek, durumun \u00f6z\u00fcn\u00fc de\u011fi\u015ftirdi\u011fi gibi \u00f6nleyicide olamamaktad\u0131r.<br \/>Her ge\u00e7en g\u00fcn bu yasalar\u0131n \u00f6nleyici olmad\u0131\u011f\u0131n\u0131 maalesef bedeller \u00f6deyerek \u00f6\u011freniyoruz. Son olarak TRT Sanat\u00e7\u0131s\u0131 Hatice Ka\u00e7maz hayattan kopart\u0131ld\u0131. <br \/>\u0130nsan\u0131n en de\u011ferli hakk\u0131 olan ya\u015fam hakk\u0131na kast edilmesinin adeta \u00f6zendirildi\u011fi, katillerin TV Programlar\u0131na konuk edildi\u011fi, cayd\u0131r\u0131c\u0131 cezalar\u0131n verilmedi\u011fi, kamusal alanda kad\u0131n emek\u00e7ilerine uygulanan mobbing ile her t\u00fcrl\u00fc \u015fiddet uygulamas\u0131n\u0131n gelmi\u015f oldu\u011fu nokta maalesef ki can\u0131m\u0131za kast eden yerdedir.<br \/> Ya\u015fanan bu olay\u0131 k\u0131n\u0131yor, sorumlular\u0131n\u0131n en a\u011f\u0131z cezalara \u00e7arpt\u0131r\u0131lmas\u0131n\u0131 talep ediyoruz.<\/p>\n","protected":false},"excerpt":{"rendered":"<p>Kad\u0131na Y\u00f6nelik \u015fiddeti di\u011fer \u015fiddet t\u00fcrlerinden ay\u0131ran \u00f6nemli \u00f6zellik sistematik olmas\u0131ndan gelmektedir. Kad\u0131n \u015fiddete her an ve her yerde maruz kalabilmektedir. Kad\u0131na y\u00f6nelik \u015fiddetin temelinde ataerkil sistem ve cinsiyet ayr\u0131mc\u0131 politikalar bulunmaktad\u0131r.Ailenin korunmas\u0131 yasas\u0131 kad\u0131na y\u00f6nelik i\u015flenen su\u00e7lar\u0131n \u00f6n\u00fcne ge\u00e7emez. Kad\u0131n ve Sosyal Politikalar Bakanl\u0131\u011f\u0131n\u0131n ad\u0131n\u0131n Aile ve Sosyal Politikalar Bakanl\u0131\u011f\u0131 olarak de\u011fi\u015ftirilmesi politik bir [&hellip;]<\/p>\n","protected":false},"author":2,"featured_media":0,"comment_status":"open","ping_status":"open","sticky":false,"template":"","format":"standard","meta":[],"categories":[33],"tags":[],"_links":{"self":[{"href":"https:\/\/kultursanatsen.org.tr\/portal\/wp-json\/wp\/v2\/posts\/611"}],"collection":[{"href":"https:\/\/kultursanatsen.org.tr\/portal\/wp-json\/wp\/v2\/posts"}],"about":[{"href":"https:\/\/kultursanatsen.org.tr\/portal\/wp-json\/wp\/v2\/types\/post"}],"author":[{"embeddable":true,"href":"https:\/\/kultursanatsen.org.tr\/portal\/wp-json\/wp\/v2\/users\/2"}],"replies":[{"embeddable":true,"href":"https:\/\/kultursanatsen.org.tr\/portal\/wp-json\/wp\/v2\/comments?post=611"}],"version-history":[{"count":0,"href":"https:\/\/kultursanatsen.org.tr\/portal\/wp-json\/wp\/v2\/posts\/611\/revisions"}],"wp:attachment":[{"href":"https:\/\/kultursanatsen.org.tr\/portal\/wp-json\/wp\/v2\/media?parent=611"}],"wp:term":[{"taxonomy":"category","embeddable":true,"href":"https:\/\/kultursanatsen.org.tr\/portal\/wp-json\/wp\/v2\/categories?post=611"},{"taxonomy":"post_tag","embeddable":true,"href":"https:\/\/kultursanatsen.org.tr\/portal\/wp-json\/wp\/v2\/tags?post=611"}],"curies":[{"name":"wp","href":"https:\/\/api.w.org\/{rel}","templated":true}]}}