{"id":603,"date":"2014-09-04T08:18:14","date_gmt":"2014-09-04T08:18:14","guid":{"rendered":"http:\/\/kultursanatsen.org.tr\/portal\/2014\/09\/04\/aci-kaybimiz-50-16\/"},"modified":"2020-11-15T22:46:39","modified_gmt":"2020-11-15T22:46:39","slug":"aci-kaybimiz-50-16","status":"publish","type":"post","link":"https:\/\/kultursanatsen.org.tr\/portal\/2014\/09\/04\/aci-kaybimiz-50-16\/","title":{"rendered":"ACI KAYBIMIZ&#8230;"},"content":{"rendered":"\n<p>\u0130stanbul \u015eubemiz Disiplin Kurulu \u00fcyesi Muhittin ARICI&#8217;n\u0131n karde\u015fi vefat etmi\u015ftir. &nbsp;Cenazesi bug\u00fcn \u015eile&nbsp;Darl\u0131k K\u00f6y\u00fcnden \u00d6\u011flen Namaz\u0131na m\u00fcteakip defnedilecektir.&nbsp;Ailesine , sevenlerineve yak\u0131nlar\u0131na ba\u015fsa\u011fl\u0131\u011f\u0131 dileriz.&nbsp;<\/p>\n","protected":false},"excerpt":{"rendered":"<p>\u0130stanbul \u015eubemiz Disiplin Kurulu \u00fcyesi Muhittin ARICI&#8217;n\u0131n karde\u015fi vefat etmi\u015ftir. &nbsp;Cenazesi bug\u00fcn \u015eile&nbsp;Darl\u0131k K\u00f6y\u00fcnden \u00d6\u011flen Namaz\u0131na m\u00fcteakip defnedilecektir.&nbsp;Ailesine , sevenlerineve yak\u0131nlar\u0131na ba\u015fsa\u011fl\u0131\u011f\u0131 dileriz.&nbsp;<\/p>\n","protected":false},"author":2,"featured_media":0,"comment_status":"open","ping_status":"open","sticky":false,"template":"","format":"standard","meta":[],"categories":[26,612],"tags":[],"_links":{"self":[{"href":"https:\/\/kultursanatsen.org.tr\/portal\/wp-json\/wp\/v2\/posts\/603"}],"collection":[{"href":"https:\/\/kultursanatsen.org.tr\/portal\/wp-json\/wp\/v2\/posts"}],"about":[{"href":"https:\/\/kultursanatsen.org.tr\/portal\/wp-json\/wp\/v2\/types\/post"}],"author":[{"embeddable":true,"href":"https:\/\/kultursanatsen.org.tr\/portal\/wp-json\/wp\/v2\/users\/2"}],"replies":[{"embeddable":true,"href":"https:\/\/kultursanatsen.org.tr\/portal\/wp-json\/wp\/v2\/comments?post=603"}],"version-history":[{"count":1,"href":"https:\/\/kultursanatsen.org.tr\/portal\/wp-json\/wp\/v2\/posts\/603\/revisions"}],"predecessor-version":[{"id":12523,"href":"https:\/\/kultursanatsen.org.tr\/portal\/wp-json\/wp\/v2\/posts\/603\/revisions\/12523"}],"wp:attachment":[{"href":"https:\/\/kultursanatsen.org.tr\/portal\/wp-json\/wp\/v2\/media?parent=603"}],"wp:term":[{"taxonomy":"category","embeddable":true,"href":"https:\/\/kultursanatsen.org.tr\/portal\/wp-json\/wp\/v2\/categories?post=603"},{"taxonomy":"post_tag","embeddable":true,"href":"https:\/\/kultursanatsen.org.tr\/portal\/wp-json\/wp\/v2\/tags?post=603"}],"curies":[{"name":"wp","href":"https:\/\/api.w.org\/{rel}","templated":true}]}}