{"id":580,"date":"2014-05-23T13:55:33","date_gmt":"2014-05-23T13:55:33","guid":{"rendered":"http:\/\/kultursanatsen.org.tr\/portal\/2014\/05\/23\/duyuru\/"},"modified":"2014-05-23T13:55:33","modified_gmt":"2014-05-23T13:55:33","slug":"duyuru","status":"publish","type":"post","link":"https:\/\/kultursanatsen.org.tr\/portal\/2014\/05\/23\/duyuru\/","title":{"rendered":"23.12.2006 TAR\u0130H\u0130NDE YAPILAN G\u00d6REVDE Y\u00dcKSELME SINAVI SORU \u0130PTAL\u0130&#8230;"},"content":{"rendered":"\n<p>23.12.2006 tarihinde yap\u0131lan K\u00fclt\u00fcr Turizm Bakanl\u0131\u011f\u0131 Merkez Ta\u015fra te\u015fkilat\u0131 Personelinin G\u00f6revde Y\u00fckselme \u2018\u2019\u015eeflik ve K\u00fct\u00fcphane M\u00fcd\u00fcrl\u00fc\u011f\u00fc\u2019\u2019 s\u0131nav\u0131 sorular\u0131 ile ilgili davalarda 4\u2019er soru iptal edilmi\u015ftir.<\/p>\n<p>An\u0131lan s\u0131navlarla ilgili ma\u011fduriyet ya\u015fayan emek\u00e7ilerimizin s\u0131nav ka\u011f\u0131tlar\u0131n\u0131n yeniden incelenmesi ve atanmalar\u0131na ili\u015fkin olarak genel merkezimize ivedilikle ba\u015fvurmalar\u0131 gerekmektedir. DUYURULUR<\/p>\n","protected":false},"excerpt":{"rendered":"<p>23.12.2006 tarihinde yap\u0131lan K\u00fclt\u00fcr Turizm Bakanl\u0131\u011f\u0131 Merkez Ta\u015fra te\u015fkilat\u0131 Personelinin G\u00f6revde Y\u00fckselme \u2018\u2019\u015eeflik ve K\u00fct\u00fcphane M\u00fcd\u00fcrl\u00fc\u011f\u00fc\u2019\u2019 s\u0131nav\u0131 sorular\u0131 ile ilgili davalarda 4\u2019er soru iptal edilmi\u015ftir. An\u0131lan s\u0131navlarla ilgili ma\u011fduriyet ya\u015fayan emek\u00e7ilerimizin s\u0131nav ka\u011f\u0131tlar\u0131n\u0131n yeniden incelenmesi ve atanmalar\u0131na ili\u015fkin olarak genel merkezimize ivedilikle ba\u015fvurmalar\u0131 gerekmektedir. DUYURULUR<\/p>\n","protected":false},"author":2,"featured_media":0,"comment_status":"open","ping_status":"open","sticky":false,"template":"","format":"standard","meta":[],"categories":[1],"tags":[],"_links":{"self":[{"href":"https:\/\/kultursanatsen.org.tr\/portal\/wp-json\/wp\/v2\/posts\/580"}],"collection":[{"href":"https:\/\/kultursanatsen.org.tr\/portal\/wp-json\/wp\/v2\/posts"}],"about":[{"href":"https:\/\/kultursanatsen.org.tr\/portal\/wp-json\/wp\/v2\/types\/post"}],"author":[{"embeddable":true,"href":"https:\/\/kultursanatsen.org.tr\/portal\/wp-json\/wp\/v2\/users\/2"}],"replies":[{"embeddable":true,"href":"https:\/\/kultursanatsen.org.tr\/portal\/wp-json\/wp\/v2\/comments?post=580"}],"version-history":[{"count":0,"href":"https:\/\/kultursanatsen.org.tr\/portal\/wp-json\/wp\/v2\/posts\/580\/revisions"}],"wp:attachment":[{"href":"https:\/\/kultursanatsen.org.tr\/portal\/wp-json\/wp\/v2\/media?parent=580"}],"wp:term":[{"taxonomy":"category","embeddable":true,"href":"https:\/\/kultursanatsen.org.tr\/portal\/wp-json\/wp\/v2\/categories?post=580"},{"taxonomy":"post_tag","embeddable":true,"href":"https:\/\/kultursanatsen.org.tr\/portal\/wp-json\/wp\/v2\/tags?post=580"}],"curies":[{"name":"wp","href":"https:\/\/api.w.org\/{rel}","templated":true}]}}