{"id":579,"date":"2014-05-21T13:56:09","date_gmt":"2014-05-21T13:56:09","guid":{"rendered":"http:\/\/kultursanatsen.org.tr\/portal\/2014\/05\/21\/aci-kaybimiz-50-7\/"},"modified":"2020-11-15T22:46:39","modified_gmt":"2020-11-15T22:46:39","slug":"aci-kaybimiz-50-7","status":"publish","type":"post","link":"https:\/\/kultursanatsen.org.tr\/portal\/2014\/05\/21\/aci-kaybimiz-50-7\/","title":{"rendered":"ACI KAYBIMIZ&#8230;"},"content":{"rendered":"\n<p>Trabzon Devlet Tiyatrosu M\u00fcd\u00fcrl\u00fc\u011f\u00fc&#8217;nde sanat\u00e7\u0131 \u00fcyemiz Ceyhun GEN&#8217;in babas\u0131 vefat etmi\u015ftir. Cenazesi yar\u0131n \u00f6\u011fle namaz\u0131 ile Trabzonda defnedilecektir. &nbsp;Ailesine , sevenlerine ve yak\u0131nlar\u0131na ba\u015fsa\u011fl\u0131\u011f\u0131 dileriz. &nbsp;<\/p>\n","protected":false},"excerpt":{"rendered":"<p>Trabzon Devlet Tiyatrosu M\u00fcd\u00fcrl\u00fc\u011f\u00fc&#8217;nde sanat\u00e7\u0131 \u00fcyemiz Ceyhun GEN&#8217;in babas\u0131 vefat etmi\u015ftir. Cenazesi yar\u0131n \u00f6\u011fle namaz\u0131 ile Trabzonda defnedilecektir. &nbsp;Ailesine , sevenlerine ve yak\u0131nlar\u0131na ba\u015fsa\u011fl\u0131\u011f\u0131 dileriz. &nbsp;<\/p>\n","protected":false},"author":2,"featured_media":0,"comment_status":"open","ping_status":"open","sticky":false,"template":"","format":"standard","meta":[],"categories":[26,612],"tags":[],"_links":{"self":[{"href":"https:\/\/kultursanatsen.org.tr\/portal\/wp-json\/wp\/v2\/posts\/579"}],"collection":[{"href":"https:\/\/kultursanatsen.org.tr\/portal\/wp-json\/wp\/v2\/posts"}],"about":[{"href":"https:\/\/kultursanatsen.org.tr\/portal\/wp-json\/wp\/v2\/types\/post"}],"author":[{"embeddable":true,"href":"https:\/\/kultursanatsen.org.tr\/portal\/wp-json\/wp\/v2\/users\/2"}],"replies":[{"embeddable":true,"href":"https:\/\/kultursanatsen.org.tr\/portal\/wp-json\/wp\/v2\/comments?post=579"}],"version-history":[{"count":1,"href":"https:\/\/kultursanatsen.org.tr\/portal\/wp-json\/wp\/v2\/posts\/579\/revisions"}],"predecessor-version":[{"id":12532,"href":"https:\/\/kultursanatsen.org.tr\/portal\/wp-json\/wp\/v2\/posts\/579\/revisions\/12532"}],"wp:attachment":[{"href":"https:\/\/kultursanatsen.org.tr\/portal\/wp-json\/wp\/v2\/media?parent=579"}],"wp:term":[{"taxonomy":"category","embeddable":true,"href":"https:\/\/kultursanatsen.org.tr\/portal\/wp-json\/wp\/v2\/categories?post=579"},{"taxonomy":"post_tag","embeddable":true,"href":"https:\/\/kultursanatsen.org.tr\/portal\/wp-json\/wp\/v2\/tags?post=579"}],"curies":[{"name":"wp","href":"https:\/\/api.w.org\/{rel}","templated":true}]}}