{"id":578,"date":"2014-05-16T06:57:24","date_gmt":"2014-05-16T06:57:24","guid":{"rendered":"http:\/\/kultursanatsen.org.tr\/portal\/2014\/05\/16\/aci-kaybimiz-50-6\/"},"modified":"2020-11-15T22:46:40","modified_gmt":"2020-11-15T22:46:40","slug":"aci-kaybimiz-50-6","status":"publish","type":"post","link":"https:\/\/kultursanatsen.org.tr\/portal\/2014\/05\/16\/aci-kaybimiz-50-6\/","title":{"rendered":"ACI KAYBIMIZ&#8230;"},"content":{"rendered":"\n<p>Sendikam\u0131z kurucu \u00fcyelerinden ve &nbsp;4. D\u00f6nem MYK \u00fcyemiz \u015eeref EKER ; 1 y\u0131l\u0131 a\u015fk\u0131nd\u0131r kansere kar\u015f\u0131 vermi\u015f oldu\u011fu m\u00fccadeleyi kaybetmi\u015ftir. Sevgili arkada\u015f\u0131m\u0131z\u0131 kaybetmenin derin \u00fcz\u00fcnt\u00fcs\u00fc ya\u015famaktay\u0131z. &nbsp;I\u015f\u0131klar i\u00e7inde uyu. T\u00fcm camiam\u0131z\u0131n ba\u015f\u0131 sa\u011folsun.&nbsp;<\/p>\n","protected":false},"excerpt":{"rendered":"<p>Sendikam\u0131z kurucu \u00fcyelerinden ve &nbsp;4. D\u00f6nem MYK \u00fcyemiz \u015eeref EKER ; 1 y\u0131l\u0131 a\u015fk\u0131nd\u0131r kansere kar\u015f\u0131 vermi\u015f oldu\u011fu m\u00fccadeleyi kaybetmi\u015ftir. Sevgili arkada\u015f\u0131m\u0131z\u0131 kaybetmenin derin \u00fcz\u00fcnt\u00fcs\u00fc ya\u015famaktay\u0131z. &nbsp;I\u015f\u0131klar i\u00e7inde uyu. T\u00fcm camiam\u0131z\u0131n ba\u015f\u0131 sa\u011folsun.&nbsp;<\/p>\n","protected":false},"author":2,"featured_media":0,"comment_status":"open","ping_status":"open","sticky":false,"template":"","format":"standard","meta":[],"categories":[26,612],"tags":[],"_links":{"self":[{"href":"https:\/\/kultursanatsen.org.tr\/portal\/wp-json\/wp\/v2\/posts\/578"}],"collection":[{"href":"https:\/\/kultursanatsen.org.tr\/portal\/wp-json\/wp\/v2\/posts"}],"about":[{"href":"https:\/\/kultursanatsen.org.tr\/portal\/wp-json\/wp\/v2\/types\/post"}],"author":[{"embeddable":true,"href":"https:\/\/kultursanatsen.org.tr\/portal\/wp-json\/wp\/v2\/users\/2"}],"replies":[{"embeddable":true,"href":"https:\/\/kultursanatsen.org.tr\/portal\/wp-json\/wp\/v2\/comments?post=578"}],"version-history":[{"count":1,"href":"https:\/\/kultursanatsen.org.tr\/portal\/wp-json\/wp\/v2\/posts\/578\/revisions"}],"predecessor-version":[{"id":12533,"href":"https:\/\/kultursanatsen.org.tr\/portal\/wp-json\/wp\/v2\/posts\/578\/revisions\/12533"}],"wp:attachment":[{"href":"https:\/\/kultursanatsen.org.tr\/portal\/wp-json\/wp\/v2\/media?parent=578"}],"wp:term":[{"taxonomy":"category","embeddable":true,"href":"https:\/\/kultursanatsen.org.tr\/portal\/wp-json\/wp\/v2\/categories?post=578"},{"taxonomy":"post_tag","embeddable":true,"href":"https:\/\/kultursanatsen.org.tr\/portal\/wp-json\/wp\/v2\/tags?post=578"}],"curies":[{"name":"wp","href":"https:\/\/api.w.org\/{rel}","templated":true}]}}