{"id":567,"date":"2014-04-03T13:14:05","date_gmt":"2014-04-03T13:14:05","guid":{"rendered":"http:\/\/kultursanatsen.org.tr\/portal\/2014\/04\/03\/bulten-sanat-kurumlari-kapatiliyor-farkinda-misin\/"},"modified":"2014-04-03T13:14:05","modified_gmt":"2014-04-03T13:14:05","slug":"bulten-sanat-kurumlari-kapatiliyor-farkinda-misin","status":"publish","type":"post","link":"https:\/\/kultursanatsen.org.tr\/portal\/2014\/04\/03\/bulten-sanat-kurumlari-kapatiliyor-farkinda-misin\/","title":{"rendered":"B\u00dcLTEN &#124; Sanat Kurumlar\u0131 Kapat\u0131l\u0131yor, Fark\u0131nda m\u0131s\u0131n?"},"content":{"rendered":"\n<p>B\u00dcLTEN\u0130\u00a0FORMATLARINDA OKUMAK \u0130\u00c7\u0130N TIKLAYINIZ<\/p>\n","protected":false},"excerpt":{"rendered":"<p>B\u00dcLTEN\u0130\u00a0FORMATLARINDA OKUMAK \u0130\u00c7\u0130N TIKLAYINIZ<\/p>\n","protected":false},"author":1,"featured_media":568,"comment_status":"open","ping_status":"open","sticky":false,"template":"","format":"standard","meta":[],"categories":[359],"tags":[],"_links":{"self":[{"href":"https:\/\/kultursanatsen.org.tr\/portal\/wp-json\/wp\/v2\/posts\/567"}],"collection":[{"href":"https:\/\/kultursanatsen.org.tr\/portal\/wp-json\/wp\/v2\/posts"}],"about":[{"href":"https:\/\/kultursanatsen.org.tr\/portal\/wp-json\/wp\/v2\/types\/post"}],"author":[{"embeddable":true,"href":"https:\/\/kultursanatsen.org.tr\/portal\/wp-json\/wp\/v2\/users\/1"}],"replies":[{"embeddable":true,"href":"https:\/\/kultursanatsen.org.tr\/portal\/wp-json\/wp\/v2\/comments?post=567"}],"version-history":[{"count":0,"href":"https:\/\/kultursanatsen.org.tr\/portal\/wp-json\/wp\/v2\/posts\/567\/revisions"}],"wp:featuredmedia":[{"embeddable":true,"href":"https:\/\/kultursanatsen.org.tr\/portal\/wp-json\/wp\/v2\/media\/568"}],"wp:attachment":[{"href":"https:\/\/kultursanatsen.org.tr\/portal\/wp-json\/wp\/v2\/media?parent=567"}],"wp:term":[{"taxonomy":"category","embeddable":true,"href":"https:\/\/kultursanatsen.org.tr\/portal\/wp-json\/wp\/v2\/categories?post=567"},{"taxonomy":"post_tag","embeddable":true,"href":"https:\/\/kultursanatsen.org.tr\/portal\/wp-json\/wp\/v2\/tags?post=567"}],"curies":[{"name":"wp","href":"https:\/\/api.w.org\/{rel}","templated":true}]}}