{"id":5645,"date":"2009-08-03T13:04:39","date_gmt":"2009-08-03T13:04:39","guid":{"rendered":"http:\/\/arsiv1.kultursanatsen.net\/?p=5645"},"modified":"2020-11-15T22:32:36","modified_gmt":"2020-11-15T22:32:36","slug":"kurumsal-davalar-listesi","status":"publish","type":"post","link":"https:\/\/kultursanatsen.org.tr\/portal\/2009\/08\/03\/kurumsal-davalar-listesi\/","title":{"rendered":"Kurumsal Davalar Listesi"},"content":{"rendered":"<p><strong>K\u00dcLT\u00dcRSEN ADINA A\u00c7ILAN DAVALAR<\/strong><br \/>\n<strong>1)G\u00dcZEL SANATLAR GENEL M\u00dcD\u00dcRL\u00dc\u011e\u00dcNE BA\u011eLI\u00a0 ORKESTRA, KORO VE TOPLULUKLARDA \u00c7ALI\u015eAN PERSONELDEN H\u0130ZMET S\u00d6ZLE\u015eMELER\u0130 NEDEN\u0130YLE\u00a0 HAR\u00c7 ALINMASININ \u0130PTAL\u0130<\/strong><br \/>\n<strong>DANI\u015eTAY 11.DA\u0130RES\u0130 2008\/7426 E.: 2010\/9668<\/strong><br \/>\nK\u00fclt\u00fcr ve Turizm Bakanl\u0131\u011f\u0131 aleyhine, G\u00fczel Sanatlar Genel M\u00fcd\u00fcrl\u00fc\u011f\u00fcne ba\u011fl\u0131\u00a0 orkestra, koro ve topluluklarda \u00e7al\u0131\u015fan personelden hizmet s\u00f6zle\u015fmeleri nedeniyle\u00a0 har\u00e7 al\u0131nmas\u0131n\u0131n iptali i\u00e7in a\u00e7\u0131lan dava olup, halen devam etmektedir. Dan\u0131\u015ftay 11. Dairesinin E: 2008\/7426 K: 2010\/9668 say\u0131l\u0131 karar\u0131 ile reddedildi. Taraf\u0131m\u0131zdan temyiz edildi.31.09.2012 temyiz sonucu bekleniyor.<br \/>\n<strong>2)<\/strong> <strong>RAPORLU OLDUKLARI \u0130\u00c7\u0130N TE\u015eV\u0130K \u0130KRAM\u0130YELER\u0130 KES\u0130LEN K\u0130\u015e\u0130LERE YAPILAN HAKSIZLI\u011eIN \u00d6NLENMES\u0130 \u0130\u00c7\u0130N <\/strong>DANI\u015eTAY 11.DA\u0130RE 2008\/15435 E.\u00a0 (Raporlu ki\u015filer i\u00e7in \u00f6rnek dava olarak a\u00e7\u0131lm\u0131\u015ft\u0131r)<strong> <\/strong><br \/>\nRaporlu olduklar\u0131 i\u00e7in te\u015fvik ikramiyeleri kesilen ki\u015filere yap\u0131lan haks\u0131zl\u0131\u011f\u0131n \u00f6nlenmesi i\u00e7in sendikam\u0131zca\u00a0 Erdal ARSOY ad\u0131na Bakanl\u0131k ve Devlet Opera ve Balesi Genel M\u00fcd\u00fcrl\u00fc\u011f\u00fc aleyhine a\u00e7\u0131lan davada dan\u0131\u015ftay 11. daire E: 2008\/15435 K: 2009\/4585\u00a0 say\u0131l\u0131 karar\u0131 ile davan\u0131n reddine karar verilmi\u015f olup, bu karar taraf\u0131m\u0131zdan temyiz edilmi\u015ftir.<br \/>\n<strong>3) 4B STAT\u00dcS\u00dcNDE \u00c7ALI\u015eAN PERSONELE \u00d6DENEN EK \u00d6DEMELERDEN YAPILAN S\u0130GORTA PR\u0130M\u0130 KES\u0130NT\u0130S\u0130\u00a0 (Ankara 15. idare mahkemesi 2009\/196) <\/strong><br \/>\nSosyal Sigortalar Kurumunun 10.11.2008 tarih ve 758435 yevmiyeli i\u015flemiyle 657 say\u0131l\u0131 Kanunun 4\/b stat\u00fct\u00fcs\u00fcnde \u00e7al\u0131\u015fan personele 5793 say\u0131l\u0131 Kanun gere\u011fince \u00f6denen ek \u00f6demelerden 5510 say\u0131l\u0131 Kanunun ilgili maddeleri gere\u011fince Sigorta Primi kesintisi yap\u0131lmaktad\u0131r.<br \/>\nYap\u0131lan bu i\u015flem usul ve yasaya ayk\u0131r\u0131 bir durum olu\u015fturmaktad\u0131r \u015f\u00f6yle ki;<br \/>\nMaliye Bakanl\u0131\u011f\u0131\u2019n\u0131n 22.10.2008 tarih 16352 say\u0131l\u0131 Genelgesinin ikinci maddesinde \u201cEk \u00d6demenin hak kazan\u0131lmas\u0131nda ve \u00f6denmesinde ayl\u0131klara ili\u015fkin h\u00fck\u00fcmler uygulanacak ve bu \u00f6deme damga vergisi hari\u00e7 herhangi bir vergi ve kesintiye tabi tutulmayacakt\u0131r. Bu \u00f6deme, personelin mali haklar\u0131na ba\u011fl\u0131 olarak, ilgili mevzuat\u0131 uyar\u0131nca \u00f6denmekte olan zam, tazminat \u00f6denerek D\u00d6NER SERMAYE PAYI, \u0130kramiye, \u00fccret ve her ne ad alt\u0131nda olursa olsun yap\u0131lan benzeri \u00f6demelerin hesab\u0131nda dikkate al\u0131nmayacakt\u0131r.\u201d Denilerek yap\u0131lan bu \u00f6demelerden sigorta primi veya ba\u015fka kesintilerin yap\u0131lmas\u0131n\u0131 yasaklam\u0131\u015ft\u0131r.<br \/>\nMaliye Bakanl\u0131\u011f\u0131n\u0131n Genelgesine bu kadar a\u00e7\u0131k ve yorum gerektirmezken yap\u0131lan uygulama a\u00e7\u0131k\u00e7a hukuka ve kanuna ayk\u0131r\u0131d\u0131r. Bu yasal olmayan i\u015flemin iptali ve y\u00fcr\u00fctmesinin durdurulmas\u0131 i\u00e7in Ankara 15. \u0130dare Mahkemesi 2009\/79 esas numaras\u0131yla dava a\u00e7\u0131lm\u0131\u015ft\u0131r. Devam etmektedir.<br \/>\n<strong>4) \u0130STANBUL ATAT\u00dcRK K\u00dcLT\u00dcR MERKEZ\u0130NE A\u0130T AVAN PROJE TAD\u0130LATINA \u0130L\u0130\u015eK\u0130N KARAR VE EK\u0130 AVAN PROJEN\u0130N \u0130PTAL\u0130 VE Y\u00dcR\u00dcTMEN\u0130N DURDURULMASI TALEPL\u0130 DAVA (\u0130stanbul 9. idare 2009\/79 )<\/strong><strong><br \/>\n<\/strong>\u0130stanbul II numaral\u0131 K\u00fclt\u00fcr ve Tabiat Varl\u0131klar\u0131n\u0131 Koruma B\u00f6lge Kurulu\u2019nun 24.12.2008 tarih 2268 say\u0131l\u0131 karar\u0131yla \u0130stanbul, Beyo\u011flu 79 pafta 750 ada 104 parselde bulunan \u0130stanbul Atat\u00fcrk K\u00fclt\u00fcr Merkezine ait avan proje tadilat\u0131na ili\u015fkin karar ve eki avan projenin iptali ve y\u00fcr\u00fctmenin durdurulmas\u0131 talepli dava a\u00e7\u0131lm\u0131\u015ft\u0131r. \u0130stanbul \u0130dare Mahkemesine esastan a\u00e7m\u0131\u015f oldu\u011fumuz dava sendikam\u0131z lehine sonu\u00e7lanm\u0131\u015ft\u0131r.<strong> <\/strong><br \/>\n<strong>5) ASPENDOS (ANTALYA 1. \u0130DARE MAHKEMES\u0130\u00a0 2009 \/ 160 E.)<\/strong><br \/>\n<strong>Dan\u0131\u015ftay 14 Daire 2011\/9934 <\/strong><br \/>\nK\u00fclt\u00fcr ve Turizm Bakanl\u0131\u011f\u0131 aleyhine,\u00a0 Aspendos Tiyatrosunun do\u011fusundaki 1.derece arkeolojik sit alan\u0131ndaki bir ta\u015f\u0131nmazda a\u00e7\u0131k hava tiyatrosu in\u015faa edilmesine y\u00f6nelik Antalya K\u00fclt\u00fcr ve Tabiat Varl\u0131klar\u0131n\u0131 Koruma B\u00f6lge\u00a0\u00a0 Kurulunun 01.05.2008 tarih ve 2306 say\u0131l\u0131 karar\u0131 iptali i\u00e7in y\u00fcr\u00fctmenin durdurulmas\u0131 istekli a\u00e7\u0131lan dava olup, devam etmektedir. Yetki y\u00f6n\u00fcnden Antalya \u0130dare Mahkemesine\u00a0 g\u00f6nderildi. \u0130lgili dayavaya bilirki\u015fi incelemesi yap\u0131lacakt\u0131r. Bilirki\u015fi\u00a0 raporu ve y\u00fcr\u00fctmenin durdurulmas\u0131\u00a0 karar\u0131 aleyhte oup, gerekli\u00a0 itirazlar\u0131 yap\u0131d\u0131. Antalya 1. idare mah. 26.04.2010 tarih ,E:2009\/160 K:2010\/421 say\u0131l\u0131 karar ile reddedilen dava taraf\u0131m\u0131zdan temyiz edilmi\u015ftir. Temyiz edildi.<br \/>\n<strong>6) EK \u00d6DEMEYE \u0130L\u0130\u015eK\u0130N KARAR \u0130LE BAZI BAKANLAR KURULU KARARLARINDA DE\u011e\u0130\u015e\u0130KL\u0130K YAPILMASINA \u0130L\u0130\u015eK\u0130N KARARIN 1. MADDES\u0130N\u0130N KARARIN GE\u00c7\u0130C\u0130 B\u0130R\u0130NC\u0130 MADDES\u0130N\u0130N \u0130PTAL\u0130 <\/strong>(Dan\u0131\u015ftay 11. dairesi 2009\/1534)<br \/>\n30.12.2008 tarih ve 27096 say\u0131l\u0131 Resmi Gazetede yay\u0131nlanan 375 say\u0131l\u0131 Kanun H\u00fckm\u00fcnde Kararnamenin Ek 3 \u00fcnc\u00fc maddesi uyar\u0131nca yap\u0131lacak ek \u00f6demeye ili\u015fkin karar ile baz\u0131 Bakanlar Kurulu kararlar\u0131nda de\u011fi\u015fiklik yap\u0131lmas\u0131na ili\u015fkin karar\u0131n ge\u00e7ici 1.maddesinin (Kadrolar\u0131 teknik hizmetler s\u0131n\u0131f\u0131n\u0131n (a) ve (b) s\u0131ras\u0131nda m\u00fcd\u00fcr kadrolar\u0131nda \u00e7al\u0131\u015fanlar\u0131n ek \u00f6demeleri %100 oran\u0131nda y\u00fckselirken, Yine Teknik hizmetler s\u0131n\u0131f\u0131n\u0131n (c ) s\u0131ras\u0131nda yer alanlarla, Genel \u0130dare hizmetleri s\u0131n\u0131f\u0131nda \u00e7al\u0131\u015fan idari kadrolara ili\u015fkin herhangi bir d\u00fczenleme yap\u0131lmayarak tam bir e\u015fitsizlik yarat\u0131ld\u0131\u011f\u0131 g\u00f6r\u00fcnmektedir.)\u00a0 iptali iptali ve y\u00fcr\u00fct\u00fclmesinin durdurulmas\u0131 talepli Dan\u0131\u015ftay\u2019a dava a\u00e7\u0131lm\u0131\u015ft\u0131r. Bu hususta bizim istedi\u011fimiz anlamda d\u00fczenleme yap\u0131lm\u0131\u015ft\u0131r. Ancak II say\u0131l\u0131 cetvelin A b\u00f6l\u00fcm\u00fcnde yer alan di\u011fer kadrolara bu uygulama yap\u0131lmam\u0131\u015ft\u0131r. Devlet memurlar\u0131na \u00f6denecek zam ve tazminatlara ili\u015fkin karara ekli (II) say\u0131l\u0131 cetvelin (A) b\u00f6l\u00fcm\u00fcnde yer alan di\u011fer kadrolara da (idari kadrolar d\u0131\u015f\u0131ndakiler) uygulaman\u0131n yap\u0131lmamas\u0131 talebinin reddi i\u015fleminin iptali ve y\u00fcr\u00fctmesinin durdurulmas\u0131 istemli dava a\u00e7\u0131lm\u0131\u015ft\u0131r.Devam etmektedir.<br \/>\n<strong>7) DO\u011eUM \u0130ZN\u0130 KONUSUNDA Y\u00d6NETMEL\u0130K \u0130PTAL\u0130 DAVASI DANI\u015eTAY 12. DA\u0130RE\u00a0\u00a0 2009 \/ 2488 E.<\/strong><br \/>\nDevlet Opera ve Balesi Genel M\u00fcd\u00fcrl\u00fc\u011f\u00fc aleyhine, do\u011fum izni konusundaki y\u00f6netmeli\u011fin 63. maddesindeki yer alan \u201c do\u011fumdan \u00f6ncesi ve sonras\u0131 6\u2019\u015far hafta olarak belirlenmi\u015f h\u00fckm\u00fcn \u201c657 say\u0131l\u0131 yasada belirtilen 8\u2019er haftal\u0131k s\u00fcreye ayk\u0131r\u0131l\u0131\u011f\u0131 sebebiyle 63.madde h\u00fckm\u00fcn\u00fcn ve daval\u0131 idare i\u015fleminin iptali i\u00e7in a\u00e7\u0131lan dava olup, halen devam etmektedir.Devam etmektedir.<br \/>\n<strong>8) 4B S\u00d6ZLE\u015eMEL\u0130 STAT\u00dcDE \u0130ST\u0130HDAM ED\u0130LEN SANAT TAR\u0130H\u00c7\u0130LER\u0130N TEKN\u0130K H\u0130ZMETLER SINIFINA ALINMASI<\/strong><br \/>\n<strong>(ANKARA 1.\u0130DARE MAHKEMES\u0130 ESAS NO: 2009\/769)<\/strong><br \/>\nKonusunda Ankara \u0130dare Mahkemesi Ba\u015fkanl\u0131\u011f\u0131na 08.06.2009 tarihinde dava a\u00e7\u0131lm\u0131\u015ft\u0131r.<br \/>\n<strong>9)\u00a0 M\u00dcZE ARA\u015eTIRMACILARI HAKKINDA A\u00c7TI\u011eIMIZ DAVA <\/strong><br \/>\n<strong>(Ankara 11.\u0130dare Mahkemesi Esas No:2009\/827)<\/strong><br \/>\nM\u00fcze Ara\u015ft\u0131rmac\u0131s\u0131 kadrosunda istihdam edilen arkeoloji ve sanat tarihi, arkeoloji, antropoloji, etnoloji, hititoloji, s\u00fcmeroloji ve klasik filoloji anabilim dallar\u0131ndan mezunlar\u0131n Teknik Hizmetler s\u0131n\u0131f\u0131na al\u0131nmas\u0131 ile ilgili davam\u0131z 16.06.2009 tarihinde a\u00e7\u0131lm\u0131\u015ft\u0131r. Devam etmektedir.<br \/>\n<strong>10) H\u0130ZMET S\u00d6ZLE\u015eMES\u0130N\u0130N \u0130PTAL\u0130<\/strong><br \/>\n<strong>(Ankara 12.\u0130dare Mahkemesi Esas No: 2009\/792)<\/strong><br \/>\nK\u00fclt\u00fcr Ve Turizm Bakanl\u0131\u011f\u0131 Devlet Korolar\u0131 Ve Topluluklar\u0131nda s\u00f6zle\u015fmeli olarak \u00e7al\u0131\u015fan personel hakk\u0131nda s\u00f6zle\u015fme akitlerinin hizmet s\u00f6zle\u015fmesi oldu\u011funu bildirir K\u00fclt\u00fcr Ve Turizm Bakanl\u0131\u011f\u0131 G\u00fczel Sanatlar Genel M\u00fcd\u00fcrl\u00fc\u011f\u00fcn\u00fcn idare i\u015fleminin iptali, y\u00f6netmelik gere\u011fi idari s\u00f6zle\u015fmeli olduklar\u0131na \u00f6ncelikle de dava konusu i\u015flemin y\u00fcr\u00fct\u00fclmesinin durdurmas\u0131na karar verilmesi istemiyle dava a\u00e7\u0131lm\u0131\u015ft\u0131r. Devam etmektedir.<br \/>\n<strong>11) H\u0130ZMET S\u00d6ZLE\u015eMES\u0130N\u0130N BAZI MADDELER\u0130N\u0130N \u0130PTAL\u0130 <\/strong><br \/>\nANKARA 1. \u0130DARE MAHKEMES\u0130 2010\/1091 E.<br \/>\nK\u00fclt\u00fcr ve Turizm Bakanl\u0131\u011f\u0131 aleyhine, G\u00fczel Sanatlar Genel M\u00fcd\u00fcrl\u00fc\u011f\u00fc orkestra-koro topluluk hizmet s\u00f6zle\u015fmesinin baz\u0131 maddelerinin iptali i\u00e7in a\u00e7\u0131lan dava olup, halen devam etmektedir<br \/>\n<strong>12) SANAT KURUMLARINDAK\u0130 \u0130DAR\u0130 S\u00d6ZLE\u015eMEL\u0130LER\u0130N UYARMA VE KINAMA CEZALARINA KAR\u015eI DAVA A\u00c7ILAB\u0130LECE\u011e\u0130NE \u0130L\u0130\u015eK\u0130N<\/strong><br \/>\n657 say\u0131l\u0131 yasan\u0131n Ek ge\u00e7ici 12. Maddesi h\u00fckm\u00fc\u00a0 uyar\u0131nca idari s\u00f6zle\u015fmeli koro sanat\u00e7\u0131s\u0131 olarak \u00e7al\u0131\u015fan Ethem DEM\u0130R\u2019e 657 say\u0131l\u0131 yasan\u0131n uyarma ve k\u0131nama cezalar\u0131na kar\u015f\u0131 yarg\u0131 yolunu kapatan h\u00fck\u00fcmlerinin uygulanamayaca\u011f\u0131 gerek\u00e7esi ile Dan\u0131\u015ftay 12. Dairesi Ethem DEM\u0130R lehine karar vermi\u015f, bu durum kendisi gibi idari s\u00f6zle\u015fmeli olarak \u00e7al\u0131\u015fan personele uyarma ve k\u0131nama cezalar\u0131na kar\u015f\u0131 yarg\u0131 yolunu a\u00e7m\u0131\u015ft\u0131r. Devam etmektedir.<br \/>\n<strong>13)<\/strong> <strong>30 G\u00dcN RAPOR ALANLARLA \u0130LG\u0130L\u0130 N\u0130HA\u0130 KARAR<\/strong><br \/>\nDevlet Opera ve Balesi Genel M\u00fcd\u00fcrl\u00fc\u011f\u00fcnde s\u00f6zle\u015fmeli stat\u00fcde ba\u015f perukac\u0131 olarak g\u00f6rev yapan \u00fcyemiz Fethi KAVUNCU ad\u0131na,\u00a0 2008 Aral\u0131k d\u00f6nemi te\u015fvik ikramiyesinin \u00f6denmesi talebinin reddine dair i\u015flem ile bu i\u015flemin dayana\u011f\u0131 olan ve 07.05.2008 tarih ve 1759 say\u0131l\u0131 bakanl\u0131k onay\u0131 ile uygulamaya konulan Devlet Opera ve Balesi Genel M\u00fcd\u00fcrl\u00fc\u011f\u00fc 2008 y\u0131l\u0131 te\u015fvik ikramiyesi \u00f6deme k\u0131staslar\u0131n\u0131n 11. Maddesinin parantez i\u00e7erisinde yer alan \u201cbir aydan fazla raporlu olanlar\u201d ibaresinin iptali istemiyle a\u00e7t\u0131\u011f\u0131m\u0131z davada Dan\u0131\u015ftay 11. daire E:2009\/1160\u00a0 K:2010\/10010 say\u0131l\u0131 karar ile nihai karar\u00a0 lehimize sonu\u00e7lanm\u0131\u015ft\u0131r.<br \/>\n<strong>14) UYARMA CEZASI ALDI\u011eI BAH\u0130SLE TE\u015eV\u0130K \u0130KRAM\u0130YES\u0130 \u00d6DEMES\u0130NDEN YARARLANDIRMA<\/strong><br \/>\nTe\u015fvik ikramiyesinin \u00f6denmesinde ba\u015far\u0131l\u0131 g\u00f6rev yapma \u00f6l\u00e7\u00fct\u00fc d\u0131\u015f\u0131nda ilgili bakana herhangi bir \u00f6l\u00e7\u00fct saptama yetkisinin verilmedi\u011fi bu nedenle g\u00f6revin ba\u015far\u0131l\u0131 bir \u015fekilde ifa edilmemesinden kaynaklanmayan ve yarg\u0131 denetimi d\u0131\u015f\u0131nda tutulan k\u0131nama cezas\u0131 dayanak al\u0131narak te\u015fvik ikramiyesi \u00f6denmemesinin hukuka ayk\u0131r\u0131l\u0131\u011f\u0131n\u0131n yarg\u0131 karar\u0131yla da sabit oldu\u011fu ,bu sistemin 2. bir cezaland\u0131rma sistemine d\u00f6n\u00fc\u015ft\u00fc\u011f\u00fc gerek\u00e7esiyle \u00fcyelerimiz \u00c7ukurova Devlet Senfoni Orkestras\u0131 sanat\u00e7\u0131lar\u0131 Mahmut B\u00fclent DEM\u0130REL ve Zafer TEOMETE ad\u0131na ayr\u0131 ayr\u0131 a\u00e7t\u0131\u011f\u0131m\u0131z 2 davada da Adana 1. 2. \u0130dare mahkemeleri \u00fcyelerimizin lehine karar vermi\u015flerdir.<br \/>\n<strong>15) S\u0130T ALANLARINDA T\u0130CAR\u0130 \u0130\u015eLETMELER KURULMASINA Y\u00d6NEL\u0130K \u0130LKE KARARININ \u0130PTAL\u0130 \u0130\u00c7\u0130N DANI\u015eTAY 6.DA\u0130RE 2008\/9264 E.<\/strong><br \/>\nK\u00fclt\u00fcr ve Turizm Bakanl\u0131\u011f\u0131 aleyhine, K\u00fclt\u00fcr ve Tabiat Varl\u0131klar\u0131n\u0131 Koruma Y\u00fcksek Kurulunun 05.08.2008 tarihli, 26088 say\u0131l\u0131 Sit alanlar\u0131nda ticari i\u015fletmeler kurulmas\u0131na y\u00f6nelik ilke karar\u0131n\u0131n iptali i\u00e7in Y\u00fcr\u00fctmenin Durdurulmas\u0131 istekli a\u00e7\u0131lan davad\u0131r. Y\u00fcr\u00fctmeyi durdurma talebimiz reddedildi. Dan\u0131\u015ftay 6. Dairesinin 22.09.2010 tarih E:2008\/9264 K:2010\/8304 say\u0131l\u0131 karar ile reddedilmi\u015ftir. Karar taraf\u0131m\u0131zdan temyiz edildi.<br \/>\n<strong>16) G\u00d6REVDE Y\u00dcKSELME VE UNVAN DE\u011e\u0130\u015e\u0130KL\u0130\u011e\u0130 SINAVINDA HATALI PUANLAMA.<\/strong><br \/>\nK\u00fclt\u00fcr Ve Turizm Bakanl\u0131\u011f\u0131\u2019n\u0131n G\u00f6revde Y\u00fckselme Ve Unvan De\u011fi\u015fikli\u011fi S\u0131nav\u0131nda hatal\u0131 puanlama yapt\u0131\u011f\u0131, Ankara 9. \u0130dare Mahkemesince tespit edildi. \u015e\u00f6yle ki;<br \/>\nK\u00fclt\u00fcr Ve Turizm Bakanl\u0131\u011f\u0131nca yap\u0131lan G\u00f6revde Y\u00fckselme Ve Unvan De\u011fi\u015fikli\u011fi S\u0131nav sorular\u0131n\u0131n bir k\u0131sm\u0131 Sendikam\u0131zca a\u00e7\u0131lan davalar sonucunda Mahkemelerce iptal edildikten sonra, Bakanl\u0131k\u00e7a yeniden yap\u0131lan de\u011ferlendirmede hataya d\u00fc\u015f\u00fcld\u00fc\u011f\u00fc bu sebeple de bir k\u0131s\u0131m adaylar\u0131n 70 ge\u00e7me notunun alt\u0131nda kald\u0131\u011f\u0131 a\u00e7\u0131klanm\u0131\u015ft\u0131.<br \/>\nBu konuda sendika \u00fcyemiz H\u00fcseyin G\u00fcndo\u011fan ad\u0131na Ankara 9. \u0130dare Mahkemesinde a\u00e7\u0131lan davada; \u0130PTAL ED\u0130LEN SORULARIN DO\u011eRU CEVAP VER\u0130LM\u0130\u015e OLARAK DE\u011eERLEND\u0130R\u0130LMES\u0130 GEREK\u0130RKEN, BUNUN YAPILMAMASININ HATALI OLDU\u011eU BEL\u0130RT\u0130LEREK, DAVACI \u00dcYEM\u0130Z\u0130N 69,73 PUANLA BA\u015eARISIZ SAYILDI\u011eI SINAV SONUCU 71,25 PUAN, YAN\u0130 \u201cBARAJI GE\u00c7EN PUAN\u201d OLARAK TESP\u0130T ED\u0130LM\u0130\u015eT\u0130R. Ve bu konuda mahkemece Y\u00fcr\u00fctmenin Durdurulmas\u0131 Karar\u0131 verilmi\u015ftir. Bu karar sonucu \u00fcyemiz H\u00fcseyin G\u00fcndo\u011fan\u2019\u0131n \u015fef olarak atamas\u0131 yap\u0131lm\u0131\u015ft\u0131r. Ankara 9. idare Mah. E:2010\/1223 K:2011\/153 say\u0131l\u0131 karar kabul.<br \/>\n<strong>17)<\/strong> <strong>M\u00dcZE VE \u00d6RENYERLER\u0130N\u0130N \u0130\u015eLET\u0130M\u0130 , G\u0130\u015eE KONTROL S\u0130STEMLER\u0130N\u0130N MODERN\u0130ZASYONU VE Y\u00d6NET\u0130M\u0130 \u0130HALE \u0130\u015eLEM\u0130N\u0130N \u0130PTAL\u0130 VE Y\u00dcR\u00dcTMEN\u0130N DURDURULMASI TALEPL\u0130 DAVAMIZ. <\/strong><br \/>\nK\u00fclt\u00fcr ve Turizm Bakanl\u0131\u011f\u0131 D\u00f6ner Sermaye \u0130\u015fletmesi Merkez M\u00fcd\u00fcrl\u00fc\u011f\u00fc taraf\u0131ndan , 13.09.2010 tarihinde 2886 say\u0131l\u0131 Devlet \u0130hale Kanununun 51. Maddesinin (g) bendi uyar\u0131nca pazarl\u0131k usulu ile yap\u0131lan \u201cM\u00fcze ve \u00d6renyerleri Gi\u015felerinin \u0130\u015fletimi , Giri\u015f Kontrol Sistemlerinin Modernizasyonu ve Y\u00f6netimi \u0130\u015fi \u0130halesi\u201dnin y\u00fcr\u00fctmesinin durdurulmas\u0131 ve iptali istemli dava a\u00e7\u0131lm\u0131\u015ft\u0131r. Devam etmektedir.<br \/>\n<strong>18 ) DEVLET OPERA VE BALES\u0130 GENEL M\u00dcD\u00dcRL\u00dc\u011e\u00dc PERSONEL\u0130 G\u00d6REVDE Y\u00dcKSELME VE UNVAN DE\u011e\u0130\u015e\u0130KL\u0130\u011e\u0130 Y\u00d6NETMEL\u0130\u011e\u0130N\u0130N GE\u00c7\u0130C\u0130 2. MADDES\u0130N\u0130N \u0130PTAL\u0130<\/strong><br \/>\nDan\u0131\u015ftay 5. Daire 2011\/1712 E.<br \/>\n06.01.2011 tarih ve 27807 say\u0131l\u0131 resmi gazetede yay\u0131nlanan Devlet Opera ve Balesi Genel M\u00fcd\u00fcrl\u00fc\u011f\u00fc personeli g\u00f6revde y\u00fckselme ve unvan de\u011fi\u015fikli\u011fi y\u00f6netmeli\u011finin ge\u00e7ici 2.maddesinin iptali i\u00e7in\u00a0 a\u00e7\u0131lan dava olup, devam etmektedir. \u0130dare cevap vermedi karar bekleniyor.<br \/>\n<strong>19) G\u00dcZEL SANATLAR GENEL M\u00dcD\u00dcRL\u00dc\u011e\u00dcNE BA\u011eLI DEVLET HALK DANSLARI TOPLULU\u011eU <\/strong><br \/>\n<strong>KURUMUNDA KONULAN KAMERALARIN KALDIRILMASI <\/strong><br \/>\n<strong>18. ANKARA 2. \u0130DARE MAH. 2011\/930 E.<\/strong><br \/>\nG\u00fczel Sanatlar Genel M\u00fcd\u00fcrl\u00fc\u011f\u00fc\u2019ne ba\u011fl\u0131 Devlet Halk Danslar\u0131 Toplulu\u011fu\u00a0 kurumunda konulan kameralar\u0131n\u00a0 \u201c \u00f6zel hayat\u0131n gizlili\u011fi.\u201d ilkesine ayk\u0131r\u0131 oldu\u011fu gerek\u00e7esi ile kameralar\u0131n kald\u0131r\u0131lmas\u0131 i\u00e7in istanbul valili\u011fi\u2019ne ba\u015fvuru yap\u0131lm\u0131\u015f\u00a0\u00a0 olup, uygulaman\u0131n yasal s\u00fcresi i\u00e7inde d\u00fczeltilmedi\u011fi i\u00e7in\u00a0 K\u00fclt\u00fcr ve Turizm Bakanl\u0131\u011f\u0131 aleyhine a\u00e7\u0131lm\u0131\u015f dava olup ,devam etmektedir. Y\u00fcr\u00fctmeyi Durdurma red karar bekleniyor.<br \/>\n<strong>20) DEVLET OPERA VE BALES\u0130 GENEL M\u00dcD\u00dcRL\u00dc\u011e\u00dc NORM POZ\u0130SYON USUL VE ESASLARININ II-KURUM \u0130\u00c7\u0130 ATAMALAR BA\u015eLI\u011eININ 1. MADDES\u0130N\u0130N \u0130PTAL\u0130 \u0130\u00c7\u0130N<\/strong><br \/>\n<strong>17. DANI\u015eTAY 5. DA\u0130RE BA\u015eKANLI\u011eI 2011\/1975 E.<\/strong><br \/>\n<strong>DAVACI: S\u00dcL\u00dcN DUYULUR<\/strong><br \/>\nDevlet Opera ve Balesi Genel M\u00fcd\u00fcrl\u00fc\u011f\u00fc norm pozisyon usul ve esaslar\u0131n\u0131n \u0131\u0131-kurum i\u00e7i atamalar ba\u015fl\u0131\u011f\u0131n\u0131n 1. maddesinin iptali i\u00e7in a\u00e7\u0131lan dava olup, devam etmektedir.<br \/>\n<strong>21)<\/strong> <strong>DEVLET KORO VE TOPLULUKLARI Y\u00d6NETMEL\u0130\u011e\u0130NDE DE\u011e\u0130\u015e\u0130KL\u0130K\u201d\u00a0 YAPILMASI HAKKINDAK\u0130 Y\u00d6NETMEL\u0130\u011e\u0130N \u0130PTAL\u0130<\/strong><br \/>\n<strong>19. DANI\u015eTAY 5. DA\u0130RE BA\u015eKANLI\u011eI HZ. NO: 2011\/6241 E.<\/strong><br \/>\n01.04.2011 tarih ve 27892 say\u0131l\u0131 resmi gazetede yay\u0131mlanarak y\u00fcr\u00fcrl\u00fc\u011fe giren \u201c devlet koro ve topluluklar\u0131 y\u00f6netmeli\u011finde de\u011fi\u015fiklik\u201d\u00a0 yap\u0131lmas\u0131 hakk\u0131ndaki y\u00f6netmeli\u011fin iptali i\u00e7in a\u00e7\u0131lan dava olup devam etmektedir. Y\u00fcr\u00fctmeyi durdurma red yaz\u0131\u015fmalar bitti. Karar bekleniyor.<br \/>\n<strong>22) M\u00dcDAH\u0130L OLARAK KATILMA TALEB\u0130<\/strong><br \/>\n<strong> \u0130STANBUL 2. \u0130DARE MAHKEMES\u0130 2011\/563<\/strong><br \/>\nDavac\u0131 : TMMOB mimarlar odas\u0131; K\u00fclt\u00fcr ve Turizm Bakanl\u0131\u011f\u0131 ve istanbul b\u00fcy\u00fck\u015fehir belediye ba\u015fkanl\u0131\u011f\u0131 aleyhine a\u00e7m\u0131\u015f oldu\u011fu cevizli tekel alan\u0131yla ilgili dava olup, sendika ad\u0131na davac\u0131 yan yan\u0131nda m\u00fcdahil olarak kat\u0131lma talebinde bulunuldu. M\u00fcdahillik talebi kabul edildi. Karar bekleniyor.<br \/>\n<strong>23)\u00a0 D\u0130S\u0130PL\u0130N AM\u0130RLER\u0130 Y\u00d6NETMEL\u0130\u011e\u0130<\/strong><br \/>\n12.04.2012 tarih ve\u00a0 28262 Say\u0131l\u0131 Resmi gazetede yay\u0131mlanan K\u00fclt\u00fcr ve Turizm Bakanl\u0131\u011f\u0131 Disiplin amirleri Y\u00f6netmeli\u011finin Strateji geli\u015ftirme ba\u015fkanl\u0131\u011f\u0131 ile ilgili k\u0131s\u0131mlar d\u0131\u015f\u0131nda kalan Uzman ve Uzman (\u00d6) unvanlar\u0131 i\u00e7in belirlenen disiplin amirleri ile ilgili h\u00fck\u00fcmlerinin iptali istemli davam\u0131zd\u0131r. Cevap dilek\u00e7esi geldi. Cevaba cevap verilecek.<br \/>\n<strong>24) K\u00dcLT\u00dcR VARLIKLARI Y\u00d6NETMEL\u0130KLTE DE\u011e\u0130\u015e\u0130KL\u0130\u011eE \u0130L\u0130\u015eK\u0130N MADDE \u0130PTAL\u0130 : <\/strong><br \/>\nKorunmas\u0131 gerekli K\u00fclt\u00fcr ve Tabiat varl\u0131klar\u0131n\u0131n tasnifi, tescili ve m\u00fczelere al\u0131nmalar\u0131 hakk\u0131nda y\u00f6netmelikte de\u011fi\u015fiklik yap\u0131lmas\u0131na dair y\u00f6netmeli\u011fin 10. Maddesinin 5. Bendinin iptali istemli davad\u0131r. Y\u00fcr\u00fctmeyi durdurma savunmadan sonra de\u011ferlendirilecek.<br \/>\n<strong> <\/strong><br \/>\n<strong>25) TEKN\u0130K KADRO 1 DERECE VER\u0130LMES\u0130<\/strong><br \/>\n<strong>Ankara 4. \u0130dare 2012\/242 E. 2012\/195 K. <\/strong><br \/>\nDavac\u0131 sendika taraf\u0131ndan, daval\u0131 Bakanl\u0131k b\u00fcnyesinde Ar\u015fivci, Kitap Pata lo\u011fu unvanlar\u0131nda g\u00f6rev yapan personelin 657 say\u0131l\u0131 kanunun 36\/A- 4 maddesi uyar\u0131nca ilave bir dereceden faydaland\u0131r\u0131lmas\u0131 amac\u0131yla yap\u0131lan ba\u015fvuru \u00fczerine, Maliye bakanl\u0131\u011f\u0131 B\u00fct\u00e7e ve Mali Kontrol genel M\u00fcd\u00fcrl\u00fc\u011f\u00fc\u2019nden al\u0131nacak g\u00f6r\u00fc\u015f do\u011frultusunda\u00a0\u00a0\u00a0\u00a0\u00a0 i\u015flem yap\u0131laca\u011f\u0131 y\u00f6n\u00fcnde tesis olunan 08.08.2011 tarih ve 165285 say\u0131l\u0131 i\u015flemin iptali istemli dava. Y\u00fcr\u00fctmeyi durdurma red karar bekleniyor.<br \/>\n<strong>26) \u00a0PERFORMANS KR\u0130TERLER\u0130<\/strong><br \/>\n<strong>Ankara Dan\u0131\u015ftay 11. Daire 2011\/ 5458 E.<\/strong><br \/>\nBakanl\u0131\u011f\u0131n 17.05.2011 tarih B. 16.0.GSG.0.71.01.00\/903-01 say\u0131l\u0131 te\u015fvik ikramiyesi konulu Bakan onayl\u0131 yaz\u0131\u00a0\u00a0 ile bu yaz\u0131 ekinde belirtilen Te\u015fvik ikramiyesi \u00f6denmesine y\u00f6nelik performans\u0131 de\u011ferlendirme kriterlerinin iptali istemli davad\u0131r. Y\u00fcr\u00fctmeyi Durdurma red karar\u0131na itiraz edildi.<br \/>\n<strong>27) \u00a0BAKANLAR KURULU\u00a0 KARARI TEKN\u0130K KADRO EKS\u0130K \u0130\u015eLEM<\/strong><br \/>\n10 Ocak 2012 g\u00fcnl\u00fc 28169 say\u0131l\u0131 Resmi Gazetede yay\u0131mlanan 2012\/ 2663 say\u0131l\u0131 bakanlar Kurulu karar\u0131n\u0131n \u201ceksik i\u015flem \u201c olmas\u0131 nedeniyle iptali istemli dava. Cevap dilek\u00e7esi geldi. Cevaba cevap verildi.<br \/>\n<strong>28) TESP\u0130T DAVASI <\/strong><br \/>\n<strong>Ankara 3. \u0130\u015f Mahkemesi 2011\/1127 E. <\/strong><br \/>\nGe\u00e7ici s\u00fcreli S\u00f6zle\u015fmeli personelin kamu G\u00f6revlileri sendikalar\u0131na \u00fcye olabileceklerine ili\u015fkin tespiti i\u00e7in a\u00e7\u0131lan davam\u0131z.<br \/>\n13.09.2012 \u2018de duru\u015fmas\u0131 var Bakanl\u0131klara yaz\u0131lan m\u00fczekkerelerin cevab\u0131 bekleniyor.<\/p>\n","protected":false},"excerpt":{"rendered":"<p>K\u00dcLT\u00dcRSEN ADINA A\u00c7ILAN DAVALAR 1)G\u00dcZEL SANATLAR GENEL M\u00dcD\u00dcRL\u00dc\u011e\u00dcNE BA\u011eLI\u00a0 ORKESTRA, KORO VE TOPLULUKLARDA \u00c7ALI\u015eAN PERSONELDEN H\u0130ZMET S\u00d6ZLE\u015eMELER\u0130 NEDEN\u0130YLE\u00a0 HAR\u00c7 ALINMASININ \u0130PTAL\u0130 DANI\u015eTAY 11.DA\u0130RES\u0130 2008\/7426 E.: 2010\/9668 K\u00fclt\u00fcr ve Turizm Bakanl\u0131\u011f\u0131 aleyhine, G\u00fczel Sanatlar Genel M\u00fcd\u00fcrl\u00fc\u011f\u00fcne ba\u011fl\u0131\u00a0 orkestra, koro ve topluluklarda \u00e7al\u0131\u015fan personelden hizmet s\u00f6zle\u015fmeleri nedeniyle\u00a0 har\u00e7 al\u0131nmas\u0131n\u0131n iptali i\u00e7in a\u00e7\u0131lan dava olup, halen devam etmektedir. [&hellip;]<\/p>\n","protected":false},"author":1,"featured_media":6062,"comment_status":"closed","ping_status":"closed","sticky":false,"template":"","format":"standard","meta":[],"categories":[625,49],"tags":[],"_links":{"self":[{"href":"https:\/\/kultursanatsen.org.tr\/portal\/wp-json\/wp\/v2\/posts\/5645"}],"collection":[{"href":"https:\/\/kultursanatsen.org.tr\/portal\/wp-json\/wp\/v2\/posts"}],"about":[{"href":"https:\/\/kultursanatsen.org.tr\/portal\/wp-json\/wp\/v2\/types\/post"}],"author":[{"embeddable":true,"href":"https:\/\/kultursanatsen.org.tr\/portal\/wp-json\/wp\/v2\/users\/1"}],"replies":[{"embeddable":true,"href":"https:\/\/kultursanatsen.org.tr\/portal\/wp-json\/wp\/v2\/comments?post=5645"}],"version-history":[{"count":1,"href":"https:\/\/kultursanatsen.org.tr\/portal\/wp-json\/wp\/v2\/posts\/5645\/revisions"}],"predecessor-version":[{"id":12093,"href":"https:\/\/kultursanatsen.org.tr\/portal\/wp-json\/wp\/v2\/posts\/5645\/revisions\/12093"}],"wp:featuredmedia":[{"embeddable":true,"href":"https:\/\/kultursanatsen.org.tr\/portal\/wp-json\/wp\/v2\/media\/6062"}],"wp:attachment":[{"href":"https:\/\/kultursanatsen.org.tr\/portal\/wp-json\/wp\/v2\/media?parent=5645"}],"wp:term":[{"taxonomy":"category","embeddable":true,"href":"https:\/\/kultursanatsen.org.tr\/portal\/wp-json\/wp\/v2\/categories?post=5645"},{"taxonomy":"post_tag","embeddable":true,"href":"https:\/\/kultursanatsen.org.tr\/portal\/wp-json\/wp\/v2\/tags?post=5645"}],"curies":[{"name":"wp","href":"https:\/\/api.w.org\/{rel}","templated":true}]}}