{"id":5367,"date":"2009-04-01T17:33:57","date_gmt":"2009-04-01T17:33:57","guid":{"rendered":"http:\/\/arsiv1.kultursanatsen.net\/?p=5367"},"modified":"2009-04-01T17:33:57","modified_gmt":"2009-04-01T17:33:57","slug":"hizmet-sozlesmesi-serhi","status":"publish","type":"post","link":"https:\/\/kultursanatsen.org.tr\/portal\/2009\/04\/01\/hizmet-sozlesmesi-serhi\/","title":{"rendered":"Hizmet S\u00f6zle\u015fmesi \u015eerhi"},"content":{"rendered":"<p>Tiyatro, Opera ve G\u00fczel Sanatlarda S\u00f6zle\u015fmeli \u00e7al\u0131\u015fan \u00fcyelerimiz hizmet s\u00f6zle\u015fmesi \u015ferhi<br \/>\nSAYI\u00a0\u00a0\u00a0 :\u00a0 2009-524<br \/>\nKONU\u00a0 :\u00a0 Duyuru\u00a0\u00a0\u00a0\u00a0\u00a0\u00a0\u00a0\u00a0\u00a0\u00a0\u00a0\u00a0\u00a0\u00a0\u00a0\u00a0\u00a0\u00a0\u00a0\u00a0\u00a0\u00a0\u00a0\u00a0\u00a0\u00a0\u00a0\u00a0\u00a0\u00a0\u00a0\u00a0\u00a0\u00a0\u00a0\u00a0\u00a0\u00a0\u00a0\u00a0\u00a0\u00a0\u00a0\u00a0\u00a0\u00a0\u00a0\u00a0\u00a0\u00a0\u00a0\u00a0\u00a0\u00a0\u00a0\u00a0\u00a0\u00a0\u00a0\u00a0\u00a0\u00a0\u00a0\u00a0\u00a0\u00a0\u00a0\u00a0\u00a0\u00a0\u00a0\u00a0\u00a0\u00a0\u00a0\u00a0\u00a0\u00a0\u00a0\u00a0\u00a0\u00a0\u00a0\u00a0\u00a0\u00a0\u00a0\u00a0\u00a0\u00a0\u00a0 01.\/04\/2009<br \/>\n\u2026..\u2026\u2026.B\u00d6LGE \u015eUBE BA\u015eKANLI\u011eINA \/ \u0130L TEMS\u0130LC\u0130L\u0130\u011e\u0130NE<br \/>\n5441 say\u0131l\u0131 Kanunla de\u011fi\u015fik 1309 ve 1310  say\u0131l\u0131 Kanunlar\u0131n ve 657 say\u0131l\u0131 Devlet memurlar\u0131 kanununun Ek Ge\u00e7ici  12. Maddesine 29\/11\/1984- KHK-243\/35 md.; De\u011fi\u015fik f\u0131kra : 04\/03\/1987 \u2013  KHK 272\/1 madde\u00a0 ile Ek F\u0131kra olarak eklenen h\u00fck\u00fcm uyar\u0131nca Ek Ge\u00e7ici  12. Madde kapsam\u0131na al\u0131nan K\u00fclt\u00fcr ve Turizm Bakanl\u0131\u011f\u0131n\u0131n sanatla ilgili  merkez ve ta\u015fra birimlerine ba\u011fl\u0131 olarak orkestra , koro ve  topluluklar\u0131nda \u0130DAR\u0130 S\u00d6ZLE\u015eMEL\u0130 olarak \u00e7al\u0131\u015ft\u0131r\u0131lan \u00fcyelerimizin Ayl\u0131k  \u00fccretlerinin tayini ve emekli keseneklerinde esas al\u0131nmas\u0131 gereken idari  i\u015flemler, Kanunla d\u00fczenlenerek H\u00fck\u00fcm alt\u0131na al\u0131nm\u0131\u015ft\u0131r. Ancak, ilgili  kurumlar imzaya a\u00e7t\u0131klar\u0131 s\u00f6zle\u015fmeleri bir H\u0130ZMET S\u00d6ZLE\u015eMES\u0130 olarak  de\u011ferlendirmektedir.<br \/>\nBu nedenle, \u00fcyelerimizi 2009 d\u00f6nemi i\u00e7in  imzaya a\u00e7\u0131lacak s\u00f6zle\u015fmelerine a\u015fa\u011f\u0131da belirtilen \u015ferh maddesini  yazmalar\u0131 \u00f6nemle duyurulur.<br \/>\n1- Devlet Tiyatrolar\u0131 Genel M\u00fcd\u00fcrl\u00fc\u011f\u00fcnde S\u00f6zle\u015fmeli olarak \u00c7al\u0131\u015fan \u00fcyelerimiz i\u00e7in.<br \/>\n&lt;&lt; 5441 say\u0131l\u0131 Kanunla de\u011fi\u015fik  1310 say\u0131l\u0131 Kanunla getirilen 657 say\u0131l\u0131 kanunun Ek ge\u00e7ici maddeleriyle  h\u00fck\u00fcm alt\u0131na al\u0131nan ayl\u0131\u011fa ve emeklili\u011fe esas kazan\u0131lm\u0131\u015f haklar\u0131m\u0131n  sakl\u0131 kalmas\u0131 kayd\u0131yla.&gt;&gt;<br \/>\n2- Devlet Opera ve Balesinde S\u00f6zle\u015fmeli olarak \u00e7al\u0131\u015fan \u00dcyelerimiz i\u00e7in.<br \/>\n&lt;&lt; 5541 say\u0131l\u0131 kanunla de\u011fi\u015fik  1309 say\u0131l\u0131 kanunla getirilen 657 say\u0131l\u0131 kanunun Ek ge\u00e7ici maddeleriyle\u00a0  h\u00fck\u00fcm alt\u0131na al\u0131nan ayl\u0131\u011fa ve emeklili\u011fe esas kazan\u0131lm\u0131\u015f haklar\u0131m\u0131n  sakl\u0131 kalmas\u0131 kayd\u0131yla.&gt;&gt;<br \/>\n3-K\u00fclt\u00fcr ve Turizm Bakanl\u0131\u011f\u0131 G\u00fczel Sanatlar Genel m\u00fcd\u00fcrl\u00fc\u011f\u00fcnde \u00c7al\u0131\u015fan S\u00f6zle\u015fmeli \u00fcyelerimiz i\u00e7in.<br \/>\n&lt;&lt;29\/11\/1984-KHK-243\/35 md.;  De\u011fi\u015fik f\u0131kra : 04\/03\/1987 \u2013KHK 272\/1 madde ile eklenen h\u00fck\u00fcm ve Ek  Ge\u00e7ici 16. Maddenin 1. F\u0131kras\u0131 ve 527\/12 say\u0131l\u0131 KHK ile Maddenin sonuna  eklenen h\u00fck\u00fcmlerden do\u011fan haklar\u0131m\u0131z\u0131n sakl\u0131 kalmas\u0131 kayd\u0131yla.&gt;&gt;<br \/>\nKonunun t\u00fcm \u00fcyelerimize duyurulmas\u0131 , i\u015fyeri panolar\u0131na as\u0131lmas\u0131 hususunda bilgilerinizi ve gere\u011fini rica ederiz.<br \/>\n&nbsp;<br \/>\nYavuz DEM\u0130RKAYA<br \/>\nGenel Ba\u015fkan<\/p>\n","protected":false},"excerpt":{"rendered":"<p>Tiyatro, Opera ve G\u00fczel Sanatlarda S\u00f6zle\u015fmeli \u00e7al\u0131\u015fan \u00fcyelerimiz hizmet s\u00f6zle\u015fmesi \u015ferhi SAYI\u00a0\u00a0\u00a0 :\u00a0 2009-524 KONU\u00a0 :\u00a0 Duyuru\u00a0\u00a0\u00a0\u00a0\u00a0\u00a0\u00a0\u00a0\u00a0\u00a0\u00a0\u00a0\u00a0\u00a0\u00a0\u00a0\u00a0\u00a0\u00a0\u00a0\u00a0\u00a0\u00a0\u00a0\u00a0\u00a0\u00a0\u00a0\u00a0\u00a0\u00a0\u00a0\u00a0\u00a0\u00a0\u00a0\u00a0\u00a0\u00a0\u00a0\u00a0\u00a0\u00a0\u00a0\u00a0\u00a0\u00a0\u00a0\u00a0\u00a0\u00a0\u00a0\u00a0\u00a0\u00a0\u00a0\u00a0\u00a0\u00a0\u00a0\u00a0\u00a0\u00a0\u00a0\u00a0\u00a0\u00a0\u00a0\u00a0\u00a0\u00a0\u00a0\u00a0\u00a0\u00a0\u00a0\u00a0\u00a0\u00a0\u00a0\u00a0\u00a0\u00a0\u00a0\u00a0\u00a0\u00a0\u00a0\u00a0\u00a0\u00a0 01.\/04\/2009 \u2026..\u2026\u2026.B\u00d6LGE \u015eUBE BA\u015eKANLI\u011eINA \/ \u0130L TEMS\u0130LC\u0130L\u0130\u011e\u0130NE 5441 say\u0131l\u0131 Kanunla de\u011fi\u015fik 1309 ve 1310 say\u0131l\u0131 Kanunlar\u0131n ve 657 say\u0131l\u0131 Devlet memurlar\u0131 kanununun Ek Ge\u00e7ici 12. Maddesine 29\/11\/1984- KHK-243\/35 md.; De\u011fi\u015fik f\u0131kra : 04\/03\/1987 \u2013 KHK 272\/1 madde\u00a0 ile [&hellip;]<\/p>\n","protected":false},"author":1,"featured_media":4633,"comment_status":"open","ping_status":"open","sticky":false,"template":"","format":"standard","meta":[],"categories":[26,73],"tags":[118],"_links":{"self":[{"href":"https:\/\/kultursanatsen.org.tr\/portal\/wp-json\/wp\/v2\/posts\/5367"}],"collection":[{"href":"https:\/\/kultursanatsen.org.tr\/portal\/wp-json\/wp\/v2\/posts"}],"about":[{"href":"https:\/\/kultursanatsen.org.tr\/portal\/wp-json\/wp\/v2\/types\/post"}],"author":[{"embeddable":true,"href":"https:\/\/kultursanatsen.org.tr\/portal\/wp-json\/wp\/v2\/users\/1"}],"replies":[{"embeddable":true,"href":"https:\/\/kultursanatsen.org.tr\/portal\/wp-json\/wp\/v2\/comments?post=5367"}],"version-history":[{"count":0,"href":"https:\/\/kultursanatsen.org.tr\/portal\/wp-json\/wp\/v2\/posts\/5367\/revisions"}],"wp:featuredmedia":[{"embeddable":true,"href":"https:\/\/kultursanatsen.org.tr\/portal\/wp-json\/wp\/v2\/media\/4633"}],"wp:attachment":[{"href":"https:\/\/kultursanatsen.org.tr\/portal\/wp-json\/wp\/v2\/media?parent=5367"}],"wp:term":[{"taxonomy":"category","embeddable":true,"href":"https:\/\/kultursanatsen.org.tr\/portal\/wp-json\/wp\/v2\/categories?post=5367"},{"taxonomy":"post_tag","embeddable":true,"href":"https:\/\/kultursanatsen.org.tr\/portal\/wp-json\/wp\/v2\/tags?post=5367"}],"curies":[{"name":"wp","href":"https:\/\/api.w.org\/{rel}","templated":true}]}}