{"id":5360,"date":"2009-03-21T17:23:14","date_gmt":"2009-03-21T17:23:14","guid":{"rendered":"http:\/\/arsiv1.kultursanatsen.net\/?p=5360"},"modified":"2009-03-21T17:23:14","modified_gmt":"2009-03-21T17:23:14","slug":"sigorta-prim-kesintisi","status":"publish","type":"post","link":"https:\/\/kultursanatsen.org.tr\/portal\/2009\/03\/21\/sigorta-prim-kesintisi\/","title":{"rendered":"Sigorta Prim Kesintisi"},"content":{"rendered":"<p>D\u00f6ner Sermaye \u0130\u015fletmeleri Merkez M\u00fcd\u00fcrl\u00fc\u011f\u00fcne ve Sosyal G\u00fcvenlik Kurumu  Ba\u015fkanl\u0131\u011f\u0131 Sosyal Sigortalar Genel M\u00fcd\u00fcrl\u00fc\u011f\u00fc Pirim Tahsilat Dairesi  Ba\u015fkanl\u0131\u011f\u0131na D\u00d6NER SERMAYE \u0130\u015eLETMELER\u0130 MERKEZ M\u00dcD\u00dcRL\u00dc\u011e\u00dcNE SOSYAL G\u00dcVENL\u0130K  KURUMU BA\u015eKANLI\u011eI SOSYAL S\u0130GORTALAR GENEL M\u00dcD\u00dcRL\u00dc\u011e\u00dc Prim Tahsilat  Dairesi Ba\u015fkanl\u0131\u011f\u0131na Sigorta Pirim Kesintileri ile ilgili yaz\u0131lar\u0131m\u0131z<br \/>\nKurumunuzun 10.11.2008 tarih ve 758435 yevmiyeli i\u015fleminizle  M\u00fcd\u00fcrl\u00fc\u011f\u00fcn\u00fczde 657 say\u0131l\u0131 Kanunun 4\/b stat\u00fct\u00fcs\u00fcnde \u00e7al\u0131\u015fan personele  5793 say\u0131l\u0131 Kanun gere\u011fince \u00f6denen ek \u00f6demelerden 5510 say\u0131l\u0131 Kanunun  ilgili maddeleri gere\u011fince Sigorta Primi kesintisi yap\u0131lmaktad\u0131r.<br \/>\n[download id=&#8221;27&#8243; format=&#8221;1&#8243;]<\/p>\n","protected":false},"excerpt":{"rendered":"<p>D\u00f6ner Sermaye \u0130\u015fletmeleri Merkez M\u00fcd\u00fcrl\u00fc\u011f\u00fcne ve Sosyal G\u00fcvenlik Kurumu Ba\u015fkanl\u0131\u011f\u0131 Sosyal Sigortalar Genel M\u00fcd\u00fcrl\u00fc\u011f\u00fc Pirim Tahsilat Dairesi Ba\u015fkanl\u0131\u011f\u0131na D\u00d6NER SERMAYE \u0130\u015eLETMELER\u0130 MERKEZ M\u00dcD\u00dcRL\u00dc\u011e\u00dcNE SOSYAL G\u00dcVENL\u0130K KURUMU BA\u015eKANLI\u011eI SOSYAL S\u0130GORTALAR GENEL M\u00dcD\u00dcRL\u00dc\u011e\u00dc Prim Tahsilat Dairesi Ba\u015fkanl\u0131\u011f\u0131na Sigorta Pirim Kesintileri ile ilgili yaz\u0131lar\u0131m\u0131z Kurumunuzun 10.11.2008 tarih ve 758435 yevmiyeli i\u015fleminizle M\u00fcd\u00fcrl\u00fc\u011f\u00fcn\u00fczde 657 say\u0131l\u0131 Kanunun 4\/b stat\u00fct\u00fcs\u00fcnde \u00e7al\u0131\u015fan [&hellip;]<\/p>\n","protected":false},"author":1,"featured_media":4633,"comment_status":"open","ping_status":"open","sticky":false,"template":"","format":"standard","meta":[],"categories":[26,73],"tags":[116,117],"_links":{"self":[{"href":"https:\/\/kultursanatsen.org.tr\/portal\/wp-json\/wp\/v2\/posts\/5360"}],"collection":[{"href":"https:\/\/kultursanatsen.org.tr\/portal\/wp-json\/wp\/v2\/posts"}],"about":[{"href":"https:\/\/kultursanatsen.org.tr\/portal\/wp-json\/wp\/v2\/types\/post"}],"author":[{"embeddable":true,"href":"https:\/\/kultursanatsen.org.tr\/portal\/wp-json\/wp\/v2\/users\/1"}],"replies":[{"embeddable":true,"href":"https:\/\/kultursanatsen.org.tr\/portal\/wp-json\/wp\/v2\/comments?post=5360"}],"version-history":[{"count":0,"href":"https:\/\/kultursanatsen.org.tr\/portal\/wp-json\/wp\/v2\/posts\/5360\/revisions"}],"wp:featuredmedia":[{"embeddable":true,"href":"https:\/\/kultursanatsen.org.tr\/portal\/wp-json\/wp\/v2\/media\/4633"}],"wp:attachment":[{"href":"https:\/\/kultursanatsen.org.tr\/portal\/wp-json\/wp\/v2\/media?parent=5360"}],"wp:term":[{"taxonomy":"category","embeddable":true,"href":"https:\/\/kultursanatsen.org.tr\/portal\/wp-json\/wp\/v2\/categories?post=5360"},{"taxonomy":"post_tag","embeddable":true,"href":"https:\/\/kultursanatsen.org.tr\/portal\/wp-json\/wp\/v2\/tags?post=5360"}],"curies":[{"name":"wp","href":"https:\/\/api.w.org\/{rel}","templated":true}]}}