{"id":5341,"date":"2009-03-21T15:38:55","date_gmt":"2009-03-21T15:38:55","guid":{"rendered":"http:\/\/arsiv1.kultursanatsen.net\/?p=5341"},"modified":"2020-11-15T22:32:36","modified_gmt":"2020-11-15T22:32:36","slug":"kultursen-adina-acilan-davalar","status":"publish","type":"post","link":"https:\/\/kultursanatsen.org.tr\/portal\/2009\/03\/21\/kultursen-adina-acilan-davalar\/","title":{"rendered":"K\u00dcLT\u00dcR SANAT-SEN ADINA A\u00c7ILAN DAVALAR"},"content":{"rendered":"<p><strong>1) G\u00dcZEL SANATLAR GENEL  M\u00dcD\u00dcRL\u00dc\u011e\u00dcNE BA\u011eLI\u00a0 ORKESTRA, KORO VE TOPLULUKLARDA \u00c7ALI\u015eAN PERSONELDEN  H\u0130ZMET S\u00d6ZLE\u015eMELER\u0130 NEDEN\u0130YLE\u00a0 HAR\u00c7 ALINMASININ \u0130PTAL\u0130<\/strong><\/p>\n<p>DANI\u015eTAY 11.DA\u0130RES\u0130 2008\/7426 E.:<\/p>\n<p>K\u00fclt\u00fcr ve Turizm Bakanl\u0131\u011f\u0131 aleyhine, G\u00fczel Sanatlar Genel M\u00fcd\u00fcrl\u00fc\u011f\u00fcne  ba\u011fl\u0131\u00a0 orkestra, koro ve topluluklarda \u00e7al\u0131\u015fan personelden hizmet  s\u00f6zle\u015fmeleri nedeniyle\u00a0 har\u00e7 al\u0131nmas\u0131n\u0131n iptali i\u00e7in a\u00e7\u0131lan dava olup,  halen devam etmektedir.<\/p>\n<p><!--more--><\/p>\n<p><strong>2) RAPORLU OLDUKLARI \u0130\u00c7\u0130N TE\u015eV\u0130K \u0130KRAM\u0130YELER\u0130 KES\u0130LEN K\u0130\u015e\u0130LERE  YAPILAN HAKSIZLI\u011eIN \u00d6NLENMES\u0130 \u0130\u00c7\u0130N DANI\u015eTAY 11.DA\u0130RE 2008\/15435 E.\u00a0  (Raporlu ki\u015filer i\u00e7in \u00f6rnek dava olarak a\u00e7\u0131lm\u0131\u015ft\u0131r)<\/strong><\/p>\n<p>Raporlu olduklar\u0131 i\u00e7in te\u015fvik ikramiyeleri kesilen ki\u015filere yap\u0131lan  haks\u0131zl\u0131\u011f\u0131n \u00f6nlenmesi i\u00e7in sendikam\u0131zca\u00a0 Erdal ARSOY ad\u0131na Bakanl\u0131k ve  Devlet Opera ve Balesi Genel M\u00fcd\u00fcrl\u00fc\u011f\u00fc aleyhine a\u00e7\u0131lan davada dan\u0131\u015ftay  11. daire E: 2008\/15435 K: 2009\/4585\u00a0 say\u0131l\u0131 karar\u0131 ile davan\u0131n reddine  karar verilmi\u015f olup, bu karar taraf\u0131m\u0131zdan temyiz edilmi\u015ftir.<\/p>\n<p><strong>3) 4B STAT\u00dcS\u00dcNDE \u00c7ALI\u015eAN PERSONELE \u00d6DENEN EK \u00d6DEMELERDEN YAPILAN S\u0130GORTA PR\u0130M\u0130 KES\u0130NT\u0130S\u0130\u00a0 (Ankara 15. idare mahkemesi 2009\/196)<\/strong><\/p>\n<p>Sosyal Sigortalar Kurumunun 10.11.2008 tarih ve 758435 yevmiyeli  i\u015flemiyle 657 say\u0131l\u0131 Kanunun 4\/b stat\u00fct\u00fcs\u00fcnde \u00e7al\u0131\u015fan personele 5793  say\u0131l\u0131 Kanun gere\u011fince \u00f6denen ek \u00f6demelerden 5510 say\u0131l\u0131 Kanunun ilgili  maddeleri gere\u011fince Sigorta Primi kesintisi yap\u0131lmaktad\u0131r.<br \/>\nYap\u0131lan bu i\u015flem usul ve yasaya ayk\u0131r\u0131 bir durum olu\u015fturmaktad\u0131r \u015f\u00f6yle ki;<br \/>\nMaliye Bakanl\u0131\u011f\u0131\u2019n\u0131n 22.10.2008 tarih 16352 say\u0131l\u0131 Genelgesinin ikinci  maddesinde \u201cEk \u00d6demenin hak kazan\u0131lmas\u0131nda ve\u00a0\u00a0\u00a0\u00a0\u00a0\u00a0\u00a0\u00a0 \u00f6denmesinde  ayl\u0131klara ili\u015fkin h\u00fck\u00fcmler uygulanacak ve bu \u00f6deme damga vergisi hari\u00e7  herhangi bir vergi ve kesintiye tabi tutulmayacakt\u0131r. Bu \u00f6deme,  personelin mali haklar\u0131na ba\u011fl\u0131 olarak, ilgili mevzuat\u0131 uyar\u0131nca  \u00f6denmekte olan zam, tazminat \u00f6denerek D\u00d6NER SERMAYE PAYI, \u0130kramiye,  \u00fccret ve her ne ad alt\u0131nda olursa olsun yap\u0131lan benzeri \u00f6demelerin  hesab\u0131nda dikkate al\u0131nmayacakt\u0131r.\u201d Denilerek yap\u0131lan bu \u00f6demelerden  sigorta primi veya ba\u015fka kesintilerin yap\u0131lmas\u0131n\u0131 yasaklam\u0131\u015ft\u0131r.<br \/>\nMaliye Bakanl\u0131\u011f\u0131n\u0131n Genelgesine bu kadar a\u00e7\u0131k ve yorum gerektirmezken  yap\u0131lan uygulama a\u00e7\u0131k\u00e7a hukuka ve kanuna ayk\u0131r\u0131d\u0131r. Bu yasal olmayan  i\u015flemin iptali ve y\u00fcr\u00fctmesinin durdurulmas\u0131 i\u00e7in Ankara 15. \u0130dare  Mahkemesi 2009\/79 esas numaras\u0131yla dava a\u00e7\u0131lm\u0131\u015ft\u0131r.<\/p>\n<p><strong><br \/>\n4) \u0130STANBUL ATAT\u00dcRK K\u00dcLT\u00dcR MERKEZ\u0130NE A\u0130T AVAN PROJE TAD\u0130LATINA \u0130L\u0130\u015eK\u0130N  KARAR VE EK\u0130 AVAN PROJEN\u0130N \u0130PTAL\u0130 VE Y\u00dcR\u00dcTMEN\u0130N DURDURULMASI TALEPL\u0130  DAVA (\u0130stanbul 9. idare 2009\/79 )<\/strong><\/p>\n<p>\u0130stanbul II numaral\u0131 K\u00fclt\u00fcr ve Tabiat Varl\u0131klar\u0131n\u0131 Koruma B\u00f6lge  Kurulu\u2019nun 24.12.2008 tarih 2268 say\u0131l\u0131 karar\u0131yla \u0130stanbul, Beyo\u011flu 79  pafta 750 ada 104 parselde bulunan \u0130stanbul Atat\u00fcrk K\u00fclt\u00fcr Merkezine ait  avan proje tadilat\u0131na ili\u015fkin karar ve eki avan projenin iptali ve  y\u00fcr\u00fctmenin durdurulmas\u0131 talepli dava a\u00e7\u0131lm\u0131\u015ft\u0131r. \u0130stanbul \u0130dare  Mahkemesine esastan a\u00e7m\u0131\u015f oldu\u011fumuz dava sendikam\u0131z lehine  sonu\u00e7lanm\u0131\u015ft\u0131r.<br \/>\n<strong><br \/>\n5) ASPENDOS (ANTALYA 1. \u0130DARE MAHKEMES\u0130\u00a0 2009 \/ 160 E.)<\/strong><\/p>\n<p>K\u00fclt\u00fcr ve Turizm Bakanl\u0131\u011f\u0131 aleyhine,\u00a0 Aspendos Tiyatrosunun do\u011fusundaki  1.derece arkeolojik sit alan\u0131ndaki bir ta\u015f\u0131nmazda a\u00e7\u0131k hava tiyatrosu  in\u015faa edilmesine y\u00f6nelik Antalya K\u00fclt\u00fcr ve Tabiat Varl\u0131klar\u0131n\u0131 Koruma  B\u00f6lge\u00a0\u00a0 Kurulunun 01.05.2008 tarih ve 2306 say\u0131l\u0131 karar\u0131 iptali i\u00e7in  y\u00fcr\u00fctmenin durdurulmas\u0131 istekli a\u00e7\u0131lan dava olup, devam etmektedir.  Yetki y\u00f6n\u00fcnden Antalya \u0130dare Mahkemesine\u00a0 g\u00f6nderildi. \u0130lgili dayavaya  bilirki\u015fi incelemesi yap\u0131lacakt\u0131r. Bilirki\u015fi\u00a0 raporu ve y\u00fcr\u00fctmenin  durdurulmas\u0131\u00a0 karar\u0131 aleyhte oup, gerekli\u00a0 itirazlar\u0131 yap\u0131d\u0131. Antalya 1.  idare mah. 26.04.2010 tarih ,E:2009\/160 K:2010\/421 say\u0131l\u0131 karar ile  reddedilen dava taraf\u0131m\u0131zdan temyiz edilmi\u015ftir.<br \/>\n<strong><br \/>\n6) EK \u00d6DEMEYE \u0130L\u0130\u015eK\u0130N KARAR \u0130LE BAZI BAKANLAR KURULU KARARLARINDA  DE\u011e\u0130\u015e\u0130KL\u0130K YAPILMASINA \u0130L\u0130\u015eK\u0130N KARARIN 1. MADDES\u0130N\u0130N KARARIN GE\u00c7\u0130C\u0130  B\u0130R\u0130NC\u0130 MADDES\u0130N\u0130N \u0130PTAL\u0130 (Dan\u0131\u015ftay 11. dairesi 2009\/1534)<\/strong><\/p>\n<p>30.12.2008 tarih ve 27096 say\u0131l\u0131 Resmi Gazetede yay\u0131nlanan 375 say\u0131l\u0131  Kanun H\u00fckm\u00fcnde Kararnamenin Ek 3 \u00fcnc\u00fc maddesi uyar\u0131nca yap\u0131lacak ek  \u00f6demeye ili\u015fkin karar ile baz\u0131 Bakanlar Kurulu kararlar\u0131nda de\u011fi\u015fiklik  yap\u0131lmas\u0131na ili\u015fkin karar\u0131n ge\u00e7ici 1.maddesinin (Kadrolar\u0131 teknik  hizmetler s\u0131n\u0131f\u0131n\u0131n (a) ve (b) s\u0131ras\u0131nda m\u00fcd\u00fcr kadrolar\u0131nda \u00e7al\u0131\u015fanlar\u0131n  ek \u00f6demeleri %100 oran\u0131nda y\u00fckselirken, Yine Teknik hizmetler s\u0131n\u0131f\u0131n\u0131n  (c ) s\u0131ras\u0131nda yer alanlarla, Genel \u0130dare hizmetleri s\u0131n\u0131f\u0131nda \u00e7al\u0131\u015fan  idari kadrolara ili\u015fkin herhangi bir d\u00fczenleme yap\u0131lmayarak tam bir  e\u015fitsizlik yarat\u0131ld\u0131\u011f\u0131 g\u00f6r\u00fcnmektedir.)\u00a0 iptali iptali ve y\u00fcr\u00fct\u00fclmesinin  durdurulmas\u0131 talepli Dan\u0131\u015ftay\u2019a dava a\u00e7\u0131lm\u0131\u015ft\u0131r. Bu hususta bizim  istedi\u011fimiz anlamda d\u00fczenleme yap\u0131lm\u0131\u015ft\u0131r. Ancak II say\u0131l\u0131 cetvelin A  b\u00f6l\u00fcm\u00fcnde yer alan di\u011fer kadrolara bu uygulama yap\u0131lmam\u0131\u015ft\u0131r. Devlet  memurlar\u0131na \u00f6denecek zam ve tazminatlara ili\u015fkin karara ekli (II) say\u0131l\u0131  cetvelin (A) b\u00f6l\u00fcm\u00fcnde yer alan di\u011fer kadrolara da (idari kadrolar  d\u0131\u015f\u0131ndakiler) uygulaman\u0131n yap\u0131lmamas\u0131 talebinin reddi i\u015fleminin iptali  ve y\u00fcr\u00fctmesinin durdurulmas\u0131 istemli dava a\u00e7\u0131lm\u0131\u015ft\u0131r.<\/p>\n<p><strong>7) DO\u011eUM \u0130ZN\u0130 KONUSUNDA Y\u00d6NETMEL\u0130K \u0130PTAL\u0130 DAVASI DANI\u015eTAY 12. DA\u0130RE\u00a0\u00a0 2009 \/ 2488 E.<\/strong><br \/>\nDevlet Opera ve Balesi Genel M\u00fcd\u00fcrl\u00fc\u011f\u00fc aleyhine, do\u011fum izni konusundaki  y\u00f6netmeli\u011fin 63. maddesindeki yer alan \u201c do\u011fumdan \u00f6ncesi ve sonras\u0131  6\u2019\u015far hafta olarak belirlenmi\u015f h\u00fckm\u00fcn \u201c657 say\u0131l\u0131 yasada belirtilen 8\u2019er  haftal\u0131k s\u00fcreye ayk\u0131r\u0131l\u0131\u011f\u0131 sebebiyle 63.madde h\u00fckm\u00fcn\u00fcn ve daval\u0131 idare  i\u015fleminin iptali i\u00e7in a\u00e7\u0131lan dava olup, halen devam etmektedir.<\/p>\n<p><strong>8) 4B S\u00d6ZLE\u015eMEL\u0130 STAT\u00dcDE \u0130ST\u0130HDAM ED\u0130LEN SANAT TAR\u0130H\u00c7\u0130LER\u0130N TEKN\u0130K H\u0130ZMETLER SINIFINA ALINMASI<br \/>\n<\/strong>(ANKARA 1.\u0130DARE MAHKEMES\u0130 ESAS NO: 2009\/769)<br \/>\nKonusunda Ankara \u0130dare Mahkemesi Ba\u015fkanl\u0131\u011f\u0131na 08.06.2009 tarihinde dava a\u00e7\u0131lm\u0131\u015ft\u0131r.<\/p>\n<p><strong>9)\u00a0 M\u00dcZE ARA\u015eTIRMACILARI HAKKINDA A\u00c7TI\u011eIMIZ DAVA<\/strong><br \/>\n(Ankara 11.\u0130dare Mahkemesi Esas No:2009\/827)<br \/>\nM\u00fcze Ara\u015ft\u0131rmac\u0131s\u0131 kadrosunda istihdam edilen arkeoloji ve sanat tarihi,  arkeoloji, antropoloji, etnoloji, hititoloji, s\u00fcmeroloji ve klasik  filoloji anabilim dallar\u0131ndan mezunlar\u0131n Teknik Hizmetler s\u0131n\u0131f\u0131na  al\u0131nmas\u0131 ile ilgili davam\u0131z 16.06.2009 tarihinde a\u00e7\u0131lm\u0131\u015ft\u0131r.<\/p>\n<p><strong>10) H\u0130ZMET S\u00d6ZLE\u015eMES\u0130N\u0130N \u0130PTAL\u0130<\/strong><br \/>\n(Ankara 12.\u0130dare Mahkemesi Esas No: 2009\/792)<br \/>\nK\u00fclt\u00fcr Ve Turizm Bakanl\u0131\u011f\u0131 Devlet Korolar\u0131 Ve Topluluklar\u0131nda s\u00f6zle\u015fmeli  olarak \u00e7al\u0131\u015fan personel hakk\u0131nda s\u00f6zle\u015fme akitlerinin hizmet s\u00f6zle\u015fmesi  oldu\u011funu bildirir K\u00fclt\u00fcr Ve Turizm Bakanl\u0131\u011f\u0131 G\u00fczel Sanatlar Genel  M\u00fcd\u00fcrl\u00fc\u011f\u00fcn\u00fcn idare i\u015fleminin iptali, y\u00f6netmelik gere\u011fi idari s\u00f6zle\u015fmeli  olduklar\u0131na \u00f6ncelikle de dava konusu i\u015flemin y\u00fcr\u00fct\u00fclmesinin durdurmas\u0131na  karar verilmesi istemiyle dava a\u00e7\u0131lm\u0131\u015ft\u0131r.<\/p>\n<p><strong>11) H\u0130ZMET S\u00d6ZLE\u015eMES\u0130N\u0130N BAZI MADDELER\u0130N\u0130N \u0130PTAL\u0130<br \/>\nANKARA 1. \u0130DARE MAHKEMES\u0130 2010\/798 E.<\/strong><br \/>\nK\u00fclt\u00fcr ve Turizm Bakanl\u0131\u011f\u0131 aleyhine, G\u00fczel Sanatlar Genel M\u00fcd\u00fcrl\u00fc\u011f\u00fc  orkestra-koro topluluk hizmet s\u00f6zle\u015fmesinin baz\u0131 maddelerinin iptali  i\u00e7in a\u00e7\u0131lan dava olup, halen devam etmektedir<\/p>\n<p><strong>12) SANAT KURUMLARINDAK\u0130 \u0130DAR\u0130 S\u00d6ZLE\u015eMEL\u0130LER\u0130N UYARMA VE KINAMA CEZALARINA KAR\u015eI DAVA A\u00c7ILAB\u0130LECE\u011e\u0130NE \u0130L\u0130\u015eK\u0130N<\/strong><\/p>\n<p>657 say\u0131l\u0131 yasan\u0131n Ek ge\u00e7ici 12. Maddesi h\u00fckm\u00fc\u00a0 uyar\u0131nca idari  s\u00f6zle\u015fmeli koro sanat\u00e7\u0131s\u0131 olarak \u00e7al\u0131\u015fan Ethem DEM\u0130R\u2019e 657 say\u0131l\u0131  yasan\u0131n uyarma ve k\u0131nama cezalar\u0131na kar\u015f\u0131 yarg\u0131 yolunu kapatan  h\u00fck\u00fcmlerinin uygulanamayaca\u011f\u0131 gerek\u00e7esi ile Dan\u0131\u015ftay 12. Dairesi Ethem  DEM\u0130R lehine karar vermi\u015f, bu durum kendisi gibi idari s\u00f6zle\u015fmeli olarak  \u00e7al\u0131\u015fan personele uyarma ve k\u0131nama cezalar\u0131na kar\u015f\u0131 yarg\u0131 yolunu  a\u00e7m\u0131\u015ft\u0131r.<\/p>\n<p><strong>13) 30 G\u00dcN RAPOR ALANLARLA \u0130LG\u0130L\u0130 N\u0130HA\u0130 KARAR<\/strong><br \/>\nDevlet Opera ve Balesi Genel M\u00fcd\u00fcrl\u00fc\u011f\u00fcnde s\u00f6zle\u015fmeli stat\u00fcde ba\u015f  perukac\u0131 olarak g\u00f6rev yapan \u00fcyemiz Fethi KAVUNCU ad\u0131na,\u00a0 2008 Aral\u0131k  d\u00f6nemi te\u015fvik ikramiyesinin \u00f6denmesi talebinin reddine dair i\u015flem ile bu  i\u015flemin dayana\u011f\u0131 olan ve 07.05.2008 tarih ve 1759 say\u0131l\u0131 bakanl\u0131k onay\u0131  ile uygulamaya konulan Devlet Opera ve Balesi Genel M\u00fcd\u00fcrl\u00fc\u011f\u00fc 2008 y\u0131l\u0131  te\u015fvik ikramiyesi \u00f6deme k\u0131staslar\u0131n\u0131n 11. Maddesinin parantez  i\u00e7erisinde yer alan \u201cbir aydan fazla raporlu olanlar\u201d ibaresinin iptali  istemiyle a\u00e7t\u0131\u011f\u0131m\u0131z davada Dan\u0131\u015ftay 11. daire E:2009\/1160\u00a0 K:2010\/10010  say\u0131l\u0131 karar ile nihai karar\u00a0 lehimize sonu\u00e7lanm\u0131\u015ft\u0131r.<\/p>\n<p><strong>14) UYARMA CEZASI ALDI\u011eI BAH\u0130SLE TE\u015eV\u0130K \u0130KRAM\u0130YES\u0130 \u00d6DEMES\u0130NDEN YARARLANDIRILMAMASI<br \/>\n<\/strong><br \/>\nTe\u015fvik ikramiyesinin \u00f6denmesinde ba\u015far\u0131l\u0131 g\u00f6rev yapma \u00f6l\u00e7\u00fct\u00fc d\u0131\u015f\u0131nda  ilgili bakana herhangi bir \u00f6l\u00e7\u00fct saptama yetkisinin verilmedi\u011fi bu  nedenle g\u00f6revin ba\u015far\u0131l\u0131 bir \u015fekilde ifa edilmemesinden kaynaklanmayan  ve yarg\u0131 denetimi d\u0131\u015f\u0131nda tutulan k\u0131nama cezas\u0131 dayanak al\u0131narak te\u015fvik  ikramiyesi \u00f6denmemesinin hukuka ayk\u0131r\u0131l\u0131\u011f\u0131n\u0131n yarg\u0131 karar\u0131yla da sabit  oldu\u011fu ,bu sistemin 2. bir cezaland\u0131rma sistemine d\u00f6n\u00fc\u015ft\u00fc\u011f\u00fc gerek\u00e7esiyle  \u00fcyelerimiz \u00c7ukurova Devlet Senfoni Orkestras\u0131 sanat\u00e7\u0131lar\u0131 Mahmut B\u00fclent  DEM\u0130REL ve Zafer TEOMETE ad\u0131na ayr\u0131 ayr\u0131 a\u00e7t\u0131\u011f\u0131m\u0131z 2 davada da Adana 1.  2. \u0130dare mahkemeleri \u00fcyelerimizin lehine karar vermi\u015flerdir.<\/p>\n<p><strong>15) S\u0130T ALANLARINDA T\u0130CAR\u0130 \u0130\u015eLETMELER KURULMASINA Y\u00d6NEL\u0130K \u0130LKE KARARININ \u0130PTAL\u0130 \u0130\u00c7\u0130N DANI\u015eTAY 6.DA\u0130RE 2008\/9264 E.<\/strong><\/p>\n<p>K\u00fclt\u00fcr ve Turizm Bakanl\u0131\u011f\u0131 aleyhine, K\u00fclt\u00fcr ve Tabiat Varl\u0131klar\u0131n\u0131  Koruma Y\u00fcksek Kurulunun 05.08.2008 tarihli, 26088 say\u0131l\u0131 Sit alanlar\u0131nda  ticari i\u015fletmeler kurulmas\u0131na y\u00f6nelik ilke karar\u0131n\u0131n iptali i\u00e7in  Y\u00fcr\u00fctmenin Durdurulmas\u0131 istekli a\u00e7\u0131lan davad\u0131r. Y\u00fcr\u00fctmeyi durdurma  talebimiz reddedildi. Dan\u0131\u015ftay 6. Dairesinin 22.09.2010 tarih  E:2008\/9264 K:2010\/8304 say\u0131l\u0131 karar ile reddedilmi\u015ftir. Karar  taraf\u0131m\u0131zdan temyiz edildi.<br \/>\n<strong><br \/>\n16 ) G\u00d6REVDE Y\u00dcKSELME VE UNVAN DE\u011e\u0130\u015e\u0130KL\u0130\u011e\u0130 SINAVINDA HATALI PUANLAMA.<\/strong><\/p>\n<p>K\u00fclt\u00fcr Ve Turizm Bakanl\u0131\u011f\u0131\u2019n\u0131n G\u00f6revde Y\u00fckselme Ve Unvan De\u011fi\u015fikli\u011fi  S\u0131nav\u0131nda hatal\u0131 puanlama yapt\u0131\u011f\u0131, Ankara 9. \u0130dare Mahkemesince tespit  edildi. \u015e\u00f6yle ki;<br \/>\nK\u00fclt\u00fcr Ve Turizm Bakanl\u0131\u011f\u0131nca yap\u0131lan G\u00f6revde Y\u00fckselme Ve Unvan  De\u011fi\u015fikli\u011fi S\u0131nav sorular\u0131n\u0131n bir k\u0131sm\u0131 Sendikam\u0131zca a\u00e7\u0131lan davalar  sonucunda Mahkemelerce iptal edildikten sonra, Bakanl\u0131k\u00e7a yeniden  yap\u0131lan de\u011ferlendirmede hataya d\u00fc\u015f\u00fcld\u00fc\u011f\u00fc bu sebeple de bir k\u0131s\u0131m  adaylar\u0131n\u00a0 70 ge\u00e7me notunun alt\u0131nda kald\u0131\u011f\u0131 a\u00e7\u0131klanm\u0131\u015ft\u0131.<br \/>\nBu konuda sendika \u00fcyemiz H\u00fcseyin G\u00fcndo\u011fan ad\u0131na Ankara 9. \u0130dare  Mahkemesinde a\u00e7\u0131lan davada; \u0130PTAL ED\u0130LEN SORULARIN DO\u011eRU CEVAP VER\u0130LM\u0130\u015e  OLARAK DE\u011eERLEND\u0130R\u0130LMES\u0130 GEREK\u0130RKEN, BUNUN YAPILMAMASININ HATALI OLDU\u011eU  BEL\u0130RT\u0130LEREK, DAVACI \u00dcYEM\u0130Z\u0130N 69,73 PUANLA BA\u015eARISIZ SAYILDI\u011eI SINAV  SONUCU 71,25 PUAN, YAN\u0130 \u201cBARAJI GE\u00c7EN PUAN\u201d OLARAK TESP\u0130T ED\u0130LM\u0130\u015eT\u0130R. Ve  bu konuda mahkemece Y\u00fcr\u00fctmenin Durdurulmas\u0131 Karar\u0131 verilmi\u015ftir. Bu  karar sonucu \u00fcyemiz H\u00fcseyin G\u00fcndo\u011fan\u2019\u0131n \u015fef olarak atamas\u0131 yap\u0131lm\u0131\u015ft\u0131r.  Ankara 9. idare Mah. E:2010\/1223 K:2011\/153 say\u0131l\u0131 karar kabul.<\/p>\n<p><strong>17) M\u00dcZE VE \u00d6RENYERLER\u0130N\u0130N \u0130\u015eLET\u0130M\u0130 , G\u0130\u015eE KONTROL S\u0130STEMLER\u0130N\u0130N  MODERN\u0130ZASYONU VE Y\u00d6NET\u0130M\u0130 \u0130HALE \u0130\u015eLEM\u0130N\u0130N \u0130PTAL\u0130 VE Y\u00dcR\u00dcTMEN\u0130N  DURDURULMASI TALEPL\u0130 DAVAMIZ.<\/strong><\/p>\n<p>K\u00fclt\u00fcr ve Turizm Bakanl\u0131\u011f\u0131 D\u00f6ner Sermaye \u0130\u015fletmesi Merkez M\u00fcd\u00fcrl\u00fc\u011f\u00fc  taraf\u0131ndan , 13.09.2010 tarihinde 2886 say\u0131l\u0131 Devlet \u0130hale Kanununun 51.  Maddesinin (g) bendi uyar\u0131nca pazarl\u0131k usulu ile yap\u0131lan \u201cM\u00fcze ve  \u00d6renyerleri Gi\u015felerinin \u0130\u015fletimi , Giri\u015f Kontrol Sistemlerinin  Modernizasyonu ve Y\u00f6netimi \u0130\u015fi \u0130halesi\u201dnin y\u00fcr\u00fctmesinin durdurulmas\u0131 ve  iptali istemli dava a\u00e7\u0131lm\u0131\u015ft\u0131r.<\/p>\n<p><strong>18 ) DEVLET OPERA VE BALES\u0130 GENEL M\u00dcD\u00dcRL\u00dc\u011e\u00dc PERSONEL\u0130 G\u00d6REVDE  Y\u00dcKSELME VE UNVAN DE\u011e\u0130\u015e\u0130KL\u0130\u011e\u0130 Y\u00d6NETMEL\u0130\u011e\u0130N\u0130N GE\u00c7\u0130C\u0130 2. MADDES\u0130N\u0130N \u0130PTAL\u0130<br \/>\nDANI\u015eTAY BA\u015eKANLI\u011eI HZ. NO: 2011\/44089<\/strong><\/p>\n<p>06.01.2011 tarih ve 27807 say\u0131l\u0131 resmi gazetede yay\u0131nlanan Devlet Opera  ve Balesi Genel M\u00fcd\u00fcrl\u00fc\u011f\u00fc personeli g\u00f6revde y\u00fckselme ve unvan  de\u011fi\u015fikli\u011fi y\u00f6netmeli\u011finin ge\u00e7ici 2. maddesinin iptali i\u00e7in\u00a0 a\u00e7\u0131lan dava  olup, devam etmektedir.<\/p>\n<p><strong>19) \u0130STANBUL AZ\u0130Z BERKER K\u00dcT\u00dcPHANES\u0130 \u00c7ALI\u015eANLARI G\u00d6ZETLEMEK \u00dcZERE KURULAN KAMERALARIN KALDIRILMASI<\/strong><\/p>\n<p>Aziz Berker K\u00fct\u00fcphanesinde\u00a0 \u00e7al\u0131\u015fanlar\u0131 g\u00f6zetlemek \u00fczere kurulan  kameralar\u0131n\u00a0 \u201c \u00f6zel hayat\u0131n gizlili\u011fi.\u201d ilkesine ayk\u0131r\u0131\u00a0 oldu\u011fu  gerek\u00e7esi ile kameralar\u0131n kald\u0131r\u0131lmas\u0131 i\u00e7in istanbul valili\u011fi\u2019ne ba\u015fvuru  yap\u0131lm\u0131\u015f\u00a0 olup, uygulaman\u0131n yasal s\u00fcresi i\u00e7inde d\u00fczeltilmemesi halinde  dava yoluna gidilecektir.<\/p>\n<p><strong>20)G\u00dcZEL SANATLAR GENEL M\u00dcD\u00dcRL\u00dc\u011e\u00dcNE BA\u011eLI DEVLET HALK DANSLARI TOPLULU\u011eU\u00a0KURUMUNDA KONULAN KAMERALARIN KALDIRILMASI <\/strong><\/p>\n<p>18. ANKARA 2. \u0130DARE MAH. 2011\/930 E.<br \/>\nG\u00fczel Sanatlar Genel M\u00fcd\u00fcrl\u00fc\u011f\u00fc\u2019ne ba\u011fl\u0131 Devlet Halk Danslar\u0131 Toplulu\u011fu\u00a0  kurumunda konulan kameralar\u0131n\u00a0 \u201c \u00f6zel hayat\u0131n gizlili\u011fi.\u201d ilkesine  ayk\u0131r\u0131 oldu\u011fu gerek\u00e7esi ile kameralar\u0131n kald\u0131r\u0131lmas\u0131 i\u00e7in istanbul  valili\u011fi\u2019ne ba\u015fvuru yap\u0131lm\u0131\u015f\u00a0\u00a0 olup, uygulaman\u0131n yasal s\u00fcresi i\u00e7inde  d\u00fczeltilmedi\u011fi i\u00e7in\u00a0 K\u00fclt\u00fcr ve Turizm Bakanl\u0131\u011f\u0131 aleyhine a\u00e7\u0131lm\u0131\u015f dava  olup ,devam etmektedir.<\/p>\n<p><strong>21- DEVLET OPERA VE BALES\u0130 GENEL  M\u00dcD\u00dcRL\u00dc\u011e\u00dc NORM POZ\u0130SYON USUL VE ESASLARININ II-KURUM \u0130\u00c7\u0130 ATAMALAR  BA\u015eLI\u011eININ 1. MADDES\u0130N\u0130N \u0130PTAL\u0130 \u0130\u00c7\u0130N<br \/>\n<\/strong>17. DANI\u015eTAY 5. DA\u0130RE BA\u015eKANLI\u011eI 2011\/1975 E.<br \/>\nDAVACI: S\u00dcL\u00dcN DUYULUR<br \/>\nDevlet Opera ve Balesi Genel M\u00fcd\u00fcrl\u00fc\u011f\u00fc norm pozisyon usul ve esaslar\u0131n\u0131n  \u0131\u0131-kurum i\u00e7i atamalar ba\u015fl\u0131\u011f\u0131n\u0131n 1. maddesinin iptali i\u00e7in a\u00e7\u0131lan dava  olup, devam etmektedir.<\/p>\n<p><strong>22- DEVLET KORO VE TOPLULUKLARI Y\u00d6NETMEL\u0130\u011e\u0130NDE DE\u011e\u0130\u015e\u0130KL\u0130K\u201d\u00a0 YAPILMASI HAKKINDAK\u0130 Y\u00d6NETMEL\u0130\u011e\u0130N \u0130PTAL\u0130<br \/>\n<\/strong>19. DANI\u015eTAY 5. DA\u0130RE BA\u015eKANLI\u011eI HZ. NO: 2011\/122001<br \/>\n01.04.2011 tarih ve 27892 say\u0131l\u0131 resmi gazetede yay\u0131mlanarak y\u00fcr\u00fcrl\u00fc\u011fe  giren \u201c devlet koro ve topluluklar\u0131 y\u00f6netmeli\u011finde de\u011fi\u015fiklik\u201d\u00a0  yap\u0131lmas\u0131 hakk\u0131ndaki y\u00f6netmeli\u011fin iptali i\u00e7in a\u00e7\u0131lan dava olup devam  etmektedir.<\/p>\n<p><strong>23- M\u00dcDAH\u0130L OLARAK KATILMA TALEB\u0130<br \/>\n<\/strong>20.\u00a0 \u0130STANBUL 2. \u0130DARE MAHKEMES\u0130 2010\/2544 E.<br \/>\nDavac\u0131 : TMMOB mimarlar odas\u0131; k\u00fclt\u00fcr ve turizm bakanl\u0131\u011f\u0131 ve istanbul  b\u00fcy\u00fck\u015fehir belediye ba\u015fkanl\u0131\u011f\u0131 aleyhine a\u00e7m\u0131\u015f oldu\u011fu cevizli tekel  alan\u0131yla ilgili dava olup, sendika ad\u0131na davac\u0131 yan yan\u0131nda m\u00fcdahil  olarak kat\u0131lma talebinde bulunuldu.<\/p>\n<p><strong>G\u00d6REVDE\u00a0 Y\u00dcKSELME SINAV SORULARI\u00a0 \u0130PTAL\u0130 DAVALARI<\/strong><\/p>\n<p><strong>A- SEND\u0130KA ADINA <\/strong><\/p>\n<p><strong>1. K\u00dcLT\u00dcRSEN ADINA\u00a0 ( M\u00dcZE M\u00dcD\u00dcRL\u00dc\u011e\u00dc T\u00dcM \u00dcYELER\u0130 KAPSAYAN )<\/strong><br \/>\nANK. 2. \u0130DARE MAH. E: 2007\/ 570\u00a0 K: 2007\/ 1489 MAHKEME KARARI \u0130LE  EHL\u0130YETTEN REDDED\u0130LEN DAVA, YAPTI\u011eIMIZ TEMY\u0130Z SONUCU DANI\u015eTAY  5.DA\u0130RES\u0130NCE LEH\u0130M\u0130ZE BOZULDU.<br \/>\nDAVA\u00a0\u00a0 E: 2008\/789\u00a0 K: 2008 \/ 2164\u00a0 SAYILI KARARI \u0130LE\u00a0\u00a0\u00a0 ANKARA 3. \u0130DARE  MAHKEMES\u0130NDE\u00a0 E: 2007 \/ 684\u00a0\u00a0 DEVAM EDEN\u00a0 DAVA \u0130LE\u00a0\u00a0 \u0130LE\u00a0 B\u0130RLE\u015eME  KARARI VERD\u0130. DAVA YEN\u0130 ESASLA ANKARA 3. \u0130DARE MAH. E:2008\/1909  K:2009\/394 SAYILI KARARI \u0130LE 6. ve 67. SORULAR \u0130PTAL ED\u0130LD\u0130.<\/p>\n<p><strong><br \/>\n2. K\u00dcLT\u00dcRSEN ADINA\u00a0 ( K\u00dcT\u00dcPHANE\u00a0 M\u00dcD\u00dcRL\u00dc\u011e\u00dc T\u00dcM \u00dcYELER\u0130 KAPSAYAN )<\/strong><br \/>\nANK. 2. \u0130DARE\u00a0 MAH.\u00a0 E: 2007\/571\u00a0 K: 2007\/ 1493\u00a0 MAHKEME KARARI \u0130LE  EHL\u0130YETTEN REDDED\u0130LEN DAVA, TEMY\u0130Z SONUCU DANI\u015eTAY 5.DA\u0130RES\u0130NCE LEH\u0130M\u0130ZE  BOZULDU. DAVA\u00a0 E: 2008\/790\u00a0 K: 2009\/63 SAYILI KARARI \u0130LE 6. VE 59.  SORUNUN \u0130PTAL ED\u0130LD\u0130.\u00a0\u00a0 ANCAK BA\u015eKA \u015eAHISLAR ADINA\u00a0 ANKARA\u00a0 3. \u0130DARE  MAHKEMES\u0130NDE A\u00c7MI\u015e OLDU\u011eUMUZ DAVADA 6-55-75. SORULARIN \u0130PTAL\u0130NE KARAR  VER\u0130LD\u0130\u011e\u0130NDEN DO\u011eAN \u00c7EL\u0130\u015eK\u0130N\u0130N G\u0130DER\u0130LMES\u0130 \u0130\u00c7\u0130N KARAR TEMY\u0130Z ED\u0130LD\u0130.  DANI\u015eTAY 5. DA\u0130RE E:2009\/2336\u00a0 K:2009\/4781 SAYILI KARAR \u0130LE \u0130DAR\u0130 \u0130\u015eLEM  BULUNMADI\u011eI GEREK\u00c7ES\u0130 \u0130LE BOZMA KARARI VERD\u0130.KARAR D\u00dcZELTME  \u0130STEND\u0130.KARAR D\u00dcZELTME REDDED\u0130LD\u0130.\u00a0 \u0130DARE MAHKEMES\u0130NDEN KARAR  BEKLEN\u0130YOR.<\/p>\n<p><strong>3. K\u00dcLT\u00dcRSEN\u00a0 ADINA\u00a0 ( \u015eUBE M\u00dcD\u00dcRL\u00dc\u011e\u00dc T\u00dcM \u00dcYELER\u0130 KAPSAYAN )<\/strong><br \/>\nANK. 2. \u0130DARE MAH.\u00a0 E:2007\/572\u00a0 K: 2007\/ 1490 MAHKEME\u00a0 KARARI\u00a0 \u0130LE  EHL\u0130YETTEN REDDED\u0130LEN DAVA, YAPTI\u011eIMIZ TEMY\u0130Z SONUCU\u00a0 DANI\u015eTAY 5.  DA\u0130RES\u0130NCE LEH\u0130M\u0130ZE BOZULDU. DAVA<br \/>\nE: 2008\/791\u00a0 K: 2008 \/ 2375\u00a0 SAYILI KARAR \u0130LE 6. SORUNUN \u0130PTAL ED\u0130LD\u0130.<\/p>\n<p><strong>4. K\u00dcLT\u00dcRSEN ADINA (\u00a0 \u015eEFL\u0130K\u00a0 T\u00dcM \u00dcYELER\u0130 KAPSAYAN ) <\/strong><br \/>\nANK. 2. \u0130DARE MAH. E: 2007\/573\u00a0 K: 2007\/ 1516 MAH. KARARI \u0130LE EHL\u0130YETTEN  REDDED\u0130LEN DAVA, YAPTI\u011eIMIZ TEMY\u0130Z SONUCU\u00a0 DANI\u015eTAY 5. DA\u0130RES\u0130NCE  LEH\u0130M\u0130ZE BOZULDU. YEN\u0130 ESASLA DEVAM EDEN\u00a0 DAVA E: 2008\/1809\u00a0\u00a0  K:2009\/1832\u00a0 SAYILI KARAR \u0130LE\u00a0 6-44-64-74.\u00a0 SORULAR\u00a0 \u0130PTAL ED\u0130LD\u0130.\u00a0  KURUM TEMY\u0130Z ETT\u0130.<\/p>\n<p><strong>B- SEND\u0130KA \u00dcYELER\u0130 ADINA<\/strong><\/p>\n<p><strong>1. K\u00dcT\u00dcPHANE M\u00dcD\u00dcRL\u00dc\u011e\u00dc<\/strong><br \/>\n( YAVUZ\u00a0 DEM\u0130RKAYA-\u00d6ZCAN YOLDA\u015e-.MUSTAFA KARABACAK<br \/>\nANK. 13 \u0130DARE MAH. E:2007\/1764\u00a0 K: 2008\/1172\u00a0 SAYILI KARARI \u0130LE\u00a0 6. ve  59. SORULARIN\u00a0 \u0130PTAL\u0130NE KARAR VER\u0130LD\u0130.\u00a0 ANCAK, BA\u015eKA \u015eAHISLAR ADINA  ANKARA\u00a0 3. \u0130DARE MAHKEMES\u0130NDE A\u00c7MI\u015e OLDU\u011eUMUZ DAVADA 6-55-75. SORULARIN  \u0130PTAL\u0130NE KARAR VER\u0130LD\u0130\u011e\u0130NDEN DO\u011eAN \u00c7EL\u0130\u015eK\u0130N\u0130N G\u0130DER\u0130LMES\u0130 \u0130\u00c7\u0130N KARAR  TEMY\u0130Z ED\u0130LD\u0130. KURUM DA TEMY\u0130Z ETM\u0130\u015e. DANI\u015eTAY BOZMA KARARI VERD\u0130. KARAR  D\u00dcZELTME\u00a0 \u0130STEND\u0130.<\/p>\n<p><strong>2. \u015eEFL\u0130K<\/strong><br \/>\n(H\u00dcSEY\u0130N \u00c7EL\u0130K-NURAY CENG\u0130Z-H\u0130DAYET B\u0130RKAN- \u015eER\u0130FE S\u00dcNEL-RAMAZAN\u00a0\u00a0\u00a0 BAKIRCI-AL\u0130 FUAT ER- SEHER \u00d6ZS\u00d6Z)<br \/>\nANK. 13. \u0130DARE MAH. E: 2007\/1765\u00a0 K:2008\/1097 SAYILI KARARI \u0130LE\u00a0 6-64-74  SORULAR\u00a0 \u0130PTAL ED\u0130LD\u0130.\u00a0 KURUM TEMY\u0130Z ETM\u0130\u015e. DANI\u015eTAY BOZMA KARARI  VERD\u0130. KARAR D\u00dcZELTME \u0130STEND\u0130.<\/p>\n<p><strong>3.\u00a0 \u015eUBE M\u00dcD\u00dcRL\u00dc\u011e\u00dc<\/strong><br \/>\nN.ZEYNEP \u00c7\u00d6REK\u00c7\u0130-SEV\u0130M TAHTACI \u2013MET\u0130N G\u00d6L-N\u0130MET OKAN )<br \/>\nANK. 13. \u0130DARE MAH. E: 2007\/1766\u00a0 K:2008\/1098\u00a0 SAYILI KARARI \u0130LE\u00a0 \u015eAHISLAR\u00a0 ADINA 6. SORU \u0130PTAL ED\u0130LD\u0130<\/p>\n<p><strong>4. M\u00dcZE M\u00dcD\u00dcRL\u00dc\u011e\u00dc<\/strong><br \/>\n(G\u00dcLNAZ SAVRAN)<br \/>\nANK. 13.\u0130DARE MAH. E: 2007\/1767 K:2008\/1099 SAYILI KARARI \u0130LE 6. SORU \u0130PTAL ED\u0130LD\u0130.<br \/>\n(3. \u0130DARE MAH. B.K. RAPORUNA G\u00d6RE 67. SORU Y\u00d6N\u00dcNDEN TEMY\u0130Z ED\u0130LD\u0130.\u00a0\u00a0  KURUM DA TEMY\u0130Z ETM\u0130\u015e. DANI\u015eTAY ONAMA KARARI VERD\u0130. KARAR D\u00dcZELTME  \u0130STEND\u0130.<\/p>\n<p><strong> 5. K\u00dcT\u00dcPHANE M\u00dcD\u00dcRL\u00dc\u011e\u00dc<\/strong><br \/>\n(AY\u015e\u0130N K\u0130BR\u0130T \u2013K\u0130BAR\u00a0 TEMUR)<br \/>\nANK. 3.\u0130DARE MAH. E:2007\/682 K:2008\/492 SAYILI KARARI \u0130LE 6-55-75.  SORULARI \u0130PTAL ED\u0130LD\u0130.\u00a0 13. \u0130DARE MAH. KARARINA G\u00d6RE 59. SORU Y\u00d6N\u00dcNDEN  TEMY\u0130Z ED\u0130LD\u0130.\u00a0 KURUM DA TEMY\u0130Z ETM\u0130\u015e. DANI\u015eTAY ALEYHTE BOZMA KARARI  VERD\u0130. KARAR D\u00dcZELTME \u0130STEND\u0130.<br \/>\n<strong><br \/>\n6. \u015eUBE M\u00dcD\u00dcRL\u00dc\u011e\u00dc<\/strong><br \/>\n( AL\u0130 RIZA AK- \u0130BRAH\u0130M AYDIN \u2013 MUSTAFA \u00c7AKMAK )<br \/>\nANK. 3.\u0130DARE\u00a0 MAH. E: 2007\/ 683 K:2008\/623 SAYILI KARARI \u0130LE 6.SORU  \u0130PTAL ED\u0130LD\u0130 KURUM\u00a0 TEMY\u0130Z ETM\u0130\u015e. DANI\u015eTAY ALEYHTE BOZMA KARARI VERD\u0130.  KARAR D\u00dcZELTME\u00a0 \u0130STEND\u0130.<\/p>\n<p><strong> 7. M\u00dcZE M\u00dcD\u00dcRL\u00dc\u011e\u00dc<\/strong><br \/>\n( \u00d6NDER \u0130PEK- SEHER T\u00dcRKMEN-KUB\u0130LAY YE\u011e\u0130N )<br \/>\nANK. 3. \u0130DARE MAH.\u00a0 E: 2007\/684\u00a0\u00a0 K: 2009\/ 243 SAYILI KARARI\u00a0 \u0130LE\u00a0 6. ve 67. SORULAR \u0130PTAL ED\u0130LD\u0130. KURUM TEMY\u0130Z ETT\u0130.<\/p>\n<p><strong>8. \u015eEFL\u0130K<\/strong><br \/>\n( 1-AL\u0130 RUH\u0130 MAV\u0130 2-I\u015eIL S\u00d6Z\u00dc AK 3-EM\u0130NE PADAK\u00a0 4-ARZU TEKER\u00a0 5-CEM\u0130L  ALP\u00a0 6- KAM\u0130L \u015eEN\u00a0 7\u2013 H\u00dcSEY\u0130N AZAK\u00a0 8\u2013 SEVG\u0130 ALTUNTA\u015e 9- NA\u0130L \u0130NAN\u00a0\u00a0\u00a0\u00a0\u00a0\u00a0  10-HAL\u0130L AT\u00c7EKEN 11- SEV\u0130M YA\u011eIZ\u00a0 12- G\u00dcLTEK\u0130N PET\u00dcK 13- NURTEN  TA\u015eDEM\u0130R )<br \/>\nANK. 3. \u0130DARE\u00a0 MAH. E:2007\/685\u00a0 K:2008\/624\u00a0 SAYILI KARARI\u00a0 \u0130LE 6-64-74.\u00a0  SORULAR \u0130PTAL ED\u0130LD\u0130. KURUM TEMY\u0130Z ETM\u0130\u015e. DANI\u015eTAY 5. DA\u0130RE E:2008\/4366  K:2009\/2934 SAYILI KARAR \u0130LE BOZMA KARARI VERD\u0130. KARAR D\u00dcZELTME  \u0130STEND\u0130. DANI\u015eTAY BOZMASINA UYARAK ANKARA 3. \u0130DARE MAHKEMES\u0130 E:2010\/1961  K:2010\/1776 SAYILI\u00a0 KARAR \u201c\u0130DAR\u0130 \u0130\u015eLEM BULUNMADI\u011eI\u201d GEREK\u00c7ES\u0130YLE\u00a0  REDDED\u0130LD\u0130. TARAFIMIZDAN TEKRAR\u00a0 TEMY\u0130Z ED\u0130LD\u0130.<\/p>\n","protected":false},"excerpt":{"rendered":"<p>1) G\u00dcZEL SANATLAR GENEL M\u00dcD\u00dcRL\u00dc\u011e\u00dcNE BA\u011eLI\u00a0 ORKESTRA, KORO VE TOPLULUKLARDA \u00c7ALI\u015eAN PERSONELDEN H\u0130ZMET S\u00d6ZLE\u015eMELER\u0130 NEDEN\u0130YLE\u00a0 HAR\u00c7 ALINMASININ \u0130PTAL\u0130 DANI\u015eTAY 11.DA\u0130RES\u0130 2008\/7426 E.: K\u00fclt\u00fcr ve Turizm Bakanl\u0131\u011f\u0131 aleyhine, G\u00fczel Sanatlar Genel M\u00fcd\u00fcrl\u00fc\u011f\u00fcne ba\u011fl\u0131\u00a0 orkestra, koro ve topluluklarda \u00e7al\u0131\u015fan personelden hizmet s\u00f6zle\u015fmeleri nedeniyle\u00a0 har\u00e7 al\u0131nmas\u0131n\u0131n iptali i\u00e7in a\u00e7\u0131lan dava olup, halen devam etmektedir.<\/p>\n","protected":false},"author":1,"featured_media":6093,"comment_status":"open","ping_status":"open","sticky":false,"template":"","format":"standard","meta":[],"categories":[625,49],"tags":[43,69],"_links":{"self":[{"href":"https:\/\/kultursanatsen.org.tr\/portal\/wp-json\/wp\/v2\/posts\/5341"}],"collection":[{"href":"https:\/\/kultursanatsen.org.tr\/portal\/wp-json\/wp\/v2\/posts"}],"about":[{"href":"https:\/\/kultursanatsen.org.tr\/portal\/wp-json\/wp\/v2\/types\/post"}],"author":[{"embeddable":true,"href":"https:\/\/kultursanatsen.org.tr\/portal\/wp-json\/wp\/v2\/users\/1"}],"replies":[{"embeddable":true,"href":"https:\/\/kultursanatsen.org.tr\/portal\/wp-json\/wp\/v2\/comments?post=5341"}],"version-history":[{"count":1,"href":"https:\/\/kultursanatsen.org.tr\/portal\/wp-json\/wp\/v2\/posts\/5341\/revisions"}],"predecessor-version":[{"id":12099,"href":"https:\/\/kultursanatsen.org.tr\/portal\/wp-json\/wp\/v2\/posts\/5341\/revisions\/12099"}],"wp:featuredmedia":[{"embeddable":true,"href":"https:\/\/kultursanatsen.org.tr\/portal\/wp-json\/wp\/v2\/media\/6093"}],"wp:attachment":[{"href":"https:\/\/kultursanatsen.org.tr\/portal\/wp-json\/wp\/v2\/media?parent=5341"}],"wp:term":[{"taxonomy":"category","embeddable":true,"href":"https:\/\/kultursanatsen.org.tr\/portal\/wp-json\/wp\/v2\/categories?post=5341"},{"taxonomy":"post_tag","embeddable":true,"href":"https:\/\/kultursanatsen.org.tr\/portal\/wp-json\/wp\/v2\/tags?post=5341"}],"curies":[{"name":"wp","href":"https:\/\/api.w.org\/{rel}","templated":true}]}}