{"id":5328,"date":"2009-04-11T15:25:50","date_gmt":"2009-04-11T15:25:50","guid":{"rendered":"http:\/\/arsiv1.kultursanatsen.net\/?p=5328"},"modified":"2020-11-15T22:32:36","modified_gmt":"2020-11-15T22:32:36","slug":"dogum-izinlerinin-eksik-uygulanmasi-hakkinda-kurum-aleyhine-actigimiz-dava","status":"publish","type":"post","link":"https:\/\/kultursanatsen.org.tr\/portal\/2009\/04\/11\/dogum-izinlerinin-eksik-uygulanmasi-hakkinda-kurum-aleyhine-actigimiz-dava\/","title":{"rendered":"Do\u011fum izinlerinin eksik uygulanmas\u0131 hakk\u0131nda kurum aleyhine a\u00e7t\u0131\u011f\u0131m\u0131z dava"},"content":{"rendered":"<p><strong>(DANI\u015eTAY 12. DA\u0130RE Genel Evrak No:\u00a0 2009 \/ 43695 )<br \/>\n<\/strong>Devlet Opera ve Balesi Genel M\u00fcd\u00fcrl\u00fc\u011f\u00fc aleyhine , Do\u011fum izni\u00a0  konusundaki y\u00f6netmeli\u011fin 63. maddesindeki yer alan \u201c do\u011fumdan \u00f6ncesi ve  sonras\u0131 6\u2019\u015far hafta olarak belirlenmi\u015f h\u00fckm\u00fcn \u201c657 say\u0131l\u0131 yasada  belirtilen 8\u2019er haftal\u0131k s\u00fcreye ayk\u0131r\u0131l\u0131\u011f\u0131 sebebiyle 63.madde h\u00fckm\u00fcn\u00fcn  ve daval\u0131 idare i\u015fleminin iptali i\u00e7in Y\u00fcr\u00fctmenin Durdurulmas\u0131 istekli  a\u00e7\u0131lan dava olup, halen devam etmektedir.<\/p>\n","protected":false},"excerpt":{"rendered":"<p>(DANI\u015eTAY 12. DA\u0130RE Genel Evrak No:\u00a0 2009 \/ 43695 ) Devlet Opera ve Balesi Genel M\u00fcd\u00fcrl\u00fc\u011f\u00fc aleyhine , Do\u011fum izni\u00a0 konusundaki y\u00f6netmeli\u011fin 63. maddesindeki yer alan \u201c do\u011fumdan \u00f6ncesi ve sonras\u0131 6\u2019\u015far hafta olarak belirlenmi\u015f h\u00fckm\u00fcn \u201c657 say\u0131l\u0131 yasada belirtilen 8\u2019er haftal\u0131k s\u00fcreye ayk\u0131r\u0131l\u0131\u011f\u0131 sebebiyle 63.madde h\u00fckm\u00fcn\u00fcn ve daval\u0131 idare i\u015fleminin iptali i\u00e7in Y\u00fcr\u00fctmenin Durdurulmas\u0131 [&hellip;]<\/p>\n","protected":false},"author":1,"featured_media":6062,"comment_status":"open","ping_status":"open","sticky":false,"template":"","format":"standard","meta":[],"categories":[625,49],"tags":[115,43,69],"_links":{"self":[{"href":"https:\/\/kultursanatsen.org.tr\/portal\/wp-json\/wp\/v2\/posts\/5328"}],"collection":[{"href":"https:\/\/kultursanatsen.org.tr\/portal\/wp-json\/wp\/v2\/posts"}],"about":[{"href":"https:\/\/kultursanatsen.org.tr\/portal\/wp-json\/wp\/v2\/types\/post"}],"author":[{"embeddable":true,"href":"https:\/\/kultursanatsen.org.tr\/portal\/wp-json\/wp\/v2\/users\/1"}],"replies":[{"embeddable":true,"href":"https:\/\/kultursanatsen.org.tr\/portal\/wp-json\/wp\/v2\/comments?post=5328"}],"version-history":[{"count":1,"href":"https:\/\/kultursanatsen.org.tr\/portal\/wp-json\/wp\/v2\/posts\/5328\/revisions"}],"predecessor-version":[{"id":12096,"href":"https:\/\/kultursanatsen.org.tr\/portal\/wp-json\/wp\/v2\/posts\/5328\/revisions\/12096"}],"wp:featuredmedia":[{"embeddable":true,"href":"https:\/\/kultursanatsen.org.tr\/portal\/wp-json\/wp\/v2\/media\/6062"}],"wp:attachment":[{"href":"https:\/\/kultursanatsen.org.tr\/portal\/wp-json\/wp\/v2\/media?parent=5328"}],"wp:term":[{"taxonomy":"category","embeddable":true,"href":"https:\/\/kultursanatsen.org.tr\/portal\/wp-json\/wp\/v2\/categories?post=5328"},{"taxonomy":"post_tag","embeddable":true,"href":"https:\/\/kultursanatsen.org.tr\/portal\/wp-json\/wp\/v2\/tags?post=5328"}],"curies":[{"name":"wp","href":"https:\/\/api.w.org\/{rel}","templated":true}]}}