{"id":5324,"date":"2009-06-25T15:22:47","date_gmt":"2009-06-25T15:22:47","guid":{"rendered":"http:\/\/arsiv1.kultursanatsen.net\/?p=5324"},"modified":"2020-11-15T22:32:36","modified_gmt":"2020-11-15T22:32:36","slug":"muze-arastirmacisi-kadrosunda-istihdam-edilen-calisanlar-hakkinda-actigimiz-dava","status":"publish","type":"post","link":"https:\/\/kultursanatsen.org.tr\/portal\/2009\/06\/25\/muze-arastirmacisi-kadrosunda-istihdam-edilen-calisanlar-hakkinda-actigimiz-dava\/","title":{"rendered":"M\u00fcze Ara\u015ft\u0131rmac\u0131s\u0131 kadrosunda istihdam edilen \u00e7al\u0131\u015fanlar hakk\u0131nda a\u00e7t\u0131\u011f\u0131m\u0131z dava"},"content":{"rendered":"<p>(Ankara 11.\u0130dare Mahkemesi Esas No:2009\/827)<br \/>\nM\u00fcze Ara\u015ft\u0131rmac\u0131s\u0131 kadrosunda istihdam edilen arkeoloji ve sanat tarihi,  arkeoloji, antropoloji, etnoloji, hititoloji, s\u00fcmeroloji ve klasik  filoloji anabilim dallar\u0131ndan mezunlar\u0131n Teknik Hizmetler s\u0131n\u0131f\u0131na  al\u0131nmas\u0131 ile ilgili davam\u0131z 16.06.2009 tarihinde a\u00e7\u0131lm\u0131\u015ft\u0131r.\u0130lgili \u00fcye  ve \u00e7al\u0131\u015fanlar sendikam\u0131zdan bilgi alabilirler.<\/p>\n","protected":false},"excerpt":{"rendered":"<p>(Ankara 11.\u0130dare Mahkemesi Esas No:2009\/827) M\u00fcze Ara\u015ft\u0131rmac\u0131s\u0131 kadrosunda istihdam edilen arkeoloji ve sanat tarihi, arkeoloji, antropoloji, etnoloji, hititoloji, s\u00fcmeroloji ve klasik filoloji anabilim dallar\u0131ndan mezunlar\u0131n Teknik Hizmetler s\u0131n\u0131f\u0131na al\u0131nmas\u0131 ile ilgili davam\u0131z 16.06.2009 tarihinde a\u00e7\u0131lm\u0131\u015ft\u0131r.\u0130lgili \u00fcye ve \u00e7al\u0131\u015fanlar sendikam\u0131zdan bilgi alabilirler.<\/p>\n","protected":false},"author":1,"featured_media":6081,"comment_status":"open","ping_status":"open","sticky":false,"template":"","format":"standard","meta":[],"categories":[625,49],"tags":[69,111,112],"_links":{"self":[{"href":"https:\/\/kultursanatsen.org.tr\/portal\/wp-json\/wp\/v2\/posts\/5324"}],"collection":[{"href":"https:\/\/kultursanatsen.org.tr\/portal\/wp-json\/wp\/v2\/posts"}],"about":[{"href":"https:\/\/kultursanatsen.org.tr\/portal\/wp-json\/wp\/v2\/types\/post"}],"author":[{"embeddable":true,"href":"https:\/\/kultursanatsen.org.tr\/portal\/wp-json\/wp\/v2\/users\/1"}],"replies":[{"embeddable":true,"href":"https:\/\/kultursanatsen.org.tr\/portal\/wp-json\/wp\/v2\/comments?post=5324"}],"version-history":[{"count":1,"href":"https:\/\/kultursanatsen.org.tr\/portal\/wp-json\/wp\/v2\/posts\/5324\/revisions"}],"predecessor-version":[{"id":12094,"href":"https:\/\/kultursanatsen.org.tr\/portal\/wp-json\/wp\/v2\/posts\/5324\/revisions\/12094"}],"wp:featuredmedia":[{"embeddable":true,"href":"https:\/\/kultursanatsen.org.tr\/portal\/wp-json\/wp\/v2\/media\/6081"}],"wp:attachment":[{"href":"https:\/\/kultursanatsen.org.tr\/portal\/wp-json\/wp\/v2\/media?parent=5324"}],"wp:term":[{"taxonomy":"category","embeddable":true,"href":"https:\/\/kultursanatsen.org.tr\/portal\/wp-json\/wp\/v2\/categories?post=5324"},{"taxonomy":"post_tag","embeddable":true,"href":"https:\/\/kultursanatsen.org.tr\/portal\/wp-json\/wp\/v2\/tags?post=5324"}],"curies":[{"name":"wp","href":"https:\/\/api.w.org\/{rel}","templated":true}]}}