{"id":5317,"date":"2009-03-21T15:12:27","date_gmt":"2009-03-21T15:12:27","guid":{"rendered":"http:\/\/arsiv1.kultursanatsen.net\/?p=5317"},"modified":"2020-11-15T22:32:36","modified_gmt":"2020-11-15T22:32:36","slug":"fiili-hizmet-dava-listesi","status":"publish","type":"post","link":"https:\/\/kultursanatsen.org.tr\/portal\/2009\/03\/21\/fiili-hizmet-dava-listesi\/","title":{"rendered":"Fiili Hizmet Dava Listesi"},"content":{"rendered":"<p><strong> <\/strong><br \/>\n<strong> F\u0130\u0130L\u0130 \u00a0H\u0130ZMET DAVA L\u0130STES\u0130<\/strong><br \/>\n<strong> <\/strong><br \/>\n<strong> <\/strong><\/p>\n<ol>\n<li><strong>ADNAN BAYDAR <\/strong>MERS\u0130N 1. \u0130DARE MAH. E:2008\/1526<strong> <\/strong>K:2008\/872\u00a0 YETK\u0130 Y\u00d6N\u00dcNDEN ANKARA \u0130DARE MAH.      G\u00d6NDERD\u0130. ANKARA 15. \u0130DARE MAH. E: 2008\/1180 K:2009\/584 KARAR RET. TEMY\u0130Z      ED\u0130LD\u0130.<\/li>\n<\/ol>\n<ol>\n<li><strong> ALAETT\u0130N POSTALCI<\/strong> \u0130STANBUL      \u00a09. \u0130DARE MAH. E:2008\/80\u00a0      K: 2008\/ 2068 KARAR RET. TEMY\u0130Z ED\u0130LD\u0130.<\/li>\n<\/ol>\n<ol>\n<li><strong>ERCAN \u00c7ET\u0130NKAYA <\/strong>ANKARA      15. \u0130DARE MAHKEMES\u0130 E: 2006\/167 K:2008\/779 YETK\u0130 Y\u00d6N\u00dcNDEN \u0130STANBUL \u0130DARE      MAH. G\u00d6NDERD\u0130. \u0130STANBUL 10.\u0130DARE MAH. E:2008\/1066 K: 2009\/161 SAYILI      KARARI \u00a0\u0130LE DOSYA\u00a0 YETK\u0130 Y\u00d6N\u00dcNDEN KARAR VERMES\u0130 \u0130\u00c7\u0130N \u00a0DANI\u015eTAYA G\u00d6NDERD\u0130. DANI\u015eTAY YETK\u0130L\u0130      OLARAK \u0130STANBUL 10. \u0130DARE MAH. E: 2009\/1404\u00a0 DOSYA B\u0130L\u0130RK\u0130\u015e\u0130DE.<\/li>\n<\/ol>\n<ol>\n<li><strong>SUAT G\u00dcLBAHAR <\/strong>\u0130STANBUL 5. \u0130DARE MAH.      E:2008\/105\u00a0 K:2009\/2116 KARAR RET.      TEMY\u0130Z ED\u0130LD\u0130.<\/li>\n<\/ol>\n<p><strong> <\/strong><br \/>\n<strong> <\/strong><br \/>\n<strong> <\/strong><\/p>\n<table border=\"0\" cellspacing=\"0\" cellpadding=\"0\">\n<tbody>\n<tr>\n<td width=\"614\" valign=\"top\"><strong> <\/strong><\/td>\n<\/tr>\n<tr>\n<td width=\"614\" valign=\"top\"><\/td>\n<\/tr>\n<\/tbody>\n<\/table>\n","protected":false},"excerpt":{"rendered":"<p>F\u0130\u0130L\u0130 \u00a0H\u0130ZMET DAVA L\u0130STES\u0130 ADNAN BAYDAR MERS\u0130N 1. \u0130DARE MAH. E:2008\/1526 K:2008\/872\u00a0 YETK\u0130 Y\u00d6N\u00dcNDEN ANKARA \u0130DARE MAH. G\u00d6NDERD\u0130. ANKARA 15. \u0130DARE MAH. E: 2008\/1180 K:2009\/584 KARAR RET. TEMY\u0130Z ED\u0130LD\u0130. ALAETT\u0130N POSTALCI \u0130STANBUL \u00a09. \u0130DARE MAH. E:2008\/80\u00a0 K: 2008\/ 2068 KARAR RET. TEMY\u0130Z ED\u0130LD\u0130. ERCAN \u00c7ET\u0130NKAYA ANKARA 15. \u0130DARE MAHKEMES\u0130 E: 2006\/167 K:2008\/779 YETK\u0130 Y\u00d6N\u00dcNDEN \u0130STANBUL [&hellip;]<\/p>\n","protected":false},"author":1,"featured_media":4633,"comment_status":"open","ping_status":"open","sticky":false,"template":"","format":"standard","meta":[],"categories":[625,49],"tags":[48,91,43],"_links":{"self":[{"href":"https:\/\/kultursanatsen.org.tr\/portal\/wp-json\/wp\/v2\/posts\/5317"}],"collection":[{"href":"https:\/\/kultursanatsen.org.tr\/portal\/wp-json\/wp\/v2\/posts"}],"about":[{"href":"https:\/\/kultursanatsen.org.tr\/portal\/wp-json\/wp\/v2\/types\/post"}],"author":[{"embeddable":true,"href":"https:\/\/kultursanatsen.org.tr\/portal\/wp-json\/wp\/v2\/users\/1"}],"replies":[{"embeddable":true,"href":"https:\/\/kultursanatsen.org.tr\/portal\/wp-json\/wp\/v2\/comments?post=5317"}],"version-history":[{"count":1,"href":"https:\/\/kultursanatsen.org.tr\/portal\/wp-json\/wp\/v2\/posts\/5317\/revisions"}],"predecessor-version":[{"id":12102,"href":"https:\/\/kultursanatsen.org.tr\/portal\/wp-json\/wp\/v2\/posts\/5317\/revisions\/12102"}],"wp:featuredmedia":[{"embeddable":true,"href":"https:\/\/kultursanatsen.org.tr\/portal\/wp-json\/wp\/v2\/media\/4633"}],"wp:attachment":[{"href":"https:\/\/kultursanatsen.org.tr\/portal\/wp-json\/wp\/v2\/media?parent=5317"}],"wp:term":[{"taxonomy":"category","embeddable":true,"href":"https:\/\/kultursanatsen.org.tr\/portal\/wp-json\/wp\/v2\/categories?post=5317"},{"taxonomy":"post_tag","embeddable":true,"href":"https:\/\/kultursanatsen.org.tr\/portal\/wp-json\/wp\/v2\/tags?post=5317"}],"curies":[{"name":"wp","href":"https:\/\/api.w.org\/{rel}","templated":true}]}}