{"id":5097,"date":"2009-07-26T10:29:40","date_gmt":"2009-07-26T10:29:40","guid":{"rendered":"http:\/\/arsiv1.kultursanatsen.net\/?p=5097"},"modified":"2009-07-26T10:29:40","modified_gmt":"2009-07-26T10:29:40","slug":"zeynep-devrimin-dogumu-2","status":"publish","type":"post","link":"https:\/\/kultursanatsen.org.tr\/portal\/2009\/07\/26\/zeynep-devrimin-dogumu-2\/","title":{"rendered":"Zeynep Devrim&#039;in Do\u011fumu"},"content":{"rendered":"<p>Sendikam\u0131z \u00fcyelerinden Tolga ve Buket ALDEM\u0130R\u0130N\u00a0k\u0131zlar\u0131 Zeynep Devrim  ALDEM\u0130R 26.07.2009 Pazar g\u00fcn\u00fc d\u00fcnyaya gelmi\u015ftir. Anne ve babay\u0131  kutluyor, Zeynep Devrime ho\u015fgeldin diyoruz.<\/p>\n","protected":false},"excerpt":{"rendered":"<p>Sendikam\u0131z \u00fcyelerinden Tolga ve Buket ALDEM\u0130R\u0130N\u00a0k\u0131zlar\u0131 Zeynep Devrim ALDEM\u0130R 26.07.2009 Pazar g\u00fcn\u00fc d\u00fcnyaya gelmi\u015ftir. Anne ve babay\u0131 kutluyor, Zeynep Devrime ho\u015fgeldin diyoruz.<\/p>\n","protected":false},"author":1,"featured_media":4633,"comment_status":"open","ping_status":"open","sticky":false,"template":"","format":"standard","meta":[],"categories":[38],"tags":[107],"_links":{"self":[{"href":"https:\/\/kultursanatsen.org.tr\/portal\/wp-json\/wp\/v2\/posts\/5097"}],"collection":[{"href":"https:\/\/kultursanatsen.org.tr\/portal\/wp-json\/wp\/v2\/posts"}],"about":[{"href":"https:\/\/kultursanatsen.org.tr\/portal\/wp-json\/wp\/v2\/types\/post"}],"author":[{"embeddable":true,"href":"https:\/\/kultursanatsen.org.tr\/portal\/wp-json\/wp\/v2\/users\/1"}],"replies":[{"embeddable":true,"href":"https:\/\/kultursanatsen.org.tr\/portal\/wp-json\/wp\/v2\/comments?post=5097"}],"version-history":[{"count":0,"href":"https:\/\/kultursanatsen.org.tr\/portal\/wp-json\/wp\/v2\/posts\/5097\/revisions"}],"wp:featuredmedia":[{"embeddable":true,"href":"https:\/\/kultursanatsen.org.tr\/portal\/wp-json\/wp\/v2\/media\/4633"}],"wp:attachment":[{"href":"https:\/\/kultursanatsen.org.tr\/portal\/wp-json\/wp\/v2\/media?parent=5097"}],"wp:term":[{"taxonomy":"category","embeddable":true,"href":"https:\/\/kultursanatsen.org.tr\/portal\/wp-json\/wp\/v2\/categories?post=5097"},{"taxonomy":"post_tag","embeddable":true,"href":"https:\/\/kultursanatsen.org.tr\/portal\/wp-json\/wp\/v2\/tags?post=5097"}],"curies":[{"name":"wp","href":"https:\/\/api.w.org\/{rel}","templated":true}]}}