{"id":4706,"date":"2009-06-29T13:45:49","date_gmt":"2009-06-29T13:45:49","guid":{"rendered":"http:\/\/arsiv1.kultursanatsen.net\/?p=4706"},"modified":"2009-06-29T13:45:49","modified_gmt":"2009-06-29T13:45:49","slug":"sendikamizin-3-yayini-kapitalizm-ve-kriz-cikmistir","status":"publish","type":"post","link":"https:\/\/kultursanatsen.org.tr\/portal\/2009\/06\/29\/sendikamizin-3-yayini-kapitalizm-ve-kriz-cikmistir\/","title":{"rendered":"Sendikam\u0131z&#039;\u0131n 3. Yay\u0131n\u0131 Kapitalizm ve Kriz \u00c7\u0131km\u0131\u015ft\u0131r"},"content":{"rendered":"<p>Sendikam\u0131z&#8217;\u0131n 3. Yay\u0131n\u0131 Kapitalizm ve Kriz \u00c7\u0131km\u0131\u015ft\u0131r<br \/>\n&nbsp;<\/p>\n","protected":false},"excerpt":{"rendered":"<p>Sendikam\u0131z&#8217;\u0131n 3. Yay\u0131n\u0131 Kapitalizm ve Kriz \u00c7\u0131km\u0131\u015ft\u0131r &nbsp;<\/p>\n","protected":false},"author":1,"featured_media":6039,"comment_status":"closed","ping_status":"closed","sticky":false,"template":"","format":"standard","meta":[],"categories":[102,104],"tags":[101,103],"_links":{"self":[{"href":"https:\/\/kultursanatsen.org.tr\/portal\/wp-json\/wp\/v2\/posts\/4706"}],"collection":[{"href":"https:\/\/kultursanatsen.org.tr\/portal\/wp-json\/wp\/v2\/posts"}],"about":[{"href":"https:\/\/kultursanatsen.org.tr\/portal\/wp-json\/wp\/v2\/types\/post"}],"author":[{"embeddable":true,"href":"https:\/\/kultursanatsen.org.tr\/portal\/wp-json\/wp\/v2\/users\/1"}],"replies":[{"embeddable":true,"href":"https:\/\/kultursanatsen.org.tr\/portal\/wp-json\/wp\/v2\/comments?post=4706"}],"version-history":[{"count":0,"href":"https:\/\/kultursanatsen.org.tr\/portal\/wp-json\/wp\/v2\/posts\/4706\/revisions"}],"wp:featuredmedia":[{"embeddable":true,"href":"https:\/\/kultursanatsen.org.tr\/portal\/wp-json\/wp\/v2\/media\/6039"}],"wp:attachment":[{"href":"https:\/\/kultursanatsen.org.tr\/portal\/wp-json\/wp\/v2\/media?parent=4706"}],"wp:term":[{"taxonomy":"category","embeddable":true,"href":"https:\/\/kultursanatsen.org.tr\/portal\/wp-json\/wp\/v2\/categories?post=4706"},{"taxonomy":"post_tag","embeddable":true,"href":"https:\/\/kultursanatsen.org.tr\/portal\/wp-json\/wp\/v2\/tags?post=4706"}],"curies":[{"name":"wp","href":"https:\/\/api.w.org\/{rel}","templated":true}]}}