{"id":411,"date":"2013-11-21T11:17:46","date_gmt":"2013-11-21T11:17:46","guid":{"rendered":"http:\/\/kultursanatsen.org.tr\/portal\/2013\/11\/21\/kamu-personeli-danisma-kurulu-toplantisi\/"},"modified":"2013-11-21T11:17:46","modified_gmt":"2013-11-21T11:17:46","slug":"kamu-personeli-danisma-kurulu-toplantisi","status":"publish","type":"post","link":"https:\/\/kultursanatsen.org.tr\/portal\/2013\/11\/21\/kamu-personeli-danisma-kurulu-toplantisi\/","title":{"rendered":"KAMU PERSONEL\u0130 DANI\u015eMA KURULU TOPLANTISI&#8230;"},"content":{"rendered":"\n<p>Toplu \u0130\u015f S\u00f6zle\u015fmesi kapsam\u0131nda&nbsp;4688 Say\u0131l\u0131 Kamu G\u00f6revlileri Sendikalar\u0131 ve Toplu S\u00f6zle\u015fme Kanununun 21 nci maddesi uyar\u0131nca ekte belirtilen g\u00fcndemle toplanacak olan Kamu Personeli dan\u0131\u015fma Kurulu&#8217;nun 2013 Y\u0131l\u0131 Kas\u0131m ay\u0131 28.11.2013 per\u015fembe g\u00fcn\u00fc saat 14.00&#8217;da yap\u0131lacak toplant\u0131s\u0131na; &nbsp;\u00c7al\u0131\u015fma ve Sosyal G\u00fcvenlik Bakanl\u0131\u011f\u0131n\u0131n sendikam\u0131za daveti ektedir.&nbsp;<\/p>\n","protected":false},"excerpt":{"rendered":"<p>Toplu \u0130\u015f S\u00f6zle\u015fmesi kapsam\u0131nda&nbsp;4688 Say\u0131l\u0131 Kamu G\u00f6revlileri Sendikalar\u0131 ve Toplu S\u00f6zle\u015fme Kanununun 21 nci maddesi uyar\u0131nca ekte belirtilen g\u00fcndemle toplanacak olan Kamu Personeli dan\u0131\u015fma Kurulu&#8217;nun 2013 Y\u0131l\u0131 Kas\u0131m ay\u0131 28.11.2013 per\u015fembe g\u00fcn\u00fc saat 14.00&#8217;da yap\u0131lacak toplant\u0131s\u0131na; &nbsp;\u00c7al\u0131\u015fma ve Sosyal G\u00fcvenlik Bakanl\u0131\u011f\u0131n\u0131n sendikam\u0131za daveti ektedir.&nbsp;<\/p>\n","protected":false},"author":2,"featured_media":0,"comment_status":"open","ping_status":"open","sticky":false,"template":"","format":"standard","meta":[],"categories":[1],"tags":[],"_links":{"self":[{"href":"https:\/\/kultursanatsen.org.tr\/portal\/wp-json\/wp\/v2\/posts\/411"}],"collection":[{"href":"https:\/\/kultursanatsen.org.tr\/portal\/wp-json\/wp\/v2\/posts"}],"about":[{"href":"https:\/\/kultursanatsen.org.tr\/portal\/wp-json\/wp\/v2\/types\/post"}],"author":[{"embeddable":true,"href":"https:\/\/kultursanatsen.org.tr\/portal\/wp-json\/wp\/v2\/users\/2"}],"replies":[{"embeddable":true,"href":"https:\/\/kultursanatsen.org.tr\/portal\/wp-json\/wp\/v2\/comments?post=411"}],"version-history":[{"count":0,"href":"https:\/\/kultursanatsen.org.tr\/portal\/wp-json\/wp\/v2\/posts\/411\/revisions"}],"wp:attachment":[{"href":"https:\/\/kultursanatsen.org.tr\/portal\/wp-json\/wp\/v2\/media?parent=411"}],"wp:term":[{"taxonomy":"category","embeddable":true,"href":"https:\/\/kultursanatsen.org.tr\/portal\/wp-json\/wp\/v2\/categories?post=411"},{"taxonomy":"post_tag","embeddable":true,"href":"https:\/\/kultursanatsen.org.tr\/portal\/wp-json\/wp\/v2\/tags?post=411"}],"curies":[{"name":"wp","href":"https:\/\/api.w.org\/{rel}","templated":true}]}}