{"id":361,"date":"2013-07-18T14:37:43","date_gmt":"2013-07-18T14:37:43","guid":{"rendered":"http:\/\/kultursanatsen.org.tr\/portal\/2013\/07\/18\/sanat-kurumlari-hakkinda-herhangi-bir-tasarinin-bulunmamasina-iliskin-yanit\/"},"modified":"2020-11-15T22:46:44","modified_gmt":"2020-11-15T22:46:44","slug":"sanat-kurumlari-hakkinda-herhangi-bir-tasarinin-bulunmamasina-iliskin-yanit","status":"publish","type":"post","link":"https:\/\/kultursanatsen.org.tr\/portal\/2013\/07\/18\/sanat-kurumlari-hakkinda-herhangi-bir-tasarinin-bulunmamasina-iliskin-yanit\/","title":{"rendered":"SANAT KURUMLARI HAKKINDA HERHANG\u0130 B\u0130R TASARININ BULUNMAMASINA \u0130L\u0130\u015eK\u0130N YANIT&#8230;"},"content":{"rendered":"\n<p>Bir s\u00fcredir bas\u0131ndan edindi\u011fimiz duyumlardan Bakanl\u0131\u011f\u0131m\u0131zca haz\u0131rlanan \u201cT\u00dcRK\u0130YEDEK\u0130 SANAT KURUMLARININ OLU\u015eUMU VE \u0130\u015eLEY\u0130\u015e\u0130\u201d konulu oldu\u011fu s\u00f6ylenen tasar\u0131 ya da taslak hakk\u0131nda K\u00fclt\u00fcr Sanat ve Turizm Hizmet kolunda yetkili sendika olarak g\u00f6r\u00fc\u015f sunmay\u0131 talep etti\u011fimizi ve b<span style=\"line-height: 1.3em;\">u itibarla, Haziran 2013\u2019te ba\u015flat\u0131lm\u0131\u015f olan ve g\u00f6r\u00fc\u015f i\u00e7in M\u00fcd\u00fcrl\u00fcklere da\u011f\u0131t\u0131m\u0131 yap\u0131lan Yasa ve alt d\u00fczenlemelerle ilgili tasar\u0131 tasla\u011f\u0131n\u0131n bir \u00f6rne\u011finin sendikam\u0131za g\u00f6nderilmesi hususunda Devlet Tiyatrolar\u0131 Genel M\u00fcd\u00fcrl\u00fc\u011f\u00fc&#8217;ne yazd\u0131\u011f\u0131m\u0131z yaz\u0131ya herhangi bir tasar\u0131 tasla\u011f\u0131n\u0131n bulunmad\u0131\u011f\u0131na ili\u015fkin ald\u0131\u011f\u0131m\u0131z yan\u0131t: &nbsp;<\/span><\/p>\n","protected":false},"excerpt":{"rendered":"<p>Bir s\u00fcredir bas\u0131ndan edindi\u011fimiz duyumlardan Bakanl\u0131\u011f\u0131m\u0131zca haz\u0131rlanan \u201cT\u00dcRK\u0130YEDEK\u0130 SANAT KURUMLARININ OLU\u015eUMU VE \u0130\u015eLEY\u0130\u015e\u0130\u201d konulu oldu\u011fu s\u00f6ylenen tasar\u0131 ya da taslak hakk\u0131nda K\u00fclt\u00fcr Sanat ve Turizm Hizmet kolunda yetkili sendika olarak g\u00f6r\u00fc\u015f sunmay\u0131 talep etti\u011fimizi ve bu itibarla, Haziran 2013\u2019te ba\u015flat\u0131lm\u0131\u015f olan ve g\u00f6r\u00fc\u015f i\u00e7in M\u00fcd\u00fcrl\u00fcklere da\u011f\u0131t\u0131m\u0131 yap\u0131lan Yasa ve alt d\u00fczenlemelerle ilgili tasar\u0131 tasla\u011f\u0131n\u0131n bir [&hellip;]<\/p>\n","protected":false},"author":2,"featured_media":0,"comment_status":"open","ping_status":"open","sticky":false,"template":"","format":"standard","meta":[],"categories":[26,612],"tags":[],"_links":{"self":[{"href":"https:\/\/kultursanatsen.org.tr\/portal\/wp-json\/wp\/v2\/posts\/361"}],"collection":[{"href":"https:\/\/kultursanatsen.org.tr\/portal\/wp-json\/wp\/v2\/posts"}],"about":[{"href":"https:\/\/kultursanatsen.org.tr\/portal\/wp-json\/wp\/v2\/types\/post"}],"author":[{"embeddable":true,"href":"https:\/\/kultursanatsen.org.tr\/portal\/wp-json\/wp\/v2\/users\/2"}],"replies":[{"embeddable":true,"href":"https:\/\/kultursanatsen.org.tr\/portal\/wp-json\/wp\/v2\/comments?post=361"}],"version-history":[{"count":1,"href":"https:\/\/kultursanatsen.org.tr\/portal\/wp-json\/wp\/v2\/posts\/361\/revisions"}],"predecessor-version":[{"id":12586,"href":"https:\/\/kultursanatsen.org.tr\/portal\/wp-json\/wp\/v2\/posts\/361\/revisions\/12586"}],"wp:attachment":[{"href":"https:\/\/kultursanatsen.org.tr\/portal\/wp-json\/wp\/v2\/media?parent=361"}],"wp:term":[{"taxonomy":"category","embeddable":true,"href":"https:\/\/kultursanatsen.org.tr\/portal\/wp-json\/wp\/v2\/categories?post=361"},{"taxonomy":"post_tag","embeddable":true,"href":"https:\/\/kultursanatsen.org.tr\/portal\/wp-json\/wp\/v2\/tags?post=361"}],"curies":[{"name":"wp","href":"https:\/\/api.w.org\/{rel}","templated":true}]}}