{"id":337,"date":"2013-06-15T19:50:43","date_gmt":"2013-06-15T19:50:43","guid":{"rendered":"http:\/\/kultursanatsen.org.tr\/portal\/2013\/06\/15\/onemli-duyuru-2\/"},"modified":"2020-11-15T22:46:44","modified_gmt":"2020-11-15T22:46:44","slug":"onemli-duyuru-2","status":"publish","type":"post","link":"https:\/\/kultursanatsen.org.tr\/portal\/2013\/06\/15\/onemli-duyuru-2\/","title":{"rendered":"\u00d6NEML\u0130 DUYURU"},"content":{"rendered":"\n<p><strong style=\"color: #222222; font-family: arial, sans-serif; font-size: 13px; line-height: normal;\"><span style=\"font-size: x-small;\">K\u00dcLT\u00dcR-SANATSEN,OPSOD, SANTEK-DER,<\/span>I\u015eIK-DER,TOBAV,DET\u0130S<\/strong><span style=\"color: #222222; font-family: arial, sans-serif; font-size: 13px; line-height: normal;\">&nbsp;ve&nbsp;<\/span><strong style=\"color: #222222; font-family: arial, sans-serif; font-size: 13px; line-height: normal;\">TOMEB<\/strong><span style=\"color: #222222; font-family: arial, sans-serif; font-size: 13px; line-height: normal;\">&nbsp;taraf\u0131ndan 16 Haziran Pazar g\u00fcn\u00fc yap\u0131lmas\u0131 planlanan&#8221;Sanat\u00e7\u0131lar Y\u00fcr\u00fcy\u00fc\u015f\u00fc&#8217;n\u00fcn ileri bir tarihe ertelendi\u011fi, yeni bir tarihin daha sonra a\u00e7\u0131klanaca\u011f\u0131 bildirilmi\u015ftir.<\/span><\/p>\n","protected":false},"excerpt":{"rendered":"<p>K\u00dcLT\u00dcR-SANATSEN,OPSOD, SANTEK-DER,I\u015eIK-DER,TOBAV,DET\u0130S&nbsp;ve&nbsp;TOMEB&nbsp;taraf\u0131ndan 16 Haziran Pazar g\u00fcn\u00fc yap\u0131lmas\u0131 planlanan&#8221;Sanat\u00e7\u0131lar Y\u00fcr\u00fcy\u00fc\u015f\u00fc&#8217;n\u00fcn ileri bir tarihe ertelendi\u011fi, yeni bir tarihin daha sonra a\u00e7\u0131klanaca\u011f\u0131 bildirilmi\u015ftir.<\/p>\n","protected":false},"author":1,"featured_media":0,"comment_status":"open","ping_status":"open","sticky":false,"template":"","format":"standard","meta":[],"categories":[26,612],"tags":[],"_links":{"self":[{"href":"https:\/\/kultursanatsen.org.tr\/portal\/wp-json\/wp\/v2\/posts\/337"}],"collection":[{"href":"https:\/\/kultursanatsen.org.tr\/portal\/wp-json\/wp\/v2\/posts"}],"about":[{"href":"https:\/\/kultursanatsen.org.tr\/portal\/wp-json\/wp\/v2\/types\/post"}],"author":[{"embeddable":true,"href":"https:\/\/kultursanatsen.org.tr\/portal\/wp-json\/wp\/v2\/users\/1"}],"replies":[{"embeddable":true,"href":"https:\/\/kultursanatsen.org.tr\/portal\/wp-json\/wp\/v2\/comments?post=337"}],"version-history":[{"count":1,"href":"https:\/\/kultursanatsen.org.tr\/portal\/wp-json\/wp\/v2\/posts\/337\/revisions"}],"predecessor-version":[{"id":12597,"href":"https:\/\/kultursanatsen.org.tr\/portal\/wp-json\/wp\/v2\/posts\/337\/revisions\/12597"}],"wp:attachment":[{"href":"https:\/\/kultursanatsen.org.tr\/portal\/wp-json\/wp\/v2\/media?parent=337"}],"wp:term":[{"taxonomy":"category","embeddable":true,"href":"https:\/\/kultursanatsen.org.tr\/portal\/wp-json\/wp\/v2\/categories?post=337"},{"taxonomy":"post_tag","embeddable":true,"href":"https:\/\/kultursanatsen.org.tr\/portal\/wp-json\/wp\/v2\/tags?post=337"}],"curies":[{"name":"wp","href":"https:\/\/api.w.org\/{rel}","templated":true}]}}