{"id":333,"date":"2013-06-07T18:22:11","date_gmt":"2013-06-07T18:22:11","guid":{"rendered":"http:\/\/kultursanatsen.org.tr\/portal\/2013\/06\/07\/onemli-duyuru\/"},"modified":"2020-11-15T22:46:45","modified_gmt":"2020-11-15T22:46:45","slug":"onemli-duyuru","status":"publish","type":"post","link":"https:\/\/kultursanatsen.org.tr\/portal\/2013\/06\/07\/onemli-duyuru\/","title":{"rendered":"\u00d6NEML\u0130 DUYURU"},"content":{"rendered":"\n<p style=\"text-align: justify;\"><span style=\"color: #222222; font-family: arial, sans-serif; font-size: 13px; line-height: normal;\">Ge\u00e7ti\u011fimiz ayda bir TV kanal\u0131nda K\u00fclt\u00fcr ve Turizm Bakan\u0131n\u0131n Sanat kurumlar\u0131n\u0131n yap\u0131sal De\u011fi\u015fimi ile ilgili yasa &nbsp;tasar\u0131s\u0131n\u0131n TBMM\u2019ye yak\u0131nda sevkedilece\u011fi&nbsp; a\u00e7\u0131klamas\u0131na kar\u015f\u0131, Bakanl\u0131\u011fa yazd\u0131\u011f\u0131m\u0131z yaz\u0131ya cevaben Hukuk M\u00fc\u015favirli\u011fince g\u00f6nderilen&nbsp;<\/span><span style=\"color: #222222; font-family: arial, sans-serif; font-size: 13px; line-height: normal;\">yaz\u0131da resmi olarak \u00fczerinde \u00e7al\u0131\u015ft\u0131klar\u0131 bir yasa tasar\u0131s\u0131 ya da tasla\u011f\u0131 olmad\u0131\u011f\u0131 ifade edilmi\u015ftir. Bu nedenle, \u00fcyelerimizin ve Sahne emek\u00e7ilerinin \u00e7e\u015fitli kanallarla yay\u0131lan ve resmi olmayan beyanlara itibar etmemesi yerinde olacakt\u0131r. Ancak sendikam\u0131z bu konunun takibini yapmaya devam etmektedir ve herhangi bir g\u00fcvenilir habere ula\u015f\u0131ld\u0131\u011f\u0131nda sendikam\u0131zca ayr\u0131ca a\u00e7\u0131klama yap\u0131lacakt\u0131r.<\/span><\/p>\n","protected":false},"excerpt":{"rendered":"<p>Ge\u00e7ti\u011fimiz ayda bir TV kanal\u0131nda K\u00fclt\u00fcr ve Turizm Bakan\u0131n\u0131n Sanat kurumlar\u0131n\u0131n yap\u0131sal De\u011fi\u015fimi ile ilgili yasa &nbsp;tasar\u0131s\u0131n\u0131n TBMM\u2019ye yak\u0131nda sevkedilece\u011fi&nbsp; a\u00e7\u0131klamas\u0131na kar\u015f\u0131, Bakanl\u0131\u011fa yazd\u0131\u011f\u0131m\u0131z yaz\u0131ya cevaben Hukuk M\u00fc\u015favirli\u011fince g\u00f6nderilen&nbsp;yaz\u0131da resmi olarak \u00fczerinde \u00e7al\u0131\u015ft\u0131klar\u0131 bir yasa tasar\u0131s\u0131 ya da tasla\u011f\u0131 olmad\u0131\u011f\u0131 ifade edilmi\u015ftir. Bu nedenle, \u00fcyelerimizin ve Sahne emek\u00e7ilerinin \u00e7e\u015fitli kanallarla yay\u0131lan ve resmi olmayan beyanlara [&hellip;]<\/p>\n","protected":false},"author":1,"featured_media":0,"comment_status":"open","ping_status":"open","sticky":false,"template":"","format":"standard","meta":[],"categories":[26,612],"tags":[],"_links":{"self":[{"href":"https:\/\/kultursanatsen.org.tr\/portal\/wp-json\/wp\/v2\/posts\/333"}],"collection":[{"href":"https:\/\/kultursanatsen.org.tr\/portal\/wp-json\/wp\/v2\/posts"}],"about":[{"href":"https:\/\/kultursanatsen.org.tr\/portal\/wp-json\/wp\/v2\/types\/post"}],"author":[{"embeddable":true,"href":"https:\/\/kultursanatsen.org.tr\/portal\/wp-json\/wp\/v2\/users\/1"}],"replies":[{"embeddable":true,"href":"https:\/\/kultursanatsen.org.tr\/portal\/wp-json\/wp\/v2\/comments?post=333"}],"version-history":[{"count":1,"href":"https:\/\/kultursanatsen.org.tr\/portal\/wp-json\/wp\/v2\/posts\/333\/revisions"}],"predecessor-version":[{"id":12600,"href":"https:\/\/kultursanatsen.org.tr\/portal\/wp-json\/wp\/v2\/posts\/333\/revisions\/12600"}],"wp:attachment":[{"href":"https:\/\/kultursanatsen.org.tr\/portal\/wp-json\/wp\/v2\/media?parent=333"}],"wp:term":[{"taxonomy":"category","embeddable":true,"href":"https:\/\/kultursanatsen.org.tr\/portal\/wp-json\/wp\/v2\/categories?post=333"},{"taxonomy":"post_tag","embeddable":true,"href":"https:\/\/kultursanatsen.org.tr\/portal\/wp-json\/wp\/v2\/tags?post=333"}],"curies":[{"name":"wp","href":"https:\/\/api.w.org\/{rel}","templated":true}]}}