{"id":332,"date":"2013-06-06T17:26:06","date_gmt":"2013-06-06T17:26:06","guid":{"rendered":"http:\/\/kultursanatsen.org.tr\/portal\/2013\/06\/06\/insanca-yasam-guvenceli-is-ve-guvenli-gelecek-demokratik-bir-turkiye\/"},"modified":"2020-11-24T08:19:02","modified_gmt":"2020-11-24T08:19:02","slug":"insanca-yasam-guvenceli-is-ve-guvenli-gelecek-demokratik-bir-turkiye","status":"publish","type":"post","link":"https:\/\/kultursanatsen.org.tr\/portal\/2013\/06\/06\/insanca-yasam-guvenceli-is-ve-guvenli-gelecek-demokratik-bir-turkiye\/","title":{"rendered":"\u0130nsanca Ya\u015fam, G\u00fcvenceli \u0130\u015f ve G\u00fcvenli Gelecek, Demokratik Bir T\u00fcrkiye"},"content":{"rendered":"\n<p style=\"text-align: justify;\"><span style=\"font-size: 10pt; font-family: arial, helvetica, sans-serif;\">KESK&nbsp; ve D\u0130SK olarak \u201c\u0130nsanca Ya\u015fam, G\u00fcvenceli \u0130\u015f ve G\u00fcvenli Gelecek, Demokratik Bir T\u00fcrkiye\u201d talebiyle&nbsp;&nbsp;5 Haziran&nbsp;2013&nbsp;\u00c7ar\u015famba g\u00fcn\u00fc &nbsp;Ayd\u0131n Kanza Park\u0131\u2019nda saat 11.00\u2019de toplan\u0131p Cumhuriyet Meydan\u0131\u2019na y\u00fcr\u00fcy\u00fc\u015f&nbsp;ger\u00e7ekle\u015ftirdik.&nbsp; 5 binin \u00fczerinde&nbsp;kat\u0131l\u0131m\u0131n oldu\u011fu eylemde Her Yer Taksim ,Her Yer Direni\u015f, Bask\u0131lar Bizi Y\u0131ld\u0131ramaz, G\u00fcvenceli \u0130\u015f G\u00fcvenceli Gelecek, Sanat Kurumlar\u0131 kapat\u0131lamaz, \u0130nsanca Bir Ya\u015fam \u0130stiyoruz ,Genel Grev Genel Direni\u015f sloganlar\u0131 at\u0131ld\u0131. Miting alan\u0131nda KESK&nbsp;\u015eubeler Platformu D\u00f6nem S\u00f6zc\u00fcs\u00fc E\u011fitim Sen \u015eube&nbsp;Ba\u015fkan\u0131 Nurettin S\u00d6NMEZ ve D\u0130SK Akdeniz B\u00f6lge Temsilcisi Mato\u015f&nbsp;KONCA birer konu\u015fma yapt\u0131.&nbsp;<\/span><\/p>\n","protected":false},"excerpt":{"rendered":"<p>KESK&nbsp; ve D\u0130SK olarak \u201c\u0130nsanca Ya\u015fam, G\u00fcvenceli \u0130\u015f ve G\u00fcvenli Gelecek, Demokratik Bir T\u00fcrkiye\u201d talebiyle&nbsp;&nbsp;5 Haziran&nbsp;2013&nbsp;\u00c7ar\u015famba g\u00fcn\u00fc &nbsp;Ayd\u0131n Kanza Park\u0131\u2019nda saat 11.00\u2019de toplan\u0131p Cumhuriyet Meydan\u0131\u2019na y\u00fcr\u00fcy\u00fc\u015f&nbsp;ger\u00e7ekle\u015ftirdik.&nbsp; 5 binin \u00fczerinde&nbsp;kat\u0131l\u0131m\u0131n oldu\u011fu eylemde Her Yer Taksim ,Her Yer Direni\u015f, Bask\u0131lar Bizi Y\u0131ld\u0131ramaz, G\u00fcvenceli \u0130\u015f G\u00fcvenceli Gelecek, Sanat Kurumlar\u0131 kapat\u0131lamaz, \u0130nsanca Bir Ya\u015fam \u0130stiyoruz ,Genel Grev Genel Direni\u015f [&hellip;]<\/p>\n","protected":false},"author":1,"featured_media":0,"comment_status":"open","ping_status":"open","sticky":false,"template":"","format":"standard","meta":[],"categories":[614,348],"tags":[379],"_links":{"self":[{"href":"https:\/\/kultursanatsen.org.tr\/portal\/wp-json\/wp\/v2\/posts\/332"}],"collection":[{"href":"https:\/\/kultursanatsen.org.tr\/portal\/wp-json\/wp\/v2\/posts"}],"about":[{"href":"https:\/\/kultursanatsen.org.tr\/portal\/wp-json\/wp\/v2\/types\/post"}],"author":[{"embeddable":true,"href":"https:\/\/kultursanatsen.org.tr\/portal\/wp-json\/wp\/v2\/users\/1"}],"replies":[{"embeddable":true,"href":"https:\/\/kultursanatsen.org.tr\/portal\/wp-json\/wp\/v2\/comments?post=332"}],"version-history":[{"count":1,"href":"https:\/\/kultursanatsen.org.tr\/portal\/wp-json\/wp\/v2\/posts\/332\/revisions"}],"predecessor-version":[{"id":12681,"href":"https:\/\/kultursanatsen.org.tr\/portal\/wp-json\/wp\/v2\/posts\/332\/revisions\/12681"}],"wp:attachment":[{"href":"https:\/\/kultursanatsen.org.tr\/portal\/wp-json\/wp\/v2\/media?parent=332"}],"wp:term":[{"taxonomy":"category","embeddable":true,"href":"https:\/\/kultursanatsen.org.tr\/portal\/wp-json\/wp\/v2\/categories?post=332"},{"taxonomy":"post_tag","embeddable":true,"href":"https:\/\/kultursanatsen.org.tr\/portal\/wp-json\/wp\/v2\/tags?post=332"}],"curies":[{"name":"wp","href":"https:\/\/api.w.org\/{rel}","templated":true}]}}