{"id":309,"date":"2013-05-28T16:42:55","date_gmt":"2013-05-28T16:42:55","guid":{"rendered":"http:\/\/kultursanatsen.org.tr\/portal\/2013\/05\/28\/turkiye-sanat-kurumu-ile-sanatin-desteklenmesi-hakkinda-kanun-tasarisi-taslagi-2\/"},"modified":"2013-05-28T16:42:55","modified_gmt":"2013-05-28T16:42:55","slug":"turkiye-sanat-kurumu-ile-sanatin-desteklenmesi-hakkinda-kanun-tasarisi-taslagi-2","status":"publish","type":"post","link":"https:\/\/kultursanatsen.org.tr\/portal\/2013\/05\/28\/turkiye-sanat-kurumu-ile-sanatin-desteklenmesi-hakkinda-kanun-tasarisi-taslagi-2\/","title":{"rendered":"T\u00dcRK\u0130YE SANAT KURUMU \u0130LE SANATIN DESTEKLENMES\u0130 HAKKINDA  KANUN TASARISI TASLA\u011eI"},"content":{"rendered":"\n<p style=\"text-align: justify;\">Ba\u015fbakan Recep Tayyip Erdo\u011fan\u2019\u0131n tiyatrolar\u0131n \u00f6zelle\u015ftirilece\u011fini a\u00e7\u0131klamas\u0131yla birlikte h\u00fck\u00fcmette ba\u015flayan yasa \u00e7al\u0131\u015fmalar\u0131 devam ediyor. Bu kapsamda \u00fc\u00e7 ayr\u0131 taslak haz\u0131rlan\u0131rken, \u00e7al\u0131\u015fmalar\u0131n yo\u011funla\u015ft\u0131r\u0131ld\u0131\u011f\u0131 yasa tasla\u011f\u0131 bas\u0131na s\u0131zd\u0131.&nbsp;<\/p>\n<p style=\"text-align: justify; text-indent: -18pt;\">$1<span style=\"font-family: Symbol;\">\u00b7<span style=\"font-size: 7pt; line-height: normal; font-family: 'Times New Roman';\">&nbsp;&nbsp;&nbsp;&nbsp;&nbsp;&nbsp;&nbsp;&nbsp; <\/span><\/span><strong>T\u00fcrkiye Sanat Kurumu kurulacak:<\/strong> Sanat projelerinin de\u011ferlendirilmesi, desteklenmesi ve yapt\u0131r\u0131lmas\u0131 i\u00e7in idari ve mali \u00f6zerkli\u011fe sahip, K\u00fclt\u00fcr ve Turizm Bakanl\u0131\u011f\u0131\u2019na ba\u011fl\u0131 T\u00fcrkiye Sanat Kurumu kurulacak. Kurumun karar organ\u0131 \u2018T\u00fcrkiye Sanat Kurulu\u2019 olacak. Kurul 11 \u00fcyeden olu\u015facak. Kurul \u00fcyelerinin 6\u2019s\u0131 desteklenen sanat dallar\u0131nda \u00f6\u011frenim g\u00f6rm\u00fc\u015f, g\u00f6rev yapm\u0131\u015f veya se\u00e7kinle\u015fmi\u015f ki\u015filer aras\u0131ndan se\u00e7ilirken 5\u2019i ise b\u00fcrokratlardan olu\u015facak. Kurul \u00fcyeleri K\u00fclt\u00fcr Bakan\u0131\u2019n\u0131n teklifi \u00fczerine Bakanlar Kurulu karar\u0131yla atanacak.<\/p>\n<p style=\"text-align: justify; text-indent: -18pt;\">$1<span style=\"font-family: Symbol;\">\u00b7<span style=\"font-size: 7pt; line-height: normal; font-family: 'Times New Roman';\">&nbsp;&nbsp;&nbsp;&nbsp;&nbsp;&nbsp;&nbsp;&nbsp; <\/span><\/span><strong>Desteklenecek projelere T\u00fcrkiye Sanat Kurulu karar verecek:<\/strong> G\u00f6rsel ve i\u015fitsel yap\u0131mlar ile tiyatro, opera, bale, dans, halk danslar\u0131, uyarlamalar, m\u00fczik, plastik sanatlar ve geleneksel sanat dallar\u0131nda k\u00fclt\u00fcr ve sanata katk\u0131 sa\u011flayacak nitelikteki projelerin desteklenmesine kurul karar verecek. Ayr\u0131ca kurul gerekli g\u00f6r\u00fcrse hizmet al\u0131m\u0131 yoluyla da projeler yapt\u0131rabilecek. \u00d6zel nitelikteki proje ve yap\u0131mlar ile ya\u015fayan insan hazinelerinin ve maddi deste\u011fe ihtiyac\u0131 olan sanat\u00e7\u0131lar\u0131n do\u011frudan desteklenmesine de kurul karar verecek. Ayr\u0131ca; mevcut uygulamada se\u00e7ilmi\u015f taraf\u0131ndan olu\u015fturulan kurullar \u201cT\u00fcrkiye Sanat Kurumu\u201d ad\u0131 alt\u0131nda h\u00fck\u00fcmet taraf\u0131ndan atanm\u0131\u015flardan olu\u015fturulacak bir sisteme d\u00f6n\u00fc\u015ft\u00fcr\u00fclecek.<\/p>\n<p style=\"text-align: justify; text-indent: -18pt;\">$1<span style=\"font-family: Symbol;\">\u00b7<span style=\"font-size: 7pt; line-height: normal; font-family: 'Times New Roman';\">&nbsp;&nbsp;&nbsp;&nbsp;&nbsp;&nbsp;&nbsp;&nbsp; <\/span><\/span><strong>Getirilmek istenen bu yasa ile 1309, 1310 5441 Say\u0131l\u0131 \u00f6zel yasalar ilga edilecek.<\/strong><\/p>\n<p style=\"text-align: justify; text-indent: -18pt;\">$1<span style=\"font-family: Symbol;\">\u00b7<span style=\"font-size: 7pt; line-height: normal; font-family: 'Times New Roman';\">&nbsp;&nbsp;&nbsp;&nbsp;&nbsp;&nbsp;&nbsp;&nbsp; <\/span><\/span><strong>Kurulun verece\u011fi destek projenin %50\u2019sini ge\u00e7meyecek: <\/strong>Kurul projeleri de\u011ferlendirirken tiyatro, m\u00fczik, opera, bale, dans, halk danslar\u0131, uyarlamalar, di\u011fer g\u00f6rsel ve i\u015fitsel sahne sanatlar\u0131, plastik sanatlar ve geleneksel sanatlar\u0131n geli\u015ftirilmesi-yayg\u0131nla\u015ft\u0131r\u0131lmas\u0131, \u00e7a\u011fda\u015f ve verimli bir ileti\u015fim ortam\u0131n\u0131n olu\u015fturulmas\u0131 gibi kriterlere dikkat edecek. Kurulca verilecek destek miktar\u0131, projenin y\u00fczde 50\u2019sini ge\u00e7emeyecek. Kurulun projeleri se\u00e7me yetkisi oldu\u011fu gibi iptal etme yetkisi de olacak. Kurulun gelir kaynaklar\u0131n\u0131n ba\u015f\u0131nda ise Milli Piyango \u0130daresi olacak. Bilet gelirlerinin bir k\u0131sm\u0131 kurul b\u00fct\u00e7esine gidecek.<\/p>\n<p style=\"text-align: justify; text-indent: -18pt;\">$1<span style=\"font-family: Symbol;\">\u00b7<span style=\"font-size: 7pt; line-height: normal; font-family: 'Times New Roman';\">&nbsp;&nbsp;&nbsp;&nbsp;&nbsp;&nbsp;&nbsp;&nbsp; <\/span><\/span><strong>Sanat\u00e7\u0131lar emeklili\u011fe te\u015fvik edilecek:<\/strong> Devlet b\u00fcnyesinde g\u00f6rev yapan ve ya\u015f haddinden emeklili\u011fine az kalan sanat\u00e7\u0131lar i\u00e7in te\u015fvikli emekli ikramiyesi olacak. Ya\u015f haddinden emeklili\u011fine en fazla \u00fc\u00e7 y\u0131l kalanlara y\u00fczde 40, \u00fc\u00e7-alt\u0131 y\u0131l kalanlara y\u00fczde 50, alt\u0131 y\u0131ldan fazla kalm\u0131\u015f olanlara y\u00fczde 60 fazla ikramiye \u00f6denecek.<\/p>\n<p style=\"text-align: justify; text-indent: -18pt;\">$1<span style=\"font-family: Symbol;\">\u00b7<span style=\"font-size: 7pt; line-height: normal; font-family: 'Times New Roman';\">&nbsp;&nbsp;&nbsp;&nbsp;&nbsp;&nbsp;&nbsp;&nbsp; <\/span><\/span><strong>Tiyatro ve opera binalar\u0131 T\u00fcrkiye Sanat Kurumu\u2019na ge\u00e7ecek: <\/strong>Tasla\u011f\u0131n aynen yasala\u015fmas\u0131n\u0131n ard\u0131ndan 5441 say\u0131l\u0131 Devlet Tiyatrosu Kanunu ile 1309 say\u0131l\u0131 Devlet Opera ve Balesi Genel M\u00fcd\u00fcrl\u00fc\u011f\u00fc Kanunu y\u00fcr\u00fcrl\u00fckten kald\u0131r\u0131lacak. Bu kurumlara ait, binalar ve ta\u015f\u0131nmazlar da T\u00fcrkiye Sanat Kurumu\u2019na devredilecek. B\u00f6ylece tiyatro ve opera salonlar\u0131 da kuruma ge\u00e7mi\u015f olacak.<\/p>\n<p style=\"text-align: justify; text-indent: -18pt;\">$1<span style=\"font-family: Symbol;\">\u00b7<span style=\"font-size: 7pt; line-height: normal; font-family: 'Times New Roman';\">&nbsp;&nbsp;&nbsp;&nbsp;&nbsp;&nbsp;&nbsp;&nbsp; <\/span><\/span><strong>Sanat\u00e7\u0131lar isterlerse konservatuarlarda g\u00f6rev alabilecek:<\/strong> K\u00fclt\u00fcr Bakanl\u0131\u011f\u0131, Devlet Tiyatrolar\u0131, Devlet Opera ve Balesi Genel M\u00fcd\u00fcrl\u00fc\u011f\u00fc sanat\u00e7\u0131lar\u0131ndan en az 15 y\u0131l g\u00f6rev yapm\u0131\u015f konservatuvar mezunlar\u0131, isterlerse konservatuvar ve g\u00fczel sanat fak\u00fcltelerine \u00f6\u011fretim g\u00f6revlisi olarak atanabilecek.<\/p>\n<p style=\"text-align: justify; text-indent: -18pt;\">$1<span style=\"font-family: Symbol;\">\u00b7<span style=\"font-size: 7pt; line-height: normal; font-family: 'Times New Roman';\">&nbsp;&nbsp;&nbsp;&nbsp;&nbsp;&nbsp;&nbsp;&nbsp; <\/span><\/span><strong>T\u00fcm \u00fcst d\u00fczey b\u00fcrokratlar g\u00f6revden al\u0131nm\u0131\u015f say\u0131lacak: <\/strong>Taslak yasala\u015f\u0131rsa Devlet Opera ve Balesi Genel M\u00fcd\u00fcrl\u00fc\u011f\u00fc, Devlet Tiyatrolar\u0131 Genel M\u00fcd\u00fcrl\u00fc\u011f\u00fc, G\u00fczel Sanatlar Genel M\u00fcd\u00fcrl\u00fc\u011f\u00fc\u2019nde genel m\u00fcd\u00fcr, genel m\u00fcd\u00fcr yard\u0131mc\u0131s\u0131, daire ba\u015fkan\u0131 ve \u015fube m\u00fcd\u00fcr\u00fc kadrolar\u0131nda olanlar\u0131n g\u00f6revi bitecek.<strong style=\"line-height: 1.3em;\">&nbsp;<\/strong><\/p>\n<p style=\"text-align: justify; text-indent: -18pt;\">$1<span style=\"font-family: Symbol;\">\u00b7<span style=\"font-size: 7pt; line-height: normal; font-family: 'Times New Roman';\">&nbsp;&nbsp;&nbsp;&nbsp;&nbsp;&nbsp;&nbsp;&nbsp; <\/span><\/span><strong>Sanat\u00e7\u0131lar \u0130l K\u00fclt\u00fcr M\u00fcd\u00fcrl\u00fcklerine devredilecek: <\/strong>Devlet Tiyatrolar\u0131 ile Devlet Opera ve Balesi genel m\u00fcd\u00fcrl\u00fcklerinde istihdam edilmekte olan \u2018sanatk\u00e2r memur\u2019 unvanl\u0131 s\u00f6zle\u015fmeli personel, pozisyonlar\u0131yla birlikte K\u00fclt\u00fcr ve Turizm Bakanl\u0131\u011f\u0131\u2019na devredilmi\u015f say\u0131lacak. Ayr\u0131ca K\u00fclt\u00fcr ve Turizm Bakanl\u0131\u011f\u0131 veya ba\u011fl\u0131 kurulu\u015flar\u0131nda \u00e7al\u0131\u015fan sanat\u00e7\u0131lar da il k\u00fclt\u00fcr m\u00fcd\u00fcrl\u00fcklerine memur olarak devredilecek. Bu personele ayl\u0131k s\u00f6zle\u015fme \u00fccretlerinin d\u00f6rt ikramiye ve iki te\u015fvik ikramiyesi hari\u00e7 k\u0131sm\u0131 ayl\u0131k olarak \u00f6denmeye devam edilecek. Sanat\u00e7\u0131lar, izin almak kayd\u0131yla sanatsal faaliyetlerde \u00e7al\u0131\u015fabilecek<\/p>\n<p style=\"text-align: justify; text-indent: -18pt;\">$1<span style=\"font-family: Symbol;\">\u00b7<span style=\"font-size: 7pt; line-height: normal; font-family: 'Times New Roman';\">&nbsp;&nbsp;&nbsp;&nbsp;&nbsp;&nbsp;&nbsp;&nbsp; <\/span><\/span><strong>Sendikal g\u00fcvence tehlikeye girecek:<\/strong> Bu uygulamayla T\u00fcrkiye Sanat Kurulu b\u00fcnyesinde kadrolu istihdam olmayaca\u011f\u0131ndan, sendikal g\u00fcvence de tehlikeye girecek. Getirilmek istenen bu uygulamayla yeni al\u0131nacak personelin ne g\u00fcvencesi ne de sendikal haklar\u0131 olmayacak.&nbsp;<\/p>\n","protected":false},"excerpt":{"rendered":"<p>Ba\u015fbakan Recep Tayyip Erdo\u011fan\u2019\u0131n tiyatrolar\u0131n \u00f6zelle\u015ftirilece\u011fini a\u00e7\u0131klamas\u0131yla birlikte h\u00fck\u00fcmette ba\u015flayan yasa \u00e7al\u0131\u015fmalar\u0131 devam ediyor. Bu kapsamda \u00fc\u00e7 ayr\u0131 taslak haz\u0131rlan\u0131rken, \u00e7al\u0131\u015fmalar\u0131n yo\u011funla\u015ft\u0131r\u0131ld\u0131\u011f\u0131 yasa tasla\u011f\u0131 bas\u0131na s\u0131zd\u0131.&nbsp; $1\u00b7&nbsp;&nbsp;&nbsp;&nbsp;&nbsp;&nbsp;&nbsp;&nbsp; T\u00fcrkiye Sanat Kurumu kurulacak: Sanat projelerinin de\u011ferlendirilmesi, desteklenmesi ve yapt\u0131r\u0131lmas\u0131 i\u00e7in idari ve mali \u00f6zerkli\u011fe sahip, K\u00fclt\u00fcr ve Turizm Bakanl\u0131\u011f\u0131\u2019na ba\u011fl\u0131 T\u00fcrkiye Sanat Kurumu kurulacak. Kurumun karar organ\u0131 [&hellip;]<\/p>\n","protected":false},"author":1,"featured_media":0,"comment_status":"open","ping_status":"open","sticky":false,"template":"","format":"standard","meta":[],"categories":[1],"tags":[],"_links":{"self":[{"href":"https:\/\/kultursanatsen.org.tr\/portal\/wp-json\/wp\/v2\/posts\/309"}],"collection":[{"href":"https:\/\/kultursanatsen.org.tr\/portal\/wp-json\/wp\/v2\/posts"}],"about":[{"href":"https:\/\/kultursanatsen.org.tr\/portal\/wp-json\/wp\/v2\/types\/post"}],"author":[{"embeddable":true,"href":"https:\/\/kultursanatsen.org.tr\/portal\/wp-json\/wp\/v2\/users\/1"}],"replies":[{"embeddable":true,"href":"https:\/\/kultursanatsen.org.tr\/portal\/wp-json\/wp\/v2\/comments?post=309"}],"version-history":[{"count":0,"href":"https:\/\/kultursanatsen.org.tr\/portal\/wp-json\/wp\/v2\/posts\/309\/revisions"}],"wp:attachment":[{"href":"https:\/\/kultursanatsen.org.tr\/portal\/wp-json\/wp\/v2\/media?parent=309"}],"wp:term":[{"taxonomy":"category","embeddable":true,"href":"https:\/\/kultursanatsen.org.tr\/portal\/wp-json\/wp\/v2\/categories?post=309"},{"taxonomy":"post_tag","embeddable":true,"href":"https:\/\/kultursanatsen.org.tr\/portal\/wp-json\/wp\/v2\/tags?post=309"}],"curies":[{"name":"wp","href":"https:\/\/api.w.org\/{rel}","templated":true}]}}