{"id":211,"date":"2013-03-04T18:18:53","date_gmt":"2013-03-04T18:18:53","guid":{"rendered":"http:\/\/kultursanatsen.org.tr\/portal\/2013\/03\/04\/devlet-tiyatrolari-sozlesme-serhi\/"},"modified":"2013-03-04T18:18:53","modified_gmt":"2013-03-04T18:18:53","slug":"devlet-tiyatrolari-sozlesme-serhi","status":"publish","type":"post","link":"https:\/\/kultursanatsen.org.tr\/portal\/2013\/03\/04\/devlet-tiyatrolari-sozlesme-serhi\/","title":{"rendered":"DEVLET T\u0130YATROLARI S\u00d6ZLE\u015eME \u015eERH\u0130"},"content":{"rendered":"\n<p style=\"text-align: justify;\">1310 say\u0131l\u0131 yasa uyar\u0131nca sanatkar memur(A), uygulat\u0131c\u0131 uzman memur(B) ve uzman memur(C) pozisyon unvanlar\u0131yla \u00e7al\u0131\u015fan idari s\u00f6zle\u015fmelilerin 2013 idari s\u00f6zle\u015fmesine hak kay\u0131plar\u0131n\u0131 \u00f6nlemek \u00fczere imza b\u00f6l\u00fcm\u00fcne &#8220;T\u00fcm yasal haklar\u0131m sakl\u0131 kalmak kayd\u0131yla&#8221; ibaresini koyduktan sonra imzalamalar\u0131 ve s\u00f6zle\u015fmeyi imzalad\u0131klar\u0131 tarihi atmalar\u0131 konusunda Devlet Tiyatrolar\u0131 Genel M\u00fcd\u00fcrl\u00fc\u011f\u00fcne yazd\u0131\u011f\u0131m\u0131z yaz\u0131ya al\u0131nan yan\u0131t ektedir.<\/p>\n","protected":false},"excerpt":{"rendered":"<p>1310 say\u0131l\u0131 yasa uyar\u0131nca sanatkar memur(A), uygulat\u0131c\u0131 uzman memur(B) ve uzman memur(C) pozisyon unvanlar\u0131yla \u00e7al\u0131\u015fan idari s\u00f6zle\u015fmelilerin 2013 idari s\u00f6zle\u015fmesine hak kay\u0131plar\u0131n\u0131 \u00f6nlemek \u00fczere imza b\u00f6l\u00fcm\u00fcne &#8220;T\u00fcm yasal haklar\u0131m sakl\u0131 kalmak kayd\u0131yla&#8221; ibaresini koyduktan sonra imzalamalar\u0131 ve s\u00f6zle\u015fmeyi imzalad\u0131klar\u0131 tarihi atmalar\u0131 konusunda Devlet Tiyatrolar\u0131 Genel M\u00fcd\u00fcrl\u00fc\u011f\u00fcne yazd\u0131\u011f\u0131m\u0131z yaz\u0131ya al\u0131nan yan\u0131t ektedir.<\/p>\n","protected":false},"author":1,"featured_media":0,"comment_status":"open","ping_status":"open","sticky":false,"template":"","format":"standard","meta":[],"categories":[1],"tags":[],"_links":{"self":[{"href":"https:\/\/kultursanatsen.org.tr\/portal\/wp-json\/wp\/v2\/posts\/211"}],"collection":[{"href":"https:\/\/kultursanatsen.org.tr\/portal\/wp-json\/wp\/v2\/posts"}],"about":[{"href":"https:\/\/kultursanatsen.org.tr\/portal\/wp-json\/wp\/v2\/types\/post"}],"author":[{"embeddable":true,"href":"https:\/\/kultursanatsen.org.tr\/portal\/wp-json\/wp\/v2\/users\/1"}],"replies":[{"embeddable":true,"href":"https:\/\/kultursanatsen.org.tr\/portal\/wp-json\/wp\/v2\/comments?post=211"}],"version-history":[{"count":0,"href":"https:\/\/kultursanatsen.org.tr\/portal\/wp-json\/wp\/v2\/posts\/211\/revisions"}],"wp:attachment":[{"href":"https:\/\/kultursanatsen.org.tr\/portal\/wp-json\/wp\/v2\/media?parent=211"}],"wp:term":[{"taxonomy":"category","embeddable":true,"href":"https:\/\/kultursanatsen.org.tr\/portal\/wp-json\/wp\/v2\/categories?post=211"},{"taxonomy":"post_tag","embeddable":true,"href":"https:\/\/kultursanatsen.org.tr\/portal\/wp-json\/wp\/v2\/tags?post=211"}],"curies":[{"name":"wp","href":"https:\/\/api.w.org\/{rel}","templated":true}]}}