{"id":210,"date":"2013-03-04T18:14:52","date_gmt":"2013-03-04T18:14:52","guid":{"rendered":"http:\/\/kultursanatsen.org.tr\/portal\/2013\/03\/04\/kiyafet-yardimi-hakkinda-yazimiza-yanit\/"},"modified":"2013-03-04T18:14:52","modified_gmt":"2013-03-04T18:14:52","slug":"kiyafet-yardimi-hakkinda-yazimiza-yanit","status":"publish","type":"post","link":"https:\/\/kultursanatsen.org.tr\/portal\/2013\/03\/04\/kiyafet-yardimi-hakkinda-yazimiza-yanit\/","title":{"rendered":"KIYAFET YARDIMI HAKKINDA YAZIMIZA YANIT"},"content":{"rendered":"\n<p style=\"text-align: justify;\">K\u00fclt\u00fcr Sanat Hizmet Kolunda 2012-2013 y\u0131l\u0131nda sendikam\u0131z K\u00fclt\u00fcr Sanat-Sen ile Kamu \u0130\u015fveren Heyeti aras\u0131nda yap\u0131lan Toplu \u0130\u015f S\u00f6zle\u015fmesi kapsam\u0131nda 01.06.2012 tarih ve 28310 say\u0131l\u0131 Resmi Gazetede yay\u0131mlanan 29.05.2012 tarihli ve 2012\/1 numaral\u0131 Kamu G\u00f6revlileri Hakem Kurulu Kararlar\u0131n\u0131n 51. Maddesi gere\u011fince 01\/07\/2012 tarihinden ge\u00e7erli olmak \u00fczere &#8220;Devlet Opera ve Balesi Genel M\u00fcd\u00fcrl\u00fc\u011f\u00fc orkestra sanat\u00e7\u0131lar\u0131 ile G\u00fczel Sanatlar Genel M\u00fcd\u00fcrl\u00fc\u011f\u00fcne ba\u011fl\u0131 orkestra, koro ve topluluklarda \u00e7al\u0131\u015fan sanat\u00e7\u0131lara, hizmetin gere\u011fi olarak g\u00f6rev esnas\u0131nda giymesi gereken ve kurumlar\u0131nca belirlenen \u00f6zel k\u0131yafet her y\u0131l Eyl\u00fcl ay\u0131nda verilir. Verilecek \u00f6zel k\u0131yafetin standartlar\u0131 ile hangi personele ne kadar s\u00fcreyle verilece\u011fi ve nas\u0131l muhafaza edilece\u011fi hususlar\u0131 ile bu malzemelerin kullan\u0131m\u0131na ili\u015fkin usul ve esaslar kurumlar\u0131nca belirlenir.&#8221; H\u00fckm\u00fc nedeniyle Maliye Bakanl\u0131\u011f\u0131ndan \u00f6denek talebinde bulunulup bulunulmad\u0131\u011f\u0131, \u00f6denek aktar\u0131l\u0131p aktar\u0131lmad\u0131\u011f\u0131 ve 2012 Eyl\u00fcl ay\u0131 itibariyle orkestra koro ve topluluklara k\u0131yafet verilip verilmedi\u011fi konular\u0131nda 4982 say\u0131l\u0131 Bilgi Edinme Hakk\u0131 Kanunu \u00e7er\u00e7evesinde taraf\u0131m\u0131za bilgi verilmesi i\u00e7in G\u00fczel Sanatlar Genel M\u00fcd\u00fcrl\u00fc\u011f\u00fcne yazd\u0131\u011f\u0131m\u0131z yaz\u0131ya al\u0131nan yan\u0131t ektedir.<\/p>\n","protected":false},"excerpt":{"rendered":"<p>K\u00fclt\u00fcr Sanat Hizmet Kolunda 2012-2013 y\u0131l\u0131nda sendikam\u0131z K\u00fclt\u00fcr Sanat-Sen ile Kamu \u0130\u015fveren Heyeti aras\u0131nda yap\u0131lan Toplu \u0130\u015f S\u00f6zle\u015fmesi kapsam\u0131nda 01.06.2012 tarih ve 28310 say\u0131l\u0131 Resmi Gazetede yay\u0131mlanan 29.05.2012 tarihli ve 2012\/1 numaral\u0131 Kamu G\u00f6revlileri Hakem Kurulu Kararlar\u0131n\u0131n 51. Maddesi gere\u011fince 01\/07\/2012 tarihinden ge\u00e7erli olmak \u00fczere &#8220;Devlet Opera ve Balesi Genel M\u00fcd\u00fcrl\u00fc\u011f\u00fc orkestra sanat\u00e7\u0131lar\u0131 ile G\u00fczel [&hellip;]<\/p>\n","protected":false},"author":1,"featured_media":0,"comment_status":"open","ping_status":"open","sticky":false,"template":"","format":"standard","meta":[],"categories":[1],"tags":[121],"_links":{"self":[{"href":"https:\/\/kultursanatsen.org.tr\/portal\/wp-json\/wp\/v2\/posts\/210"}],"collection":[{"href":"https:\/\/kultursanatsen.org.tr\/portal\/wp-json\/wp\/v2\/posts"}],"about":[{"href":"https:\/\/kultursanatsen.org.tr\/portal\/wp-json\/wp\/v2\/types\/post"}],"author":[{"embeddable":true,"href":"https:\/\/kultursanatsen.org.tr\/portal\/wp-json\/wp\/v2\/users\/1"}],"replies":[{"embeddable":true,"href":"https:\/\/kultursanatsen.org.tr\/portal\/wp-json\/wp\/v2\/comments?post=210"}],"version-history":[{"count":0,"href":"https:\/\/kultursanatsen.org.tr\/portal\/wp-json\/wp\/v2\/posts\/210\/revisions"}],"wp:attachment":[{"href":"https:\/\/kultursanatsen.org.tr\/portal\/wp-json\/wp\/v2\/media?parent=210"}],"wp:term":[{"taxonomy":"category","embeddable":true,"href":"https:\/\/kultursanatsen.org.tr\/portal\/wp-json\/wp\/v2\/categories?post=210"},{"taxonomy":"post_tag","embeddable":true,"href":"https:\/\/kultursanatsen.org.tr\/portal\/wp-json\/wp\/v2\/tags?post=210"}],"curies":[{"name":"wp","href":"https:\/\/api.w.org\/{rel}","templated":true}]}}