{"id":209,"date":"2013-03-04T18:07:24","date_gmt":"2013-03-04T18:07:24","guid":{"rendered":"http:\/\/kultursanatsen.org.tr\/portal\/2013\/03\/04\/turizm-arastirmacilarinin-dikkatine\/"},"modified":"2020-11-15T22:27:46","modified_gmt":"2020-11-15T22:27:46","slug":"turizm-arastirmacilarinin-dikkatine","status":"publish","type":"post","link":"https:\/\/kultursanatsen.org.tr\/portal\/2013\/03\/04\/turizm-arastirmacilarinin-dikkatine\/","title":{"rendered":"TUR\u0130ZM ARA\u015eTIRMACILARININ D\u0130KKAT\u0130NE"},"content":{"rendered":"\n<p style=\"text-align: justify;\">4 Kas\u0131m 2012 tarihinde yap\u0131lan Dan\u0131\u015fma Kurulu toplant\u0131s\u0131nda ; \u00c7al\u0131\u015fma ve Sosyal G\u00fcvenlik Bakan\u0131 Say\u0131n Faruk \u00c7EL\u0130K hizmet kolumuzda imzalanan toplu i\u015f s\u00f6zle\u015fmesinin mevzuattan kaynakl\u0131 uygulanamayan maddelerine ili\u015fkin \u00e7al\u0131\u015fmalar\u0131n h\u0131zland\u0131r\u0131larak ilk Bakanlar Kurulu toplant\u0131s\u0131nda; di\u011ferlerinin de 15 Ocaktan sonra kendileri taraf\u0131ndan haz\u0131rlanm\u0131\u015f olan yasa tasar\u0131s\u0131 \u00e7\u0131kart\u0131larak nihai \u00e7\u00f6z\u00fcme kavu\u015fturulaca\u011f\u0131n\u0131 belirtmi\u015ftir. Genel Ba\u015fkan\u0131m\u0131z Yavuz DEM\u0130RKAYA Kanunlar ve Kararlar Genel M\u00fcd\u00fcrl\u00fc\u011f\u00fc&#8217;nde oldu\u011fu s\u00f6ylenen yasa tasar\u0131s\u0131 s\u00f6ylemlerine ili\u015fkin Devlet Personel Ba\u015fkanl\u0131\u011f\u0131 nezdinde yapt\u0131\u011f\u0131 g\u00f6r\u00fc\u015fmeler sonucu Kanunlar ve Kararlar Genel M\u00fcd\u00fcrl\u00fc\u011f\u00fc&#8217;nde b\u00f6yle bir yasa tasla\u011f\u0131n\u0131n olmad\u0131\u011f\u0131n\u0131 yukar\u0131da belirtti\u011fimiz s\u00fcre\u00e7le birlikte konunun sonu\u00e7land\u0131r\u0131laca\u011f\u0131n\u0131 \u00f6\u011frenmi\u015ftir. T\u00fcm ilgili Kamu Emek\u00e7ilerine duyurulur&#8230;<\/p>\n","protected":false},"excerpt":{"rendered":"<p>4 Kas\u0131m 2012 tarihinde yap\u0131lan Dan\u0131\u015fma Kurulu toplant\u0131s\u0131nda ; \u00c7al\u0131\u015fma ve Sosyal G\u00fcvenlik Bakan\u0131 Say\u0131n Faruk \u00c7EL\u0130K hizmet kolumuzda imzalanan toplu i\u015f s\u00f6zle\u015fmesinin mevzuattan kaynakl\u0131 uygulanamayan maddelerine ili\u015fkin \u00e7al\u0131\u015fmalar\u0131n h\u0131zland\u0131r\u0131larak ilk Bakanlar Kurulu toplant\u0131s\u0131nda; di\u011ferlerinin de 15 Ocaktan sonra kendileri taraf\u0131ndan haz\u0131rlanm\u0131\u015f olan yasa tasar\u0131s\u0131 \u00e7\u0131kart\u0131larak nihai \u00e7\u00f6z\u00fcme kavu\u015fturulaca\u011f\u0131n\u0131 belirtmi\u015ftir. Genel Ba\u015fkan\u0131m\u0131z Yavuz DEM\u0130RKAYA Kanunlar [&hellip;]<\/p>\n","protected":false},"author":1,"featured_media":0,"comment_status":"open","ping_status":"open","sticky":false,"template":"","format":"standard","meta":[],"categories":[613,612],"tags":[121],"_links":{"self":[{"href":"https:\/\/kultursanatsen.org.tr\/portal\/wp-json\/wp\/v2\/posts\/209"}],"collection":[{"href":"https:\/\/kultursanatsen.org.tr\/portal\/wp-json\/wp\/v2\/posts"}],"about":[{"href":"https:\/\/kultursanatsen.org.tr\/portal\/wp-json\/wp\/v2\/types\/post"}],"author":[{"embeddable":true,"href":"https:\/\/kultursanatsen.org.tr\/portal\/wp-json\/wp\/v2\/users\/1"}],"replies":[{"embeddable":true,"href":"https:\/\/kultursanatsen.org.tr\/portal\/wp-json\/wp\/v2\/comments?post=209"}],"version-history":[{"count":1,"href":"https:\/\/kultursanatsen.org.tr\/portal\/wp-json\/wp\/v2\/posts\/209\/revisions"}],"predecessor-version":[{"id":12068,"href":"https:\/\/kultursanatsen.org.tr\/portal\/wp-json\/wp\/v2\/posts\/209\/revisions\/12068"}],"wp:attachment":[{"href":"https:\/\/kultursanatsen.org.tr\/portal\/wp-json\/wp\/v2\/media?parent=209"}],"wp:term":[{"taxonomy":"category","embeddable":true,"href":"https:\/\/kultursanatsen.org.tr\/portal\/wp-json\/wp\/v2\/categories?post=209"},{"taxonomy":"post_tag","embeddable":true,"href":"https:\/\/kultursanatsen.org.tr\/portal\/wp-json\/wp\/v2\/tags?post=209"}],"curies":[{"name":"wp","href":"https:\/\/api.w.org\/{rel}","templated":true}]}}