{"id":13103,"date":"2023-10-16T10:59:42","date_gmt":"2023-10-16T10:59:42","guid":{"rendered":"https:\/\/kultursanatsen.org.tr\/portal\/?p=13103"},"modified":"2023-10-16T10:59:42","modified_gmt":"2023-10-16T10:59:42","slug":"kultur-sanat-sen-ankara-bolge-subesi-8-olagan-genel-kurulu-ilani","status":"publish","type":"post","link":"https:\/\/kultursanatsen.org.tr\/portal\/2023\/10\/16\/kultur-sanat-sen-ankara-bolge-subesi-8-olagan-genel-kurulu-ilani\/","title":{"rendered":"K\u00dcLT\u00dcR SANAT-SEN ANKARA B\u00d6LGE \u015eUBES\u0130 8.OLA\u011eAN GENEL KURULU \u0130LANI"},"content":{"rendered":"<p>K\u00dcLT\u00dcR SANAT-SEN Ankara B\u00f6lge \u015eubesinin 8. Ola\u011fan Genel Kurulu a\u015fa\u011f\u0131da belirtilen g\u00fcndemle 31.10.2023 Sal\u0131 g\u00fcn\u00fc saat 10.00\u2019da Konur 2 Sok. 43\/8 K\u0131z\u0131lay\u2019da bulunan Ankara \u015eubesi b\u00fcrosunda yap\u0131lacakt\u0131r. \u00c7o\u011funlu\u011fun sa\u011flanamamas\u0131 durumunda Genel Kurul 03.11.2023 Cuma g\u00fcn\u00fc saat 10.00\u2019da Mithatpa\u015fa Cad. No:4 K\u0131z\u0131lay\u2019da bulunan Ankara G\u00fcrkent Hotel\u2019de ayn\u0131 g\u00fcndemle yap\u0131lacakt\u0131r.<\/p>\n<p>G\u00fcndem :<\/p>\n<ol>\n<li>Yoklama<\/li>\n<li>A\u00e7\u0131l\u0131\u015f ve Sayg\u0131 duru\u015fu<\/li>\n<li>Divan Se\u00e7imi<\/li>\n<li>A\u00e7\u0131l\u0131\u015f konu\u015fmas\u0131 \u2013 konuklar\u0131n konu\u015fmas\u0131<\/li>\n<li>\u00c7al\u0131\u015fma raporunun, Denetim ve Disiplin Kurullar\u0131 faaliyet raporlar\u0131n\u0131n g\u00f6r\u00fc\u015f\u00fclmesi ve aklanmas\u0131<\/li>\n<li>Y\u00f6netim, Denetleme ve Disiplin Kurullar\u0131 asil ve yedek \u00fcyeleriyle\u00a0 \u00fcst kurul delege adaylar\u0131n\u0131n tespiti.<\/li>\n<li>Yeni organlar\u0131n se\u00e7imi. (Oy kullanma Saati 13.00 ile 17.00 aral\u0131\u011f\u0131)<\/li>\n<li>Dilek ve temenniler<\/li>\n<li>Kapan\u0131\u015f<\/li>\n<\/ol>\n<p>&nbsp;<\/p>\n<p>&nbsp;<\/p>\n<p>&nbsp;<\/p>\n<p>&nbsp;<\/p>\n<p>K\u00dcLT\u00dcR SANAT-SEN ANKARA B\u00d6LGE \u015eUBES\u0130 Y\u00d6NET\u0130M KURULU<\/p>\n","protected":false},"excerpt":{"rendered":"<p>K\u00dcLT\u00dcR SANAT-SEN Ankara B\u00f6lge \u015eubesinin 8. Ola\u011fan Genel Kurulu a\u015fa\u011f\u0131da belirtilen g\u00fcndemle 31.10.2023 Sal\u0131 g\u00fcn\u00fc saat 10.00\u2019da Konur 2 Sok. 43\/8 K\u0131z\u0131lay\u2019da bulunan Ankara \u015eubesi b\u00fcrosunda yap\u0131lacakt\u0131r. \u00c7o\u011funlu\u011fun sa\u011flanamamas\u0131 durumunda Genel Kurul 03.11.2023 Cuma g\u00fcn\u00fc saat 10.00\u2019da Mithatpa\u015fa Cad. No:4 K\u0131z\u0131lay\u2019da bulunan Ankara G\u00fcrkent Hotel\u2019de ayn\u0131 g\u00fcndemle yap\u0131lacakt\u0131r. G\u00fcndem : Yoklama A\u00e7\u0131l\u0131\u015f ve Sayg\u0131 duru\u015fu [&hellip;]<\/p>\n","protected":false},"author":2,"featured_media":11527,"comment_status":"closed","ping_status":"closed","sticky":false,"template":"","format":"standard","meta":[],"categories":[393,348],"tags":[],"_links":{"self":[{"href":"https:\/\/kultursanatsen.org.tr\/portal\/wp-json\/wp\/v2\/posts\/13103"}],"collection":[{"href":"https:\/\/kultursanatsen.org.tr\/portal\/wp-json\/wp\/v2\/posts"}],"about":[{"href":"https:\/\/kultursanatsen.org.tr\/portal\/wp-json\/wp\/v2\/types\/post"}],"author":[{"embeddable":true,"href":"https:\/\/kultursanatsen.org.tr\/portal\/wp-json\/wp\/v2\/users\/2"}],"replies":[{"embeddable":true,"href":"https:\/\/kultursanatsen.org.tr\/portal\/wp-json\/wp\/v2\/comments?post=13103"}],"version-history":[{"count":2,"href":"https:\/\/kultursanatsen.org.tr\/portal\/wp-json\/wp\/v2\/posts\/13103\/revisions"}],"predecessor-version":[{"id":13105,"href":"https:\/\/kultursanatsen.org.tr\/portal\/wp-json\/wp\/v2\/posts\/13103\/revisions\/13105"}],"wp:featuredmedia":[{"embeddable":true,"href":"https:\/\/kultursanatsen.org.tr\/portal\/wp-json\/wp\/v2\/media\/11527"}],"wp:attachment":[{"href":"https:\/\/kultursanatsen.org.tr\/portal\/wp-json\/wp\/v2\/media?parent=13103"}],"wp:term":[{"taxonomy":"category","embeddable":true,"href":"https:\/\/kultursanatsen.org.tr\/portal\/wp-json\/wp\/v2\/categories?post=13103"},{"taxonomy":"post_tag","embeddable":true,"href":"https:\/\/kultursanatsen.org.tr\/portal\/wp-json\/wp\/v2\/tags?post=13103"}],"curies":[{"name":"wp","href":"https:\/\/api.w.org\/{rel}","templated":true}]}}