{"id":12957,"date":"2021-06-21T13:44:16","date_gmt":"2021-06-21T13:44:16","guid":{"rendered":"https:\/\/kultursanatsen.org.tr\/portal\/?p=12957"},"modified":"2021-07-07T09:24:43","modified_gmt":"2021-07-07T09:24:43","slug":"sendikamiz-ile-devlet-opera-balesi-genel-mudurlu-arasinda-yapilan-2021-1-kurum-idari-kurul-toplantisinda-alinan-kararlar","status":"publish","type":"post","link":"https:\/\/kultursanatsen.org.tr\/portal\/2021\/06\/21\/sendikamiz-ile-devlet-opera-balesi-genel-mudurlu-arasinda-yapilan-2021-1-kurum-idari-kurul-toplantisinda-alinan-kararlar\/","title":{"rendered":"SEND\u0130KAMIZ \u0130LE DEVLET OPERA BALES\u0130 GENEL M\u00dcD\u00dcRL\u00dc ARASINDA YAPILAN 2021\/1 KURUM \u0130DAR\u0130 KURUL TOPLANTISINDA ALINAN KARARLAR"},"content":{"rendered":"<section class=\"content\">\n<div class=\"container\">\n<div class=\"ms-webpart-zone ms-fullWidth\">\n<div id=\"MSOZoneCell_WebPartctl00_ctl43_g_16bfbc4f_11de_4cc7_900b_200ce6a4318c\" class=\"s4-wpcell-plain ms-webpartzone-cell ms-webpart-cell-vertical-inline-table ms-webpart-cell-vertical ms-fullWidth \">\n<div class=\"ms-webpart-chrome ms-webpart-chrome-vertical ms-webpart-chrome-fullWidth \">\n<div id=\"WebPartctl00_ctl43_g_16bfbc4f_11de_4cc7_900b_200ce6a4318c\" class=\"ms-WPBody noindex \">\n<div id=\"ctl00_ctl43_g_16bfbc4f_11de_4cc7_900b_200ce6a4318c\">\n<div class=\"clearfix\">\n<div class=\"ExternalClass06D0F908A08C4F958CC70CC05A15835E\">\n<p>GENEL M\u00dcD\u00dcRL\u00dc\u011e\u00dcM\u00dcZ \u0130LE YETK\u0130L\u0130 SEND\u0130KA K\u00dcLT\u00dcR SANAT VE TUR\u0130ZM EMEK\u00c7\u0130LER\u0130 SEND\u0130KASI ARASINDA YAPILAN 2021\/1 KURUM \u0130DAR\u0130 KURUL TOPLANTISINDA ALINAN KARARLAR<\/p>\n<p>4688 say\u0131l\u0131 Kamu G\u00f6revlileri Sendikalar\u0131 Kanunu gere\u011fi Kurum \u0130dari Kurul g\u00f6r\u00fc\u015fmeleri i\u00e7in Devlet Opera ve Balesi Genel M\u00fcd\u00fcrl\u00fc\u011f\u00fc toplant\u0131 salonunda 15.06.2021 tarihinde toplan\u0131lm\u0131\u015ft\u0131r.<br \/>\nDaha \u00f6nce belirlenen g\u00fcndem maddeleri do\u011frultusunda g\u00f6r\u00fc\u015f\u00fclmeye ge\u00e7ilmi\u015ftir<\/p>\n<p>Genel M\u00fcd\u00fcrl\u00fc\u011f\u00fcm\u00fcz\u00fcn ihtiyac\u0131 do\u011frultusunda bo\u015falan kadrolara belirli periyotlarla kurum i\u00e7i g\u00f6revde y\u00fckselme ve unvan de\u011fi\u015fikli\u011fi s\u0131nav\u0131 a\u00e7\u0131lmas\u0131 planlanmaktad\u0131r.<br \/>\n1309 say\u0131l\u0131 Kanuna ba\u011fl\u0131 Unvan De\u011fi\u015fikli\u011fi Y\u00f6netmeli\u011fimiz g\u00fcn\u00fcm\u00fcz ko\u015fullar\u0131na uygun hale getirilme \u00e7al\u0131\u015fmas\u0131 yap\u0131lmaktad\u0131r. An\u0131lan Y\u00f6netmelik tamamland\u0131ktan sonra talep edilen unvan de\u011fi\u015fikli\u011fi s\u0131nav\u0131 yap\u0131lacakt\u0131r.<\/p>\n<p>Haz\u0131rlanan Kanun tasla\u011f\u0131nda Uzman Memurlar\u0131m\u0131z i\u00e7in 3600 ek g\u00f6sterge \u00f6n g\u00f6r\u00fclm\u00fc\u015ft\u00fcr. Sahne M\u00fcd\u00fcrleri ile At\u00f6lye \u015eefleri unvanlar\u0131n\u0131n b pozisyona ge\u00e7irilmesi Kanun \u00e7al\u0131\u015fmas\u0131nda de\u011ferlendirilmi\u015ftir.<\/p>\n<p>Devlet Opera ve Balesi Genel M\u00fcd\u00fcrl\u00fc\u011f\u00fc Sahne ve Salon Tahsis Y\u00f6nergesinin 13. maddesi gere\u011fince personele \u00f6denen paran\u0131n bir katsay\u0131ya ba\u011flanarak personele \u00f6denmesi \u00e7al\u0131\u015f\u0131lmas\u0131n\u0131n yap\u0131lmas\u0131.<\/p>\n<p>Kanun ve T\u0130S \u00e7\u00f6z\u00fcmlenmesi gereken konular ilgili kurullarda g\u00f6r\u00fc\u015f\u00fclmesi uygun olaca\u011f\u0131 g\u00f6r\u00fc\u015f\u00fclm\u00fc\u015ft\u00fcr.<\/p>\n<p>M\u00fcd\u00fcrl\u00fcklerinin mal ve hizmet al\u0131m\u0131 ihtiya\u00e7lar\u0131n\u0131n b\u00fct\u00e7e olanaklar\u0131 do\u011frultusunda yerine getirilmesi.<br \/>\nTasla\u011f\u0131nda teklifte bulunulmu\u015ftur.\u200b<\/p>\n<\/div>\n<div><\/div>\n<\/div>\n<\/div>\n<\/div>\n<div>Kurum \u0130dari Kurulu mutabakat metni ektedir. <a href=\"https:\/\/kultursanatsen.org.tr\/portal\/wp-content\/uploads\/2021\/06\/kik-opera.pdf\">kik opera<\/a><\/div>\n<div id=\"WebPartctl00_ctl43_g_16bfbc4f_11de_4cc7_900b_200ce6a4318c\" class=\"ms-WPBody noindex \">\n<div class=\"ms-clear\"><\/div>\n<\/div>\n<\/div>\n<\/div>\n<\/div>\n<div class=\"works\">\n<div class=\"table\">\n<div class=\"middle\"><\/div>\n<div class=\"middle\">\n<div class=\"works-dates\"><\/div>\n<\/div>\n<\/div>\n<\/div>\n<\/div>\n<\/section>\n<footer class=\"ms-dialogHidden\">\n<div class=\"container\">\n<div class=\"row\">\n<div class=\"col-md-12\">\n<p>&nbsp;<\/p>\n<\/div>\n<\/div>\n<\/div>\n<\/footer>\n","protected":false},"excerpt":{"rendered":"<p>GENEL M\u00dcD\u00dcRL\u00dc\u011e\u00dcM\u00dcZ \u0130LE YETK\u0130L\u0130 SEND\u0130KA K\u00dcLT\u00dcR SANAT VE TUR\u0130ZM EMEK\u00c7\u0130LER\u0130 SEND\u0130KASI ARASINDA YAPILAN 2021\/1 KURUM \u0130DAR\u0130 KURUL TOPLANTISINDA ALINAN KARARLAR 4688 say\u0131l\u0131 Kamu G\u00f6revlileri Sendikalar\u0131 Kanunu gere\u011fi Kurum \u0130dari Kurul g\u00f6r\u00fc\u015fmeleri i\u00e7in Devlet Opera ve Balesi Genel M\u00fcd\u00fcrl\u00fc\u011f\u00fc toplant\u0131 salonunda 15.06.2021 tarihinde toplan\u0131lm\u0131\u015ft\u0131r. Daha \u00f6nce belirlenen g\u00fcndem maddeleri do\u011frultusunda g\u00f6r\u00fc\u015f\u00fclmeye ge\u00e7ilmi\u015ftir Genel M\u00fcd\u00fcrl\u00fc\u011f\u00fcm\u00fcz\u00fcn ihtiyac\u0131 do\u011frultusunda [&hellip;]<\/p>\n","protected":false},"author":3,"featured_media":12959,"comment_status":"closed","ping_status":"closed","sticky":false,"template":"","format":"standard","meta":[],"categories":[617,613,620,393,59,104],"tags":[159,63],"_links":{"self":[{"href":"https:\/\/kultursanatsen.org.tr\/portal\/wp-json\/wp\/v2\/posts\/12957"}],"collection":[{"href":"https:\/\/kultursanatsen.org.tr\/portal\/wp-json\/wp\/v2\/posts"}],"about":[{"href":"https:\/\/kultursanatsen.org.tr\/portal\/wp-json\/wp\/v2\/types\/post"}],"author":[{"embeddable":true,"href":"https:\/\/kultursanatsen.org.tr\/portal\/wp-json\/wp\/v2\/users\/3"}],"replies":[{"embeddable":true,"href":"https:\/\/kultursanatsen.org.tr\/portal\/wp-json\/wp\/v2\/comments?post=12957"}],"version-history":[{"count":2,"href":"https:\/\/kultursanatsen.org.tr\/portal\/wp-json\/wp\/v2\/posts\/12957\/revisions"}],"predecessor-version":[{"id":12964,"href":"https:\/\/kultursanatsen.org.tr\/portal\/wp-json\/wp\/v2\/posts\/12957\/revisions\/12964"}],"wp:featuredmedia":[{"embeddable":true,"href":"https:\/\/kultursanatsen.org.tr\/portal\/wp-json\/wp\/v2\/media\/12959"}],"wp:attachment":[{"href":"https:\/\/kultursanatsen.org.tr\/portal\/wp-json\/wp\/v2\/media?parent=12957"}],"wp:term":[{"taxonomy":"category","embeddable":true,"href":"https:\/\/kultursanatsen.org.tr\/portal\/wp-json\/wp\/v2\/categories?post=12957"},{"taxonomy":"post_tag","embeddable":true,"href":"https:\/\/kultursanatsen.org.tr\/portal\/wp-json\/wp\/v2\/tags?post=12957"}],"curies":[{"name":"wp","href":"https:\/\/api.w.org\/{rel}","templated":true}]}}