{"id":12879,"date":"2021-03-15T08:26:07","date_gmt":"2021-03-15T08:26:07","guid":{"rendered":"https:\/\/kultursanatsen.org.tr\/portal\/?p=12879"},"modified":"2021-03-15T08:26:07","modified_gmt":"2021-03-15T08:26:07","slug":"pandemi-guvencesiz-calismanin-insanligi-yok-edebilecegini-gosterdi","status":"publish","type":"post","link":"https:\/\/kultursanatsen.org.tr\/portal\/2021\/03\/15\/pandemi-guvencesiz-calismanin-insanligi-yok-edebilecegini-gosterdi\/","title":{"rendered":"Pandemi G\u00fcvencesiz \u00c7al\u0131\u015fman\u0131n \u0130nsanl\u0131\u011f\u0131 yok Edebilece\u011fini G\u00f6sterdi!"},"content":{"rendered":"<p><strong>\u201cPANDEM\u0130N\u0130N 1. YILINI GER\u0130DE BIRAKIRKEN\u201d Konfederasyonumuz emek\u00e7ilere ve topluma etkileri raporla\u015ft\u0131ran bir \u00e7al\u0131\u015fmay\u0131 yay\u0131mlad\u0131.\u00a0<\/strong><\/p>\n<p><a href=\"https:\/\/kesk.org.tr\/wp-content\/uploads\/2021\/03\/KESK-PANDEMI%CC%87NI%CC%87N-1.-YIL-DEG%CC%86ERLENDI%CC%87RME-RAPORU.docx\">Raporun \u00f6zeti a\u015fa\u011f\u0131da olup raporumuzun tamam\u0131na ula\u015fmak i\u00e7in t\u0131klay\u0131n\u0131z\u00a0<\/a><\/p>\n<p><strong>Pandemi S\u0131n\u0131fsal e\u015fitsizli\u011fi derinle\u015ftirdi<\/strong><\/p>\n<p>Pandeminin \u201ct\u00fcm insanl\u0131\u011f\u0131 e\u015fitledi\u201d iddias\u0131n\u0131n aksine toplumun her kesimini farkl\u0131 d\u00fczeylerde etkiledi\u011fi, s\u0131n\u0131fsal e\u015fitsizlikleri derinle\u015ftirdi.<\/p>\n<p>\u201cPandemi en \u00e7ok da i\u015f\u00e7ileri, kamu emek\u00e7ilerini, \u00f6zellikle de kad\u0131n i\u015f\u00e7ileri, i\u015fsizleri, d\u00fc\u015f\u00fck gelirlileri ya da geliri olmayanlar\u0131, k\u00fc\u00e7\u00fck esnaf\u0131 ve baz\u0131 k\u00fc\u00e7\u00fck sermayeli i\u015fyerlerini etkiledi.\u201d<\/p>\n<p><strong>B\u00fcy\u00fck sermaye salg\u0131n\u0131 f\u0131rsata \u00e7evirdi<\/strong><\/p>\n<p>Pandemi b\u00fcy\u00fck sermaye gruplar\u0131na \u201ckarlar\u0131n\u0131 b\u00fcy\u00fctmelerini\u201d, \u201csalg\u0131n\u0131 dahi f\u0131rsata \u00e7evirmelerini\u201d getirdi.<\/p>\n<p>Pandemi insanl\u0131\u011fa; do\u011fa, emek ve kad\u0131n kar\u015f\u0131t\u0131 kapitalist sistem i\u00e7erisinde sermaye gruplar\u0131 d\u0131\u015f\u0131nda hi\u00e7 kimsenin ya\u015fam ve i\u015f g\u00fcvencesi, insan onuruna yara\u015f\u0131r ya\u015fam ko\u015fullar\u0131 ve sosyal g\u00fcvenlik hakk\u0131 olmad\u0131\u011f\u0131n\u0131 g\u00f6sterdi.<\/p>\n<p><strong>Salg\u0131nda kazan\u0131lm\u0131\u015f haklar budanmaya \u00e7al\u0131\u015f\u0131ld\u0131<\/strong><\/p>\n<p>\u201cNeoliberal ekonomi politikalar\u0131 ve kapitalist sistem do\u011fay\u0131, insan d\u0131\u015f\u0131ndaki canl\u0131 varl\u0131klar\u0131, eko sistemi tahrip ederek yeni salg\u0131nlar\u0131 tetikliyor, salg\u0131nlar\u0131 sermayeyi b\u00fcy\u00fctmek i\u00e7in kullan\u0131yor, salg\u0131n\u0131 gerek\u00e7e yaparak kazan\u0131lm\u0131\u015f haklar\u0131 buduyor, salg\u0131n sonras\u0131nda ise yeni durumu kendi lehine kal\u0131c\u0131 hale getirmek istiyor. Covid-19 salg\u0131n\u0131nda da ya\u015fanan en yal\u0131n haliyle budur.\u201d<\/p>\n<p><strong>Talebimiz \u0130nsanl\u0131\u011f\u0131n Talebi Oldu<\/strong><\/p>\n<p>KESK\u2019in m\u00fccadele gerek\u00e7esi yapt\u0131\u011f\u0131 \u201ckamu hizmetlerinin paras\u0131z, nitelikli, ula\u015f\u0131labilir, bilimsel ve anadilinde olmas\u0131\u201d ilkesinin \u00f6nemini hi\u00e7 olmad\u0131\u011f\u0131 kadar a\u00e7\u0131\u011fa \u00e7\u0131kard\u0131. Bu talep art\u0131k t\u00fcm insanl\u0131\u011f\u0131n talebi ve m\u00fccadele gerek\u00e7esidir.<\/p>\n<p><strong>Sa\u011fl\u0131\u011fa eri\u015femedi\u011fi i\u00e7in binlerce insan evinde \u00f6ld\u00fc<\/strong><\/p>\n<p>Sa\u011fl\u0131k hizmetlerinin \u00f6zelle\u015ftirmesi salg\u0131n\u0131n ba\u015flamas\u0131yla birlikte tam anlam\u0131yla bir kaosa yol a\u00e7m\u0131\u015f, binlerce insan sa\u011fl\u0131k hizmetine eri\u015femedi\u011fi i\u00e7in evlerinde ya\u015fam\u0131n\u0131 yitirmi\u015f, cenazelerine g\u00fcnler sonra ula\u015f\u0131lm\u0131\u015f, cenazeleri TIR dorselerinde bekletilmi\u015f, mezarl\u0131klar\u0131n dahi paral\u0131 hale getirilmesi nedeniyle g\u00f6m\u00fclmeleri i\u00e7in u\u011fra\u015flar verilmi\u015ftir.<\/p>\n<p><strong>\u00a0<\/strong><\/p>\n<p><strong>\u00a0<\/strong><\/p>\n<p><strong>Ya\u015fl\u0131lar \u0130lk G\u00f6zden \u00c7\u0131kar\u0131lanlar Oldu, Huzurevleri Mezarl\u0131\u011fa D\u00f6nd\u00fc<\/strong><\/p>\n<p>Birinci basamak sa\u011fl\u0131k hizmetlerinin neredeyse ortadan kald\u0131r\u0131lmas\u0131, yetersiz hastane ve t\u0131bbi malzeme gibi nedenlerle kurtar\u0131labilecekken on binlerce insan hastane bah\u00e7elerinde, yerlerde \u00e7\u0131rp\u0131na \u00e7\u0131rp\u0131na ya\u015fam\u0131n\u0131 yitirmi\u015ftir. Neoliberalizmin \u2018sosyal g\u00fcvenli\u011fe y\u00fck olarak\u2019 g\u00f6rd\u00fc\u011f\u00fc ya\u015fl\u0131lar salg\u0131nda g\u00f6zden ilk \u00e7\u0131kar\u0131lanlar olmu\u015f, huzurevleri mezarl\u0131\u011fa d\u00f6nm\u00fc\u015ft\u00fcr.<\/p>\n<p><strong>Sermaye Yasal Bo\u015fluk Ve A\u00e7\u0131klar\u0131 Kulland\u0131<\/strong><\/p>\n<p>Pandemi i\u015f\u00e7i sa\u011fl\u0131\u011f\u0131 ve g\u00fcvenli\u011fi konusunda yasalar\u0131n i\u015f\u00e7iler, emek\u00e7iler aleyhine oldu\u011funu, yasal bo\u015fluk ya da a\u00e7\u0131klar\u0131n sermayeye taraf\u0131ndan kullan\u0131ld\u0131\u011f\u0131n\u0131 g\u00f6sterdi.<\/p>\n<p><strong>Emek\u00e7iler Girdi Ve Meta Olarak G\u00f6r\u00fcld\u00fc<\/strong><\/p>\n<p>Devletlerin salg\u0131n\u0131n pik yapt\u0131\u011f\u0131 d\u00f6nemlerde dahi binlerce i\u015f\u00e7iyi fabrikalarda \u00e7al\u0131\u015fmaya zorlayarak i\u015f\u00e7i sa\u011fl\u0131\u011f\u0131 ve g\u00fcvenli\u011fini de\u011fil mal ve sermaye \u00fcretimini \u00f6nceledi\u011fini, emek\u00e7ileri girdi ve meta olarak g\u00f6rd\u00fc\u011f\u00fcn\u00fc en yal\u0131n haliyle g\u00f6stermi\u015ftir.<\/p>\n<p><strong>BES\u2019in kar\u015f\u0131l\u0131\u011f\u0131 yok, \u00f6zel hastaneler kepenk indirdi<\/strong><\/p>\n<p>Pandemi sosyal koruma ve sosyal g\u00fcvencelerin yetersizliklerini ortaya \u00e7\u0131kard\u0131.<\/p>\n<p>Pandemi, bireysel emeklilik sistemlerinin, \u00f6zel sa\u011fl\u0131k sigorta \u015firketlerine y\u00f6nlendirmenin salg\u0131nda bir kar\u015f\u0131l\u0131\u011f\u0131n\u0131n olmad\u0131\u011f\u0131n\u0131 g\u00f6stermi\u015ftir. \u00dclkemizde ve d\u00fcnyada \u00f6zel hastanelerin salg\u0131nda adeta kepenklerini indirmesi ya da fahi\u015f \u00fccretler nedeniyle sadece y\u00fcksek geliri olanlara hizmet vermeleri bunun somut \u00f6rne\u011fidir.<\/p>\n<p><strong>Zengin \u00dclkeler \u00d6nce Kendilerini D\u00fc\u015f\u00fcnd\u00fc!<\/strong><\/p>\n<p>\u201cBir ki\u015finin g\u00fcvende olmad\u0131\u011f\u0131 bir yerde hi\u00e7 kimsenin g\u00fcvende olmayaca\u011f\u0131\u201d ger\u00e7e\u011fine ra\u011fmen \u00a0sermaye ve zengin \u00fclkeler bir kez daha ilkin kendilerini g\u00fcvenceye alma yolunu se\u00e7mi\u015flerdir.<\/p>\n<p><strong>\u015eirketler A\u015f\u0131 Patent Hakk\u0131ndan Feragat Etmelidir<\/strong><\/p>\n<p>\u00dccretsiz, adil ve tam a\u015f\u0131lama talebine kulaklar\u0131n\u0131 t\u0131kayan \u00fclkeler a\u015f\u0131 \u00fcretimini de \u015firketlerin insaf\u0131na b\u0131rakarak salg\u0131nda sermayeye yeni kar alan\u0131 a\u00e7m\u0131\u015flard\u0131r. Bu nedenle, konfederasyonumuz yak\u0131n d\u00f6nemde \u00e7e\u015fitli a\u015f\u0131 \u015firketlerinin DS\u00d6\u2019ye sunduklar\u0131 COV\u0130D-19 a\u015f\u0131s\u0131n\u0131n patent haklar\u0131ndan feragat etmeleri \u00e7a\u011fr\u0131s\u0131na destek vermektedir.<\/p>\n<p><strong>Ev \u0130\u00e7i \u015eiddet Yayg\u0131nla\u015ft\u0131, \u0130lk \u0130\u015ften At\u0131lan Kad\u0131nlar Oldu<\/strong><\/p>\n<p>Pandemiyle birlikte \u00fclkelerin s\u0131n\u0131rlar\u0131 gibi evlerin kap\u0131lar\u0131 da kapand\u0131, buna paralel olarak ev i\u00e7i \u015fiddet, taciz ve tecav\u00fcz vakalar\u0131 t\u00fcm \u00fclkelerde yayg\u0131nla\u015ft\u0131.<\/p>\n<p>Evden \u00e7al\u0131\u015fmaya ek olarak bak\u0131m hizmetlerinin de kad\u0131na y\u00fcklendi, d\u00fcnya genelinde en az 30 milyon ki\u015fi i\u015ften \u00e7\u0131kar\u0131l\u0131rd\u0131, i\u015ften \u00e7\u0131karmalarda ilkin kad\u0131nlar akla geldi! Bu durum kapitalizmin foyas\u0131n\u0131 a\u00e7\u0131\u011fa \u00e7\u0131kard\u0131, boyas\u0131n\u0131 pul pul d\u00f6kt\u00fc. Bu nedenle cinsiyet temelli b\u00fct\u00e7e, toplumsal cinsiyet e\u015fitli\u011fi talebinin hakl\u0131l\u0131\u011f\u0131 da daha iyi anla\u015f\u0131lmaktad\u0131r.<\/p>\n<p><strong>\u00a0<\/strong><\/p>\n<p><strong>Esnek Ve G\u00fcvencesizlik \u0130nsanl\u0131\u011f\u0131 Yok Olu\u015fla Kar\u015f\u0131 Kar\u015f\u0131ya B\u0131rakt\u0131<\/strong><\/p>\n<p>Bir y\u0131ll\u0131k pandemi s\u00fcreci esnek ve g\u00fcvencesiz istihdam\u0131n insanl\u0131\u011f\u0131 yok olu\u015fla kar\u015f\u0131 kar\u015f\u0131ya kalacak denli tehlikeli sonu\u00e7lar yaratt\u0131. Emek\u00e7ilerin \u201cya\u015fam g\u00fcvencesi\u201d, \u201cinsanca ya\u015fayacak gelir\u201d ve \u201ci\u015f g\u00fcvencesi\u201dnin tek arac\u0131 ve yolu ba\u011f\u0131ms\u0131z sendikal \u00f6rg\u00fctlenme ve dayan\u0131\u015fmad\u0131r. Bunu esas alacak yeni bir toplumsal s\u00f6zle\u015fme \u015fartt\u0131r.<\/p>\n<p><strong>T\u00fcrkiye Salg\u0131na Siyasi Ve Ekonomik Krizde Yakaland\u0131<\/strong><\/p>\n<p>AKP iktidar\u0131n\u0131n salg\u0131n\u0131n ba\u015flad\u0131\u011f\u0131n\u0131 resmi olarak a\u00e7\u0131klad\u0131\u011f\u0131 s\u0131rada \u00fclkemiz insanlar\u0131, emek\u00e7ileri 15 Temmuz darbe giri\u015fimi bahane edilerek devreye sokulan sivil darbe uygulamalar\u0131yla bo\u011fu\u015fmaktayd\u0131. \u0130ktidar uygulamalar\u0131n\u0131n neden oldu\u011fu siyasi ve ekonomik kriz nedeniyle a\u011f\u0131rla\u015fan ya\u015fam ko\u015fullar\u0131 salg\u0131nla birlikte daha da a\u011f\u0131rla\u015ft\u0131.<\/p>\n<p><strong>Vaka, \u00d6l\u00fcm Ve A\u015f\u0131da \u015eeffaf Politika Y\u00fcr\u00fct\u00fclmedi<\/strong><\/p>\n<p>\u0130ktidar vaka, \u00f6l\u00fcm ve a\u015f\u0131lama konular\u0131 ba\u015fta olmak \u00fczere pandemi ile m\u00fccadelede ba\u015f\u0131ndan itibaren \u015feffaf bir politika y\u00fcr\u00fctmedi, a\u00e7\u0131klanan rakamlar ger\u00e7e\u011fi yans\u0131tmamaktad\u0131r. Ya\u015fam\u0131n\u0131 yitirenlerin say\u0131s\u0131n\u0131n en az birka\u00e7 kat\u0131 oldu\u011funu d\u00fc\u015f\u00fcnmekteyiz.<\/p>\n<p>\u00d6rne\u011fin T\u00dc\u0130K verilerine g\u00f6re; son 5 y\u0131l\u0131n ortalamas\u0131 baz al\u0131nd\u0131\u011f\u0131nda, 2020 y\u0131l\u0131nda, 1950 ve daha \u00f6nceki y\u0131llarda do\u011fmu\u015f yurtta\u015flar\u0131m\u0131z a\u00e7\u0131s\u0131ndan ortalamaya k\u0131yasla 70.000\u2019i a\u015fk\u0131n fazladan \u00f6l\u00fcm\u00fcnden bahsetmek m\u00fcmk\u00fcnd\u00fcr.<\/p>\n<p><strong>\u0130ktidar Kodlar\u0131 De\u011fi\u015ftirdi, Verilere Ula\u015f\u0131m\u0131 Engelledi<\/strong><\/p>\n<p>\u0130ktidar\u0131n D\u00fcnya Sa\u011fl\u0131k \u00d6rg\u00fct\u00fc\u2019n\u00fcn belirledi\u011fi kriterlere uymad\u0131, kodlar\u0131 de\u011fi\u015ftirdi, verilere ula\u015f\u0131m\u0131 engelledi. En sonunda da \u2018her vaka hasta de\u011fildir\u2019 gibi t\u0131p otoriterlerinin \u015fa\u015fk\u0131nl\u0131kla izledi\u011fi bir kriterle ger\u00e7ek vaka say\u0131lar\u0131n\u0131 son bir iki aya kadar a\u00e7\u0131k\u00e7a gizledi\u011fini dolayl\u0131 olarak itiraf etti.<\/p>\n<p><strong>\u0130ktidar Alg\u0131 Y\u00f6netimi Stratejisini Esas Ald\u0131<\/strong><\/p>\n<p>\u00dclke y\u00f6netiminde oldu\u011fu gibi salg\u0131n y\u00f6netiminde de \u2018alg\u0131 y\u00f6netimi stratejisi\u2019ni esas alan iktidar bir \u2018ba\u015far\u0131\u2019 hikayesi yaratmak istemi\u015f ise de bir maske da\u011f\u0131t\u0131m\u0131n\u0131 dahi beceremeyip sonunda paral\u0131 hale getirmesiyle salg\u0131n politikas\u0131 \u00e7\u00f6km\u00fc\u015ft\u00fcr.<\/p>\n<p><strong>Kitle Ba\u011f\u0131\u015f\u0131kl\u0131\u011f\u0131 Stratejisi \u0130zlendi<\/strong><\/p>\n<p>AKP iktidar\u0131 Covid-19 Salg\u0131nla M\u00fccadele Stratejisi a\u00e7\u0131k\u00e7a ifade etmese de ba\u015f\u0131ndan itibaren \u2018s\u00fcr\u00fc ba\u011f\u0131\u015f\u0131klama\u2019 stratejisi olmu\u015ftur. \u00dcretimin duraca\u011f\u0131 ve devletin t\u00fcm topluma bir s\u00fcre kar\u015f\u0131l\u0131ks\u0131z gelir sa\u011flamak durumunda kalaca\u011f\u0131 kayg\u0131s\u0131 bu stratejinin tercih edilmesinde en \u00f6nemli fakt\u00f6r olmu\u015ftur.<\/p>\n<p><strong>S\u0131n\u0131fsal ve Toplumsal Cinsiyet E\u015fitsizli\u011fi Derinle\u015fti<\/strong><\/p>\n<p>S\u00fcre\u00e7 \u015feffaf y\u00fcr\u00fct\u00fclmemi\u015f, Saray\u2019\u0131n kontrol\u00fcnden ge\u00e7meyen hi\u00e7bir bilgi kamuoyu ile payla\u015f\u0131lmam\u0131\u015ft\u0131r. Bedelini ise en \u00e7ok \u2018yeter ki \u00e7arklar d\u00f6ns\u00fcn\u2019 dayatmas\u0131yla, gelirsiz ve i\u015fsiz kalmama kayg\u0131s\u0131yla ayn\u0131 \u00e7at\u0131 alt\u0131nda y\u00fczlerce, binlerce ki\u015fiyle birlikte \u00e7al\u0131\u015fmak zorunda kalan emek\u00e7iler \u00f6demi\u015ftir. Dolay\u0131s\u0131yla pandemi s\u0131n\u0131fsal ve toplumsal cinsiyet e\u015fitsizli\u011fini derinle\u015ftirmi\u015f, a\u011f\u0131r sonu\u00e7lar yaratm\u0131\u015ft\u0131r.<\/p>\n<p><strong>6 milyon 200 bin i\u015f\u00e7i gelir ve i\u015f kayb\u0131na u\u011frad\u0131<\/strong><\/p>\n<p>D\u00fcnyada Meksika\u2019dan sonra i\u015f\u00e7ilere en az mali kaynak aktaran \u00fclkemizde en az 6 milyon 200 bin kay\u0131tl\u0131 i\u015f\u00e7i gelir ve i\u015f kayb\u0131na u\u011frad\u0131. Kay\u0131t d\u0131\u015f\u0131 \u00e7al\u0131\u015fanlar ise son bir y\u0131ld\u0131r t\u00fcmden yoksulluk ve a\u00e7l\u0131k girdab\u0131nda ya\u015famaya tutunmaya \u00e7al\u0131\u015fmaktad\u0131r. \u0130ktidar ba\u015fka g\u00fcndemlerle g\u00f6zlerden uzak tutmaya \u00e7al\u0131\u015fsa da pandemide \u00e7ok say\u0131da insan\u0131m\u0131z ekonomik zorluklar nedeniyle intihar etmi\u015f, ya\u015fam\u0131n\u0131 yitirmi\u015ftir.<\/p>\n<p><strong>KESK ve Meslek \u00d6rg\u00fctlerinin Talepleri Dikkate Al\u0131nmad\u0131<\/strong><\/p>\n<p>Emek\u00e7ileri ve halk sa\u011fl\u0131\u011f\u0131n\u0131 korumay\u0131 oda\u011f\u0131na alan bir m\u00fccadele program\u0131na ili\u015fkin \u00f6nerilerimiz dikkate al\u0131nmad\u0131\u011f\u0131 gibi iktidar kendisi gibi d\u00fc\u015f\u00fcnmeyen hi\u00e7bir emek ve meslek \u00f6rg\u00fct\u00fcn\u00fc muhattap almad\u0131, s\u00fcrece dahil etmedi.<\/p>\n<p><strong>Ayk\u0131r\u0131 Tek Bir Sesin \u00c7\u0131kmas\u0131na Tahamm\u00fcl Edilmedi<\/strong><\/p>\n<p>\u0130ktidar; i\u015fveren ve sermaye \u00f6rg\u00fctleriyle yapt\u0131\u011f\u0131 isti\u015farelerle sermayenin ihtiya\u00e7lar\u0131n\u0131 temel alarak kitle ba\u011f\u0131\u015f\u0131kl\u0131\u011f\u0131 stratejisine dayanan m\u00fccadele program\u0131n\u0131 hayata ge\u00e7irmi\u015ftir. S\u00fcrecin \u015feffaf ve kat\u0131l\u0131mc\u0131 bir \u015fekilde y\u00fcr\u00fct\u00fclmesi bir yana, iktidar ayk\u0131r\u0131 tek bir sesin \u00e7\u0131kmas\u0131na dahi tahamm\u00fcl g\u00f6stermemi\u015f, adeta se\u00e7im \u00f6ncesi bir atmosfer havas\u0131nda, ak\u0131l ve bilim d\u0131\u015f\u0131 yakla\u015f\u0131mlarda \u0131srar etmi\u015ftir.<\/p>\n<p><strong>K\u00c7\u00d6 \u0130le \u00d6l\u00fcm G\u00f6sterildi S\u0131tmaya Raz\u0131 Edilmeye \u00c7al\u0131\u015f\u0131ld\u0131<\/strong><\/p>\n<p>Sermayenin her kesimi i\u00e7in \u00f6nlem paketleri \u00e7\u0131kart\u0131lsa da halklar ve emek\u00e7iler i\u00e7in \u00f6nlem ve destek sa\u011flanmam\u0131\u015ft\u0131r. \u0130ktidar\u0131n \u00e7ok\u00e7a \u00f6v\u00fcnd\u00fc\u011f\u00fc k\u0131sa \u00e7al\u0131\u015fma \u00f6dene\u011fi ise \u00f6l\u00fcm\u00fc g\u00f6sterip s\u0131tmaya raz\u0131 etme hali olmu\u015ftur.<\/p>\n<p><strong>Kod-29 \u0130le \u00c7\u0131kar\u0131lanlar \u0130\u015fsizlik Maa\u015f\u0131 Dahi Alamad\u0131<\/strong><\/p>\n<p>Her ne kadar i\u015ften \u00e7\u0131karmalar yasaklansa da \u00f6zellikle son aylarda i\u015fverenler \u00e7\u0131\u011f gibi \u201c\u2019i\u015f\u00e7inin ahlak ve iyi niyet kurallar\u0131na ayk\u0131r\u0131 davran\u0131\u015f\u0131 nedeni ile fesih\u2019 denilen Kod-29 ile on binlerce i\u015f\u00e7iyi i\u015ften \u00e7\u0131karm\u0131\u015f, bu \u015fekilde i\u015ften \u00e7\u0131kar\u0131lanlar bir daha i\u015f bulamama kayg\u0131s\u0131yla a\u00e7l\u0131kla ba\u015f ba\u015fa b\u0131rak\u0131lm\u0131\u015ft\u0131r. Bu kod ile i\u015ften \u00e7\u0131kar\u0131lan i\u015f\u00e7iye k\u0131dem tazminat\u0131, ihbar tazminat\u0131 gibi haklar\u0131 verilmedi\u011fi gibi i\u015f\u00e7i \u00e7\u0131kar\u0131lma kodu nedeniyle i\u015fsizlik maa\u015f\u0131 dahi alamamaktad\u0131r.<\/p>\n<p><strong>\u0130ktidar Ek B\u00fct\u00e7e Yapaca\u011f\u0131na Emek\u00e7ilerin Kaynaklar\u0131n\u0131 Kulland\u0131<\/strong><\/p>\n<p>Salg\u0131nda emek\u00e7ileri, i\u015f\u00e7ileri, emeklileri, kad\u0131nlar\u0131, gen\u00e7leri, i\u015fsizleri, g\u00f6\u00e7menleri, toplumun t\u00fcm kesimlerini koruyacak kaynaklar\u0131n olu\u015fturulmas\u0131 i\u00e7in ek b\u00fct\u00e7e d\u00fczenlenmesi taleplerimiz kar\u015f\u0131l\u0131ks\u0131z kalm\u0131\u015ft\u0131r.<\/p>\n<p>\u0130ktidar ek b\u00fct\u00e7e d\u00fczenlemek yerine b\u00fct\u00e7e d\u0131\u015f\u0131 harcamalarla, i\u015fsizlik sigortas\u0131 fonu, sosyal dayan\u0131\u015fma ve yard\u0131mla\u015fma fonu gibi eme\u011fiyle ge\u00e7inenlerin olu\u015fturdu\u011fu kaynaklar\u0131 kullanm\u0131\u015f, 2021 b\u00fct\u00e7e s\u00fcrecinde de pandemiye kar\u015f\u0131 halk\u0131n sa\u011fl\u0131\u011f\u0131n\u0131, ge\u00e7imini sa\u011flayacak kamucu politikalar i\u00e7in neredeyse hi\u00e7 kaynak ayr\u0131lmam\u0131\u015ft\u0131r.\u201d<\/p>\n<p><strong>Sermayeye \u2018Minnet\u2019 Kampanyas\u0131 Y\u00fcr\u00fct\u00fcld\u00fc<\/strong><\/p>\n<p>Milli Dayan\u0131\u015fma Kampanyas\u0131 ad\u0131 alt\u0131nda ciddiyetten yoksun, devletin y\u00fck\u00fcml\u00fcl\u00fcklerini \u00fczerinden atmay\u0131 ve sermayeye minnet duygusu yaratmay\u0131 ama\u00e7layan bir kampanya ile kar\u015f\u0131 kar\u015f\u0131ya kald\u0131k. Kampanya vergi indirimi avantaj\u0131 sa\u011flanan i\u015f insanlar\u0131 ile s\u0131n\u0131rlanmam\u0131\u015f, ekonomik kriz ve salg\u0131n ko\u015fullar\u0131nda ya\u015fam m\u00fccadelesi veren emek\u00e7ilerin elinde kalan \u00fc\u00e7 be\u015f kuru\u015fa da g\u00f6z dikilmi\u015ftir. Bir yandan emek\u00e7ilerden ba\u011f\u0131\u015f talep edilirken di\u011fer yandan muhalif belediyelerin hesaplar\u0131 bloke edilmi\u015f, toplumsal dayan\u0131\u015fma engellenmeye \u00e7al\u0131\u015f\u0131lm\u0131\u015ft\u0131r.<\/p>\n<p><strong>\u2018Ba\u015far\u0131 Hikayesi\u2019nin Foyas\u0131n\u0131 Ortaya \u00c7\u0131karanlara Bask\u0131 Uyguland\u0131<\/strong><\/p>\n<p>\u0130ktidar \u2018ba\u015far\u0131 hikayesi\u2019nin foyas\u0131n\u0131 ortaya \u00e7\u0131karan emek\u00e7ilere kar\u015f\u0131 bu s\u00fcre\u00e7te de bir kez daha mobbing, soru\u015fturma ve s\u00fcrg\u00fcn gibi bask\u0131 y\u00f6ntemlerini devreye sokmu\u015f, ba\u015fta sendikam\u0131z BTS ve HABER SEN\u2019in y\u00f6netici ve \u00fcyeleri olmak \u00fczere onlarca kamu emek\u00e7isini s\u00fcrg\u00fcn etmi\u015ftir.<\/p>\n<p><strong>Muhalif Belediyelerin Dayan\u0131\u015fma \u00c7al\u0131\u015fmalar\u0131 Engellendi<\/strong><\/p>\n<p>Muhalif belediyelerin pandemi s\u00fcrecinde halkla dayan\u0131\u015fma kampanyalar\u0131 engellenmi\u015f, yard\u0131mlara el konulmu\u015f, kayy\u0131m politikalar\u0131 bu salg\u0131n s\u00fcrecinde de devam ettirilmi\u015ftir. G\u00fcvenlik g\u00fc\u00e7lerinin toplanma, g\u00f6steri ve toplu eylem hakk\u0131n\u0131n kullan\u0131m\u0131na y\u00f6nelik sald\u0131r\u0131lar\u0131, engelleme ve bask\u0131lar\u0131 bir\u00e7ok yerde sokak ortas\u0131nda \u015fiddete d\u00f6n\u00fc\u015ferek artm\u0131\u015ft\u0131r. Bir\u00e7ok ilde aralar\u0131nda \u00e7ocuklar\u0131n da oldu\u011fu \u00e7ok say\u0131da vatanda\u015fa sokak ortas\u0131nda i\u015fkenceye varan \u015fiddet uygulanm\u0131\u015ft\u0131r.<\/p>\n<p><strong>Vatanda\u015f \u2018Evde Kal\u2019d\u0131, Kongre Salonlar\u0131 \u2018Lebalep\u2019 Doldu!<\/strong><\/p>\n<p>Pandemi d\u00f6neminde vatanda\u015flara \u2018evde kal\u2019 diyen iktidar, bu durumu bulunmaz bir f\u0131rsat g\u00f6rerek g\u00fcn\u00fcn herhangi bir saatinde muhalif kesimlerin evlerini basma yoluyla \u00e7ok say\u0131da g\u00f6zalt\u0131 uygulamas\u0131 ger\u00e7ekle\u015ftirmi\u015f, bir y\u0131ll\u0131k s\u00fcre\u00e7te g\u00f6zalt\u0131 ve tutuklamalar bir furyaya d\u00f6n\u00fc\u015ferek devam etmi\u015ftir.<\/p>\n<p>\u0130l ve il\u00e7e kongrelerini salg\u0131n boyunca kesintisiz olarak ger\u00e7ekle\u015ftiren, salonlar\u0131 \u201clebalep\u201d dolduran ve bu nedenle o illerde vaka art\u0131\u015flar\u0131na neden olan AKP ve k\u00fc\u00e7\u00fck orta\u011f\u0131 i\u00e7in hi\u00e7bir yasak s\u00f6z konusu olmazken, barolara d\u00f6n\u00fck siyasi bir kararla sivil toplum kurulu\u015flar\u0131n\u0131n, demokratik kitle \u00f6rg\u00fctlerinin se\u00e7imlerine yasak getirilmi\u015f; bu yasa\u011fa sendikalar\u0131n da dahil edildi\u011fi genelge sendikalar\u0131n t\u00fcm eylem ve etkinliklerinin yasaklanmas\u0131 i\u00e7in de f\u0131rsata \u00e7evrilmi\u015ftir.<\/p>\n<p><strong>Sa\u011fl\u0131k Emek\u00e7ilerinin \u0130zin Ve \u0130stifas\u0131 Bile Yasakland\u0131<\/strong><\/p>\n<p>Sa\u011fl\u0131k \u00e7al\u0131\u015fanlar\u0131 salg\u0131ndan yeterince korunmam\u0131\u015f, izin kullanmalar\u0131 yasaklanarak dinlenme haklar\u0131 ihlal edilmi\u015f, istifalar\u0131 yasaklanm\u0131\u015f, emeklerinin kar\u015f\u0131l\u0131\u011f\u0131 \u00f6denmemi\u015f, Covid-19\u2019un meslek hastal\u0131\u011f\u0131 say\u0131lmas\u0131 konusunda ciddi diren\u00e7 g\u00f6sterilmi\u015ftir. \u0130zin ve istifa yasaklar\u0131na kar\u015f\u0131 sendikam\u0131z\u0131n a\u00e7t\u0131\u011f\u0131 dava devam etmektedir.<\/p>\n<p><strong>Sosyal Hizmet \u00c7al\u0131\u015fanlar\u0131 Ek \u00d6deme Ve A\u015f\u0131dan Muaf Tutuldu<\/strong><\/p>\n<p>Sosyal hizmet \u00e7al\u0131\u015fanlar\u0131 14 g\u00fcn boyunca kurumlar\u0131ndan ayr\u0131lmayacak \u015fekilde \u00e7al\u0131\u015ft\u0131r\u0131lm\u0131\u015f, ek \u00f6demelerden ve a\u015f\u0131lanmadan muaf tutulmu\u015flard\u0131r. Sendikal faaliyetlerden kaynakl\u0131 6 sa\u011fl\u0131k \u00e7al\u0131\u015fan\u0131 a\u00e7\u0131\u011fa al\u0131nm\u0131\u015f, onlarcas\u0131n\u0131n g\u00f6rev yeri de\u011fi\u015ftirilmi\u015ftir.<\/p>\n<p><strong>\u00d6NCEL\u0130KLE;<\/strong><\/p>\n<ul>\n<li>En k\u0131sa s\u00fcrede g\u00fcvenilir ve nitelikli a\u015f\u0131 temini ve a\u015f\u0131lanma,<\/li>\n<li>Biliminin yol g\u00f6stericili\u011finde \u015feffaf salg\u0131n y\u00f6netimi,<\/li>\n<li>Halk\u0131n pandemi nedeniyle u\u011frad\u0131\u011f\u0131 ma\u011fduriyetlerin giderilmesi, ekonomik olarak desteklenmesi,<\/li>\n<li>Sa\u011fl\u0131k hizmetlerine ula\u015f\u0131m\u0131n \u00f6n\u00fcndeki kamu-\u00f6zel ayr\u0131m\u0131 olmaks\u0131z\u0131n para ba\u015fta olmak \u00fczere t\u00fcm engellerin kald\u0131r\u0131lmas\u0131,<\/li>\n<li>Sa\u011fl\u0131kta d\u00f6n\u00fc\u015f\u00fcm program\u0131 yerine halk\u00e7\u0131-kamucu bir sa\u011fl\u0131k program<\/li>\n<li>Hayata ge\u00e7irilmeli.<\/li>\n<\/ul>\n<p>K\u00fclt\u00fcr ve Sanata\u00a0 \u0130li\u015fkin ise;<\/p>\n<ul>\n<li>\u00d6denekli Sanat Kurumlar\u0131ndaki t\u00fcm s\u00f6zle\u015fmeli, fig\u00fcran, mezun sanat\u00e7\u0131,\u00a0 \u00a0 vb. isimler alt\u0131nda istihdam edilen unvanlar \u0130DAR\u0130 S\u00d6ZLE\u015eMEL\u0130 olarak kadroya al\u0131nmal\u0131,<\/li>\n<li>T\u00fcm k\u00fclt\u00fcr ve sanat emek\u00e7ileri en k\u0131sa s\u00fcrede g\u00fcvenilir ve nitelikli a\u015f\u0131 temin edilmeli ve a\u015f\u0131lanma,<\/li>\n<li>\u00d6zel alanda sanat faaliyetleri g\u00f6steren t\u00fcm tiyatro ve\u00a0 sahne sanatlar\u0131 desteklenmeli,<\/li>\n<li>G\u00fcvenilir ve nitelikli a\u015f\u0131lama yap\u0131ld\u0131ktan sonra k\u00fclt\u00fcr ve sanat hizmetleri faaliyete ge\u00e7irilmeli (Tiyatro, Opera K\u00fct\u00fcphane, M\u00fcze, \u00d6renyeri vb.)<\/li>\n<\/ul>\n<p>E\u011fitime \u0130li\u015fkin ise;<\/p>\n<ul>\n<li>E\u011fitime ek b\u00fct\u00e7e olu\u015fturulmal\u0131, sa\u011fl\u0131kl\u0131 ve g\u00fcvenli bir e\u011fitim i\u00e7in ihtiya\u00e7 duyulan kadro atamalar\u0131 yap\u0131lmal\u0131d\u0131r.<\/li>\n<li>E\u011fitim emek\u00e7ilerinin iki doz a\u015f\u0131lanmas\u0131 s\u00fcreci h\u0131zla tamamlanmal\u0131d\u0131r.<\/li>\n<li>Seyreltilmi\u015f s\u0131n\u0131f uygulamas\u0131n\u0131 ortadan kald\u0131racak d\u00fczenlemeler yap\u0131lmamal\u0131d\u0131r.<\/li>\n<li>Maske ve hijyen malzemeleri konusunda s\u00fcrekli ek takviyelerin yap\u0131laca\u011f\u0131 bir d\u00fczenleme mutlaka planlanmal\u0131d\u0131r.<\/li>\n<li>Kalabal\u0131k okullarda, \u00f6\u011fretmenler odas\u0131 say\u0131s\u0131n\u0131n art\u0131r\u0131lmas\u0131 konusunda \u00e7al\u0131\u015fma y\u00fcr\u00fct\u00fclmelidir.<\/li>\n<li>Kalabal\u0131k okullarda \u00f6\u011frenci ve \u00f6\u011fretmen tuvalet say\u0131lar\u0131n\u0131n art\u0131r\u0131lmas\u0131 i\u00e7in \u00e7al\u0131\u015fma yap\u0131lmal\u0131d\u0131r.<\/li>\n<li>Okullarda bir sa\u011fl\u0131k g\u00f6revlisine gereksinme bulunmaktad\u0131r, bu ihtiyaca d\u00f6n\u00fck \u00e7al\u0131\u015fma y\u00fcr\u00fct\u00fclmelidir.<\/li>\n<li>Okullarda uygulanmas\u0131 gereken tedbirleri d\u00fczenli olarak denetleyecek ve eksikliklerin giderilmesi i\u00e7in \u00e7al\u0131\u015fma y\u00fcr\u00fctecek g\u00f6revlendirmeler yap\u0131lmal\u0131d\u0131r.<\/li>\n<li>E\u011fitim bile\u015fenlerinin sa\u011fl\u0131kl\u0131 ula\u015f\u0131m\u0131 i\u00e7in valilikler ve yerel y\u00f6netimlerle birlikte kapsaml\u0131 bir planlama h\u0131zla hayata ge\u00e7irilmelidir.<\/li>\n<li>Al\u0131nan \u00f6nlemlerin kapsam\u0131 geni\u015fledik\u00e7e okullar\u0131m\u0131z kademeli olarak a\u00e7\u0131lmal\u0131, ya\u015fam\u0131n t\u00fcm alanlar\u0131 kademeli bir \u015fekilde normalle\u015fme kapsam\u0131na al\u0131nmal\u0131d\u0131r.<\/li>\n<\/ul>\n","protected":false},"excerpt":{"rendered":"<p>\u201cPANDEM\u0130N\u0130N 1. YILINI GER\u0130DE BIRAKIRKEN\u201d Konfederasyonumuz emek\u00e7ilere ve topluma etkileri raporla\u015ft\u0131ran bir \u00e7al\u0131\u015fmay\u0131 yay\u0131mlad\u0131.\u00a0 Raporun \u00f6zeti a\u015fa\u011f\u0131da olup raporumuzun tamam\u0131na ula\u015fmak i\u00e7in t\u0131klay\u0131n\u0131z\u00a0 Pandemi S\u0131n\u0131fsal e\u015fitsizli\u011fi derinle\u015ftirdi Pandeminin \u201ct\u00fcm insanl\u0131\u011f\u0131 e\u015fitledi\u201d iddias\u0131n\u0131n aksine toplumun her kesimini farkl\u0131 d\u00fczeylerde etkiledi\u011fi, s\u0131n\u0131fsal e\u015fitsizlikleri derinle\u015ftirdi. \u201cPandemi en \u00e7ok da i\u015f\u00e7ileri, kamu emek\u00e7ilerini, \u00f6zellikle de kad\u0131n i\u015f\u00e7ileri, i\u015fsizleri, d\u00fc\u015f\u00fck [&hellip;]<\/p>\n","protected":false},"author":3,"featured_media":12880,"comment_status":"closed","ping_status":"closed","sticky":false,"template":"","format":"standard","meta":[],"categories":[617,619,393],"tags":[],"_links":{"self":[{"href":"https:\/\/kultursanatsen.org.tr\/portal\/wp-json\/wp\/v2\/posts\/12879"}],"collection":[{"href":"https:\/\/kultursanatsen.org.tr\/portal\/wp-json\/wp\/v2\/posts"}],"about":[{"href":"https:\/\/kultursanatsen.org.tr\/portal\/wp-json\/wp\/v2\/types\/post"}],"author":[{"embeddable":true,"href":"https:\/\/kultursanatsen.org.tr\/portal\/wp-json\/wp\/v2\/users\/3"}],"replies":[{"embeddable":true,"href":"https:\/\/kultursanatsen.org.tr\/portal\/wp-json\/wp\/v2\/comments?post=12879"}],"version-history":[{"count":1,"href":"https:\/\/kultursanatsen.org.tr\/portal\/wp-json\/wp\/v2\/posts\/12879\/revisions"}],"predecessor-version":[{"id":12881,"href":"https:\/\/kultursanatsen.org.tr\/portal\/wp-json\/wp\/v2\/posts\/12879\/revisions\/12881"}],"wp:featuredmedia":[{"embeddable":true,"href":"https:\/\/kultursanatsen.org.tr\/portal\/wp-json\/wp\/v2\/media\/12880"}],"wp:attachment":[{"href":"https:\/\/kultursanatsen.org.tr\/portal\/wp-json\/wp\/v2\/media?parent=12879"}],"wp:term":[{"taxonomy":"category","embeddable":true,"href":"https:\/\/kultursanatsen.org.tr\/portal\/wp-json\/wp\/v2\/categories?post=12879"},{"taxonomy":"post_tag","embeddable":true,"href":"https:\/\/kultursanatsen.org.tr\/portal\/wp-json\/wp\/v2\/tags?post=12879"}],"curies":[{"name":"wp","href":"https:\/\/api.w.org\/{rel}","templated":true}]}}