{"id":12855,"date":"2021-03-11T11:55:26","date_gmt":"2021-03-11T11:55:26","guid":{"rendered":"https:\/\/kultursanatsen.org.tr\/portal\/?p=12855"},"modified":"2021-03-11T11:56:12","modified_gmt":"2021-03-11T11:56:12","slug":"bu-hayat-pahaliliginda-yuzde-3-maas-zammi-ile-yasanmaz-insanca-yasamaya-yetecek-bir-maas-icin-ek-zam-istiyoruz","status":"publish","type":"post","link":"https:\/\/kultursanatsen.org.tr\/portal\/2021\/03\/11\/bu-hayat-pahaliliginda-yuzde-3-maas-zammi-ile-yasanmaz-insanca-yasamaya-yetecek-bir-maas-icin-ek-zam-istiyoruz\/","title":{"rendered":"Bu Hayat Pahal\u0131l\u0131\u011f\u0131nda Y\u00fczde 3 Maa\u015f Zamm\u0131 \u0130le Ya\u015fanmaz! \u0130nsanca Ya\u015famaya Yetecek Bir Maa\u015f \u0130\u00e7in Ek Zam \u0130stiyoruz!"},"content":{"rendered":"<p>&nbsp;<\/p>\n<p>\u015eubat ay\u0131 resmi enflasyon verileri bug\u00fcn a\u00e7\u0131kland\u0131.\u00a0 T\u00fcrkiye \u0130statistik Kurumu (T\u00dc\u0130K)\u00a0 taraf\u0131ndan a\u00e7\u0131klanan verilere g\u00f6re\u00a0<strong>\u015eubat ay\u0131 enflasyonu y\u00fczde 0,91,\u00a0 y\u0131ll\u0131k enflasyon y\u00fczde 15,61 artm\u0131\u015ft\u0131r.<\/strong><\/p>\n<p>Y\u0131ll\u0131k enflasyon ev e\u015fyas\u0131nda %23,74, ula\u015ft\u0131rmada %22,47, \u00e7e\u015fitli mal ve hizmetlerde %20,61,\u00a0 g\u0131dada %18,40, sa\u011fl\u0131kta %18,11 seviyesine ula\u015fm\u0131\u015ft\u0131r.\u00a0 Son bir ayda g\u0131da enflasyonu %2,57, sa\u011fl\u0131k enflasyonu ise %36 artm\u0131\u015ft\u0131r.<\/p>\n<p><strong>Resmi enflasyon verilerine g\u00f6re iki ayl\u0131k enflasyon %2,67 olmu\u015ftur.<\/strong><\/p>\n<p><strong>Buna g\u00f6re ge\u00e7ti\u011fimiz d\u00f6nem Hakem Kurulu karar\u0131 ile 2021 y\u0131l\u0131n\u0131n ilk alt\u0131 ay\u0131 i\u00e7in maa\u015flar\u0131nda sadece %3 art\u0131\u015f yap\u0131lan 3,5 milyon kamu emek\u00e7isinin ve 2 milyon emeklinin zamm\u0131 daha y\u0131l\u0131n ilk iki ayn\u0131da buharla\u015fm\u0131\u015ft\u0131r.<\/strong><\/p>\n<p><strong>\u00d6te yandan T\u00dc\u0130K vas\u0131tas\u0131 ile a\u00e7\u0131klanan bu resmi enflasyon verilerinin ba\u015fta \u00fccretli kesimler ve dar gelirliler olmak \u00fczere toplumda hi\u00e7bir kar\u015f\u0131l\u0131\u011f\u0131 kalmad\u0131\u011f\u0131 da bilinmektedir.<\/strong><\/p>\n<p>\u0130\u011fneden ipli\u011fe zam ya\u011fmurunun devam etti\u011fi ko\u015fullarda masa ba\u015f\u0131nda, Ali Cengiz oyunlar\u0131 ile takla att\u0131r\u0131lan bu rakamlar\u0131n sokakta, \u00e7ar\u015f\u0131da pazarda ya\u015fad\u0131\u011f\u0131m\u0131z ger\u00e7ek enflasyonla, ger\u00e7ek hayat pahal\u0131l\u0131\u011f\u0131 ile uzaktan yak\u0131ndan bir ilgisi yoktur.<\/p>\n<p><strong>Bug\u00fcn herhangi bir i\u015f\u00e7iye, asgari \u00fccretliye, emekliye, kamu emek\u00e7isine\u00a0 \u201cT\u00dc\u0130K taraf\u0131ndan a\u00e7\u0131klanan resmi enflasyon y\u00fczde \u015fu kadar, ne diyorsunuz?\u201c diye sordu\u011funuzda alaca\u011f\u0131n\u0131z ilk cevap \u201c o resmi enflasyon, benim ya\u015fad\u0131\u011f\u0131m enflasyon T\u00dc\u0130K rakam\u0131n\u0131n en az iki kat\u0131\u201d olacakt\u0131r.<\/strong><\/p>\n<p>Nitekim hem t\u00fcm temel t\u00fcketim maddelerinde adeta otomati\u011fe ba\u011flanan fahi\u015f zamlar hem de ba\u011f\u0131ms\u0131z iktisat\u00e7\u0131lar\u0131n yapt\u0131\u011f\u0131 ara\u015ft\u0131rmalar halk\u0131n ezici \u00e7o\u011funlu\u011fu taraf\u0131ndan ifade edilen \u201cya\u015fanan ger\u00e7ek enflasyon T\u00dc\u0130K enflasyonun en az iki kat\u0131\u201d tespitini do\u011frulamaktad\u0131r.<\/p>\n<p><strong>\u00c7\u00fcnk\u00fc<\/strong>\u00a0<strong>gelirinin ortalama y\u00fczde altm\u0131\u015f be\u015fini g\u0131da ve elektrik, su, do\u011falgaz, ileti\u015fim, kira giderlerine ay\u0131rmak zorunda kalan kamu emek\u00e7ilerinin, dar gelirlilerin ya\u015fad\u0131\u011f\u0131 hayat pahal\u0131l\u0131\u011f\u0131n\u0131 T\u00dc\u0130K taraf\u0131ndan a\u00e7\u0131klanan resmi enflasyon rakamlar\u0131 de\u011fil \u00e7ar\u015f\u0131ya, pazara yans\u0131yan zamlar g\u00f6stermektedir.<\/strong><\/p>\n<p><strong>Buna g\u00f6re y\u0131l\u0131n ilk g\u00fcn\u00fcnden bug\u00fcne ge\u00e7en iki ay i\u00e7inde: \u00a0<\/strong><\/p>\n<p><strong>K\u00f6pr\u00fc ve otoyol ge\u00e7i\u015f \u00fccretleri %26,\u00a0 beyaz peynir %18,\u00a0 ay\u00e7i\u00e7e\u011fi ya\u011f\u0131 %17,\u00a0 s\u00fct \u00fcr\u00fcnleri ortalama %25, \u015feker %11, ye\u015fil mercimek ve nohut %10,\u00a0 k\u0131rm\u0131z\u0131 et %10, beyaz et %9,\u00a0\u00a0<\/strong>elektrik %6,\u00a0 do\u011falgaz her ay otomati\u011fe ba\u011flanan %1 art\u0131\u015flar\u0131 ile toplamda\u00a0 %3,1 zamlanm\u0131\u015ft\u0131r. 1999 y\u0131l\u0131nda ya\u015fanan Marmara Depremi\u2019nin ard\u0131ndan uygulanmaya ba\u015fland\u0131\u011f\u0131 i\u00e7in \u201cdeprem vergisi\u201d olarak da bilinen, sonraki y\u0131llarda kal\u0131c\u0131 hale getirilen \u00d6zel \u0130leti\u015fim Vergisinin oran\u0131 y\u00fczde 7,5\u2019ten y\u00fczde 10\u2019a y\u00fckseltilmi\u015ftir.<\/p>\n<p><strong>\u0130ster mevsimsel olsun ister olmas\u0131n t\u00fcm sebze ve meyvelerin fiyatlar\u0131 her ge\u00e7en g\u00fcn artmaya devam etmektedir. T\u00fcrkiye Ziraat Odalar\u0131 Birli\u011fi (TZOB) Verilerine G\u00f6re Sadece Son Bir Ay \u0130\u00e7inde:<\/strong><\/p>\n<p><strong>Sivri biber y\u00fczde 29,31, \u0131spanak y\u00fczde 19,92, portakal y\u00fczde 15,28, limon y\u00fczde 15,10,\u00a0 ye\u015fil so\u011fan %9,68,\u00a0\u00a0 elma y\u00fczde 8,76, domates y\u00fczde 6,62, mandalina y\u00fczde 5,76, havu\u00e7 y\u00fczde 4,88, salatal\u0131k y\u00fczde 4,67, p\u0131rasa y\u00fczde 4,38, marul y\u00fczde 4,29 zamlanm\u0131\u015ft\u0131r.<\/strong><\/p>\n<p>Nitekim ba\u011f\u0131ms\u0131z iktisat\u00e7\u0131lar taraf\u0131ndan kurulan Enflasyon Ara\u015ft\u0131rma Grubunun (ENAGRUP)\u00a0 kamuoyu ile payla\u015ft\u0131\u011f\u0131 rapor 2020 y\u0131l\u0131 enflasyonun\u00a0 %36.72 oldu\u011funu g\u00f6stermektedir. Halk\u0131n ya\u015fad\u0131\u011f\u0131 ger\u00e7ek enflasyona daha yak\u0131n olan s\u00f6z konusu oran T\u00dc\u0130K vas\u0131tas\u0131 ile a\u00e7\u0131klanan %14,6 rakam\u0131n\u0131n yakla\u015f\u0131k iki bu\u00e7uk kat\u0131na denk gelmektedir.<strong>\u00a0Y\u00fczde %14,6\u2019l\u0131k resmi enflasyona ra\u011fmen kamu emek\u00e7ilerinin maa\u015flar\u0131nda 2020 y\u0131l\u0131 i\u00e7inde yap\u0131lan art\u0131\u015f ise enflasyon fark\u0131 dahil %11,6\u2019da kalm\u0131\u015ft\u0131r.<\/strong>\u00a0Yine T\u00dc\u0130K verilerine g\u00f6re 2021 y\u0131l\u0131 Ocak ay\u0131nda resmi enflasyon %1.68 artm\u0131\u015ft\u0131r. Ancak ENAGRUP\u2019un yapt\u0131\u011f\u0131 ara\u015ft\u0131rma Ocak ay\u0131nda ya\u015fanan enflasyonunun %,2.99 oldu\u011funu ortaya koymaktad\u0131r.<\/p>\n<p><strong>T\u00fcm bunlara ra\u011fmen hi\u00e7 kimsenin 3,5 milyon kamu emek\u00e7isinin ve 2 milyon emeklinin hi\u00e7bir \u015fekilde ya\u015fanan ger\u00e7ek enflasyonu yans\u0131tmayan sahte enflasyon rakamlar\u0131n\u0131 temel almas\u0131 ve s\u00f6z konusu rakamlara g\u00f6re belirlenerek alt\u0131 ay geriden \u00f6denen enflasyon farklar\u0131 ile yetinmesini beklemeye hakk\u0131 yoktur.<\/strong><\/p>\n<p><strong>\u0130\u015f\u00e7iler, kamu emek\u00e7ileri, emeklililer bug\u00fcne kadar maa\u015flar\u0131nda, \u00fccretlerinde ya\u015fanan ger\u00e7ek enflasyonu perdeleyen resmi enflasyon rakamlar\u0131 ile yap\u0131lan sefalet art\u0131\u015flar\u0131 sonucunda fazlas\u0131 ile fedakarl\u0131kta bulunmu\u015ftur. \u00dcstelik s\u00f6z konusu sefalet art\u0131\u015flar\u0131 bile her y\u0131l daha adaletsiz hale getirilen gelir vergisi tarifesi ile daha emek\u00e7ilerin cebine girmeden geri al\u0131nmaktad\u0131r.<\/strong><\/p>\n<p><strong>A\u00e7l\u0131k s\u0131n\u0131r\u0131n\u0131n 2.800 TL\u2019yi yoksulluk s\u0131n\u0131r\u0131n\u0131n 9.000 TL\u2019yi a\u015ft\u0131\u011f\u0131, temel t\u00fcketim maddelerine zam ya\u011fmurunun devam etti\u011fi, ya\u015fanan ger\u00e7ek enflasyonun en az %40\u2019larda seyretti\u011fi bug\u00fcn\u00fcn ko\u015fullar\u0131nda maa\u015f\u0131 her y\u0131l erimeye devam eden kamu emek\u00e7ilerinin, emeklilerin daha fazla fedakarl\u0131k yapmaya tahamm\u00fcl\u00fc kalmam\u0131\u015ft\u0131r.<\/strong><\/p>\n<p><strong>H\u00fck\u00fcmet kula\u011f\u0131n\u0131n \u00fcst\u00fcne yatmaya devam etse de, kendine \u201cyetkili sendika, yetkili konfederasyon\u201d diyenler her zaman oldu\u011fu gibi bu zor zaman\u0131 sadece protokol g\u00f6r\u00fc\u015fmeleri ile ge\u00e7i\u015ftirmeye \u00e7al\u0131\u015fsa da y\u0131llard\u0131r ya\u015fanan ger\u00e7ek enflasyon rakamlar\u0131na ezim ezim ezdirilen kamu emek\u00e7ileri ve emekliler haklar\u0131 olan ek zamm\u0131 talep etmektedir.\u00a0<\/strong><\/p>\n<p><strong>Bu hakl\u0131 talebin gere\u011fini yerine getirmek i\u00e7in<\/strong>\u00a0<strong>\u00a0Kamu Personeli Dan\u0131\u015fma Kurulu (KPDK) derhal tek g\u00fcndemle, ek maa\u015f zamm\u0131 g\u00fcndemi ile toplanmal\u0131d\u0131r.<\/strong><\/p>\n<p><strong>KESK olarak en ba\u015f\u0131ndan beri alt\u0131n\u0131 \u00e7izdi\u011fimiz \u00fczere maa\u015f art\u0131\u015flar\u0131 T\u00dc\u0130K\u2019in \u00e7arp\u0131k enflasyon rakamlar\u0131na, hi\u00e7bir zaman tutmayan hedeflenen enflasyon tahminlerine indirgendik\u00e7e t\u00fcm kamu emek\u00e7ilerinin ve emeklilerin reel geliri erimeye devam edecektir. \u0130nsanca ya\u015famaya yetecek bir gelir i\u00e7in tek \u00e7\u00f6z\u00fcm kamuda en d\u00fc\u015f\u00fck maa\u015f\u0131n kira, yakacak, ula\u015f\u0131m gibi sosyal \u00f6demelerle yoksulluk s\u0131n\u0131r\u0131n\u0131n \u00fczerine \u00e7\u0131kar\u0131lacak oranda art\u0131r\u0131lmas\u0131ndan, t\u00fcm maa\u015flar\u0131n da bu orana g\u00f6re art\u0131r\u0131lmas\u0131ndan ge\u00e7mektedir.<\/strong><\/p>\n<p><strong>Konfederasyonumuz 9 Mart\u2019tan itibaren yurt \u00e7ap\u0131nda y\u00fcr\u00fctece\u011fimiz\u00a0\u00a0 \u201c\u0130nsanca Ya\u015famaya Yetecek Bir Maa\u015f \u0130\u00e7in Hemen \u015eimdi Ek Zam\u201d\u00a0 talepli kampanya ile kamu emek\u00e7ilerinin sesi olmaya devam edecektir.<\/strong><\/p>\n<p><strong>Bu vesile ile hangi sendikaya \u00fcye olursa olsun, ya da bir sendikaya olmas\u0131n, t\u00fcm kamu emek\u00e7ilerini insanca ya\u015famaya yetecek bir maa\u015f talebine sahip \u00e7\u0131kmaya,\u00a0<\/strong><strong>hayat pahal\u0131l\u0131\u011f\u0131na,\u00a0 adaletsiz vergi sistemine kar\u015f\u0131 eme\u011fin haklar\u0131n\u0131 korumak i\u00e7in birlikte m\u00fccadele etmeye \u00e7a\u011f\u0131r\u0131yoruz.<\/strong><\/p>\n<p><strong>\u00a0 \u00a0 \u00a0 \u00a0 \u00a0 \u00a0 \u00a0 \u00a0 \u00a0 \u00a0 \u00a0 \u00a0 \u00a0 \u00a0 \u00a0 \u00a0 \u00a0 \u00a0 \u00a0 \u00a0 \u00a0 \u00a0 \u00a0 \u00a0 \u00a0 \u00a0 \u00a0 \u00a0 \u00a0 \u00a0 \u00a0 \u00a0 \u00a0 \u00a0 \u00a0 \u00a0 \u00a0 \u00a0 \u00a0 \u00a0 \u00a0 \u00a0 \u00a0 \u00a0 \u00a0 \u00a0 \u00a0 \u00a0 \u00a0 \u00a0 \u00a0 \u00a0 \u00a0 \u00a0 KESK Y\u00fcr\u00fctme Kurulu<\/strong><\/p>\n","protected":false},"excerpt":{"rendered":"<p>&nbsp; \u015eubat ay\u0131 resmi enflasyon verileri bug\u00fcn a\u00e7\u0131kland\u0131.\u00a0 T\u00fcrkiye \u0130statistik Kurumu (T\u00dc\u0130K)\u00a0 taraf\u0131ndan a\u00e7\u0131klanan verilere g\u00f6re\u00a0\u015eubat ay\u0131 enflasyonu y\u00fczde 0,91,\u00a0 y\u0131ll\u0131k enflasyon y\u00fczde 15,61 artm\u0131\u015ft\u0131r. Y\u0131ll\u0131k enflasyon ev e\u015fyas\u0131nda %23,74, ula\u015ft\u0131rmada %22,47, \u00e7e\u015fitli mal ve hizmetlerde %20,61,\u00a0 g\u0131dada %18,40, sa\u011fl\u0131kta %18,11 seviyesine ula\u015fm\u0131\u015ft\u0131r.\u00a0 Son bir ayda g\u0131da enflasyonu %2,57, sa\u011fl\u0131k enflasyonu ise %36 artm\u0131\u015ft\u0131r. Resmi [&hellip;]<\/p>\n","protected":false},"author":3,"featured_media":12856,"comment_status":"closed","ping_status":"closed","sticky":false,"template":"","format":"image","meta":[],"categories":[616,617,619,393],"tags":[],"_links":{"self":[{"href":"https:\/\/kultursanatsen.org.tr\/portal\/wp-json\/wp\/v2\/posts\/12855"}],"collection":[{"href":"https:\/\/kultursanatsen.org.tr\/portal\/wp-json\/wp\/v2\/posts"}],"about":[{"href":"https:\/\/kultursanatsen.org.tr\/portal\/wp-json\/wp\/v2\/types\/post"}],"author":[{"embeddable":true,"href":"https:\/\/kultursanatsen.org.tr\/portal\/wp-json\/wp\/v2\/users\/3"}],"replies":[{"embeddable":true,"href":"https:\/\/kultursanatsen.org.tr\/portal\/wp-json\/wp\/v2\/comments?post=12855"}],"version-history":[{"count":1,"href":"https:\/\/kultursanatsen.org.tr\/portal\/wp-json\/wp\/v2\/posts\/12855\/revisions"}],"predecessor-version":[{"id":12857,"href":"https:\/\/kultursanatsen.org.tr\/portal\/wp-json\/wp\/v2\/posts\/12855\/revisions\/12857"}],"wp:featuredmedia":[{"embeddable":true,"href":"https:\/\/kultursanatsen.org.tr\/portal\/wp-json\/wp\/v2\/media\/12856"}],"wp:attachment":[{"href":"https:\/\/kultursanatsen.org.tr\/portal\/wp-json\/wp\/v2\/media?parent=12855"}],"wp:term":[{"taxonomy":"category","embeddable":true,"href":"https:\/\/kultursanatsen.org.tr\/portal\/wp-json\/wp\/v2\/categories?post=12855"},{"taxonomy":"post_tag","embeddable":true,"href":"https:\/\/kultursanatsen.org.tr\/portal\/wp-json\/wp\/v2\/tags?post=12855"}],"curies":[{"name":"wp","href":"https:\/\/api.w.org\/{rel}","templated":true}]}}