{"id":12847,"date":"2021-03-10T05:34:18","date_gmt":"2021-03-10T05:34:18","guid":{"rendered":"https:\/\/kultursanatsen.org.tr\/portal\/?p=12847"},"modified":"2021-03-10T06:30:55","modified_gmt":"2021-03-10T06:30:55","slug":"mudur-sef-ve-memurlarin-emekli-maas-ve-ikramiyesi-ne-kadar","status":"publish","type":"post","link":"https:\/\/kultursanatsen.org.tr\/portal\/2021\/03\/10\/mudur-sef-ve-memurlarin-emekli-maas-ve-ikramiyesi-ne-kadar\/","title":{"rendered":"M\u00dcD\u00dcR, \u015eEF VE MEMURLARIN EMEKL\u0130 MAA\u015e VE \u0130KRAM\u0130YES\u0130 NE KADAR?"},"content":{"rendered":"<p>Hizmet s\u00fcresi ve ayl\u0131k seviyesi ayn\u0131 olan memur, \u015fef ve \u015fube m\u00fcd\u00fcr\u00fc emeklilerinin emekli maa\u015f ve ikramiyeleri de ayn\u0131 miktarda olmaktad\u0131r.<\/p>\n<p>Ayl\u0131k seviyesi bak\u0131m\u0131ndan 1. dereceye ula\u015fan \u015fube m\u00fcd\u00fcr\u00fc, \u015fef ve memur unvanl\u0131 Devlet memurlar\u0131 hakk\u0131nda (kariyerlerinden dolay\u0131 daha y\u00fcksek ek g\u00f6stergeden yararlanma durumlar\u0131 hari\u00e7) 2200 ek g\u00f6sterge uygulanmaktad\u0131r. Ek g\u00f6stergenin ayn\u0131 olmas\u0131, bu unvanlardan emekli olanlar\u0131n emeklilik haklar\u0131n\u0131n da ayn\u0131 olmas\u0131 sonucunu do\u011furmaktad\u0131r.<\/p>\n<p>Tablo, 15 Ekim 2008 tarihinden \u00f6nce Emekli Sand\u0131\u011f\u0131 Kanununa tabi bir g\u00f6reve ba\u015flam\u0131\u015f olan memur emeklilerine y\u00f6nelik olarak haz\u0131rlanm\u0131\u015ft\u0131r.<\/p>\n<p><strong>2021 y\u0131l\u0131n\u0131n ilk yar\u0131s\u0131nda Memur, \u015eef ve \u015eube M\u00fcd\u00fcr\u00fc emeklilik haklar\u0131<\/strong><\/p>\n<table style=\"height: 87px;\" width=\"464\">\n<tbody>\n<tr>\n<td width=\"24\">\n<table width=\"397\">\n<tbody>\n<tr>\n<td width=\"24\"><\/td>\n<td width=\"109\">Derece \/Kademe<\/td>\n<td width=\"71\">Hizmet Y\u0131l\u0131<\/td>\n<td width=\"84\">Emekli Maa\u015f\u0131<\/td>\n<td width=\"109\">Emekli \u0130kramiyesi<\/td>\n<\/tr>\n<tr>\n<td>1<\/td>\n<td>1.D-4.K<\/td>\n<td>25<\/td>\n<td>3.611 TL<\/td>\n<td>115.749 TL<\/td>\n<\/tr>\n<tr>\n<td>2<\/td>\n<td>1.D-4.K<\/td>\n<td>26<\/td>\n<td>3.660 TL<\/td>\n<td>120,378 TL<\/td>\n<\/tr>\n<tr>\n<td>3<\/td>\n<td>1.D-4.K<\/td>\n<td>27<\/td>\n<td>3.708 TL<\/td>\n<td>125.008 TL<\/td>\n<\/tr>\n<tr>\n<td>4<\/td>\n<td>1.D-4.K<\/td>\n<td>30<\/td>\n<td>3.852 TL<\/td>\n<td>138.898 TL<\/td>\n<\/tr>\n<tr>\n<td>5<\/td>\n<td>1.D-4.K<\/td>\n<td>31<\/td>\n<td>3.900 TL<\/td>\n<td>143.528 TL<\/td>\n<\/tr>\n<tr>\n<td>6<\/td>\n<td>1.D-4.K<\/td>\n<td>32<\/td>\n<td>3.948 TL<\/td>\n<td>148.158 TL<\/td>\n<\/tr>\n<tr>\n<td>7<\/td>\n<td>1.D-4.K<\/td>\n<td>35<\/td>\n<td>4.093 TL<\/td>\n<td>162.048 TL<\/td>\n<\/tr>\n<tr>\n<td>8<\/td>\n<td>1.D-4.K<\/td>\n<td>37<\/td>\n<td>4.189 TL<\/td>\n<td>171.308 TL<\/td>\n<\/tr>\n<tr>\n<td>9<\/td>\n<td>1.D-4.K<\/td>\n<td>40<\/td>\n<td>4.343 TL<\/td>\n<td>185.198 TL<\/td>\n<\/tr>\n<tr>\n<td><\/td>\n<td><\/td>\n<td><\/td>\n<td><\/td>\n<td><\/td>\n<\/tr>\n<\/tbody>\n<\/table>\n<\/td>\n<\/tr>\n<\/tbody>\n<\/table>\n<p><img loading=\"lazy\" class=\"alignnone size-full wp-image-12848\" src=\"https:\/\/kultursanatsen.org.tr\/portal\/wp-content\/uploads\/2021\/03\/images.jpeg\" alt=\"\" width=\"300\" height=\"168\" \/><\/p>\n<p>&nbsp;<\/p>\n","protected":false},"excerpt":{"rendered":"<p>Hizmet s\u00fcresi ve ayl\u0131k seviyesi ayn\u0131 olan memur, \u015fef ve \u015fube m\u00fcd\u00fcr\u00fc emeklilerinin emekli maa\u015f ve ikramiyeleri de ayn\u0131 miktarda olmaktad\u0131r. Ayl\u0131k seviyesi bak\u0131m\u0131ndan 1. dereceye ula\u015fan \u015fube m\u00fcd\u00fcr\u00fc, \u015fef ve memur unvanl\u0131 Devlet memurlar\u0131 hakk\u0131nda (kariyerlerinden dolay\u0131 daha y\u00fcksek ek g\u00f6stergeden yararlanma durumlar\u0131 hari\u00e7) 2200 ek g\u00f6sterge uygulanmaktad\u0131r. Ek g\u00f6stergenin ayn\u0131 olmas\u0131, bu unvanlardan [&hellip;]<\/p>\n","protected":false},"author":3,"featured_media":12848,"comment_status":"open","ping_status":"open","sticky":false,"template":"","format":"image","meta":[],"categories":[393,1],"tags":[],"_links":{"self":[{"href":"https:\/\/kultursanatsen.org.tr\/portal\/wp-json\/wp\/v2\/posts\/12847"}],"collection":[{"href":"https:\/\/kultursanatsen.org.tr\/portal\/wp-json\/wp\/v2\/posts"}],"about":[{"href":"https:\/\/kultursanatsen.org.tr\/portal\/wp-json\/wp\/v2\/types\/post"}],"author":[{"embeddable":true,"href":"https:\/\/kultursanatsen.org.tr\/portal\/wp-json\/wp\/v2\/users\/3"}],"replies":[{"embeddable":true,"href":"https:\/\/kultursanatsen.org.tr\/portal\/wp-json\/wp\/v2\/comments?post=12847"}],"version-history":[{"count":1,"href":"https:\/\/kultursanatsen.org.tr\/portal\/wp-json\/wp\/v2\/posts\/12847\/revisions"}],"predecessor-version":[{"id":12850,"href":"https:\/\/kultursanatsen.org.tr\/portal\/wp-json\/wp\/v2\/posts\/12847\/revisions\/12850"}],"wp:featuredmedia":[{"embeddable":true,"href":"https:\/\/kultursanatsen.org.tr\/portal\/wp-json\/wp\/v2\/media\/12848"}],"wp:attachment":[{"href":"https:\/\/kultursanatsen.org.tr\/portal\/wp-json\/wp\/v2\/media?parent=12847"}],"wp:term":[{"taxonomy":"category","embeddable":true,"href":"https:\/\/kultursanatsen.org.tr\/portal\/wp-json\/wp\/v2\/categories?post=12847"},{"taxonomy":"post_tag","embeddable":true,"href":"https:\/\/kultursanatsen.org.tr\/portal\/wp-json\/wp\/v2\/tags?post=12847"}],"curies":[{"name":"wp","href":"https:\/\/api.w.org\/{rel}","templated":true}]}}