{"id":11524,"date":"2020-01-10T08:15:32","date_gmt":"2020-01-10T08:15:32","guid":{"rendered":""},"modified":"2020-11-05T00:52:59","modified_gmt":"2020-11-05T00:52:59","slug":"kiyimin-devami-gelecek","status":"publish","type":"post","link":"https:\/\/kultursanatsen.org.tr\/portal\/2020\/01\/10\/kiyimin-devami-gelecek\/","title":{"rendered":"KIYIMIN DEVAMI GELECEK&#8230;"},"content":{"rendered":"<p>\u2018K\u0131y\u0131m\u0131n\u0131n devam\u0131 gelecek\u2019<\/p>\n<p>Per\u015fembe, Ocak 9, 2020 23:01 i\u00e7inde K\u00fclt\u00fcr, Man\u015fet\u00a0<\/p>\n<p>\u2018K\u0131y\u0131m\u0131n\u0131n devam\u0131 gelecek\u2019<\/p>\n<p>Cumhurba\u015fkan\u0131 Kararnamesi ile 150 sanat\u00e7\u0131n\u0131n i\u015ften \u00e7\u0131kar\u0131lmas\u0131na tepkiler s\u00fcr\u00fcyor. K\u00fclt\u00fcr Sanat-Sen \u00fcyeleri, \u2018Arkada\u015flar\u0131m\u0131za hukuk deste\u011fi sa\u011flayaca\u011f\u0131z ve dava a\u00e7aca\u011f\u0131z\u2019 dedi<\/p>\n<p>Resmi Gazete\u2019de 26 Aral\u0131k 2019\u2019da yay\u0131mlanan \u201cS\u00f6zle\u015fmeli Personel \u00c7al\u0131\u015ft\u0131r\u0131lmas\u0131na \u0130li\u015fkin Esaslarda De\u011fi\u015fiklik Yap\u0131lmas\u0131na Dair Esaslar\u201d ba\u015fl\u0131kl\u0131 Cumhurba\u015fkan\u0131 Kararnamesi ile k\u00fclt\u00fcr ve sanat alan\u0131nda \u00e7al\u0131\u015fan emek\u00e7ilere s\u00f6zle\u015fme imzalanaca\u011f\u0131 s\u00f6yledi. Ayn\u0131 tarihte K\u00fclt\u00fcr ve Turizm Bakan\u0131 Mehmet Nuri Ersoy, \u201cHepsinin i\u015f g\u00fcvenli\u011fi endi\u015fesi giderilmi\u015f, \u00e7al\u0131\u015fma hayatlar\u0131 devletimizin g\u00fcvencesi alt\u0131na al\u0131nm\u0131\u015ft\u0131r\u201d a\u00e7\u0131klamas\u0131 yapm\u0131\u015ft\u0131. 30 Aral\u0131k 2019\u2019a kadar k\u00fclt\u00fcr ve sanat alan\u0131nda \u00e7al\u0131\u015fan emek\u00e7iler g\u00f6rev yapt\u0131klar\u0131 birimlere s\u00f6zle\u015fmenin yap\u0131lmas\u0131 i\u00e7in ba\u015fvuruda bulundular. Mezopotamya Ajans\u0131\u2019ndan Zemo A\u011fg\u00f6z\u2019\u00fcn haberine g\u00f6re, ba\u015fvurular\u0131n a\u00e7\u0131klanmas\u0131n\u0131n ard\u0131ndan K\u00fclt\u00fcr, Sanat ve Turizm Emek\u00e7ileri Sendikas\u0131 (K\u00fclt\u00fcr Sanat-Sen), 4 Ocak\u2019ta yapt\u0131\u011f\u0131 a\u00e7\u0131klamayla, Devlet Tiyatrolar\u0131 (DT) ile Devlet Opera ve Balesi\u2019nde aktif g\u00f6rev alan, kadro bekleyen en az 150 k\u00fclt\u00fcr sanat emek\u00e7isinin s\u00f6zle\u015fmesinin yenilenmeyerek, i\u015ften \u00e7\u0131kar\u0131ld\u0131\u011f\u0131n\u0131 a\u00e7\u0131klad\u0131.<\/p>\n<p>\u2018Kabul etmiyoruz\u2019<\/p>\n<p>Bakan Ersoy\u2019un a\u00e7\u0131klamalar\u0131n\u0131n ard\u0131ndan \u00e7al\u0131\u015fanlar\u0131n bir beklentiye girdi\u011fini ifade eden K\u00fclt\u00fcr Sanat-Sen Genel Ba\u015fkan\u0131 H\u00fclya Eryetli, 150 ki\u015finin i\u015ften \u00e7\u0131kar\u0131lmas\u0131yla birlikte sevincin h\u00fczne d\u00f6n\u00fc\u015ft\u00fc\u011f\u00fcn\u00fc aktard\u0131. \u0130\u015ften at\u0131lmalar\u0131n 150 ki\u015fiyle s\u0131n\u0131rl\u0131 kalmayaca\u011f\u0131n\u0131 d\u00fc\u015f\u00fcnd\u00fcklerini ifade eden Eryetli, \u201cG\u00fczel Sanatlar Genel M\u00fcd\u00fcrl\u00fc\u011f\u00fc de 478 s\u00f6zle\u015fmenin imzalanaca\u011f\u0131n\u0131 duyurdu ama toplamda ka\u00e7 ki\u015fi s\u00f6zle\u015fmeli \u00e7al\u0131\u015ft\u0131r\u0131ld\u0131\u011f\u0131 bilgisini vermedi\u011fi i\u00e7in \u00f6n\u00fcm\u00fczdeki g\u00fcnlerde oradan da i\u015ften \u00e7\u0131kar\u0131lmalar\u0131n olmas\u0131 muhtemel\u201d dedi. Deniz \u00d6zsayg\u0131 ise, s\u00fcreli s\u00f6zle\u015fmeliler, misafir sanat\u00e7\u0131lar, kamuda \u00f6zelle\u015ftirme politikalar\u0131yla birlikte istihdam\u0131n tamamen par\u00e7al\u0131 bir hale geldi\u011fini belirtti.<\/p>\n<p>\u2018Dava edece\u011fiz\u2019<\/p>\n<p>\u0130\u015ften \u00e7\u0131kar\u0131lan 150 ki\u015finin haricinde i\u015flerine devam eden ki\u015filerin sadece baz\u0131lar\u0131na kadro verildi\u011fini, \u00e7o\u011funun yine g\u00fcvencesiz puantajl\u0131 \u00e7al\u0131\u015fmak zorunda b\u0131rak\u0131ld\u0131\u011f\u0131n\u0131 vurgulayan \u00d6zsayg\u0131, \u201cBu s\u00fcre\u00e7te sendika olarak arkada\u015flar\u0131m\u0131z\u0131n yan\u0131nday\u0131z. Arkada\u015flar\u0131m\u0131za hukuk deste\u011fi sa\u011flayaca\u011f\u0131z ve ald\u0131klar\u0131 ret dilek\u00e7elerine istinaden dava a\u00e7aca\u011f\u0131z\u201d dedi.<\/p>\n<p>ANKARA<\/p>\n<p>Yeni Ya\u015fam Gazetesi<\/p>\n","protected":false},"excerpt":{"rendered":"<p>\u2018K\u0131y\u0131m\u0131n\u0131n devam\u0131 gelecek\u2019 Per\u015fembe, Ocak 9, 2020 23:01 i\u00e7inde K\u00fclt\u00fcr, Man\u015fet\u00a0 \u2018K\u0131y\u0131m\u0131n\u0131n devam\u0131 gelecek\u2019 Cumhurba\u015fkan\u0131 Kararnamesi ile 150 sanat\u00e7\u0131n\u0131n i\u015ften \u00e7\u0131kar\u0131lmas\u0131na tepkiler s\u00fcr\u00fcyor. K\u00fclt\u00fcr Sanat-Sen \u00fcyeleri, \u2018Arkada\u015flar\u0131m\u0131za hukuk deste\u011fi sa\u011flayaca\u011f\u0131z ve dava a\u00e7aca\u011f\u0131z\u2019 dedi Resmi Gazete\u2019de 26 Aral\u0131k 2019\u2019da yay\u0131mlanan \u201cS\u00f6zle\u015fmeli Personel \u00c7al\u0131\u015ft\u0131r\u0131lmas\u0131na \u0130li\u015fkin Esaslarda De\u011fi\u015fiklik Yap\u0131lmas\u0131na Dair Esaslar\u201d ba\u015fl\u0131kl\u0131 Cumhurba\u015fkan\u0131 Kararnamesi ile k\u00fclt\u00fcr ve [&hellip;]<\/p>\n","protected":false},"author":0,"featured_media":11525,"comment_status":"open","ping_status":"open","sticky":true,"template":"","format":"standard","meta":[],"categories":[1],"tags":[],"_links":{"self":[{"href":"https:\/\/kultursanatsen.org.tr\/portal\/wp-json\/wp\/v2\/posts\/11524"}],"collection":[{"href":"https:\/\/kultursanatsen.org.tr\/portal\/wp-json\/wp\/v2\/posts"}],"about":[{"href":"https:\/\/kultursanatsen.org.tr\/portal\/wp-json\/wp\/v2\/types\/post"}],"replies":[{"embeddable":true,"href":"https:\/\/kultursanatsen.org.tr\/portal\/wp-json\/wp\/v2\/comments?post=11524"}],"version-history":[{"count":0,"href":"https:\/\/kultursanatsen.org.tr\/portal\/wp-json\/wp\/v2\/posts\/11524\/revisions"}],"wp:featuredmedia":[{"embeddable":true,"href":"https:\/\/kultursanatsen.org.tr\/portal\/wp-json\/wp\/v2\/media\/11525"}],"wp:attachment":[{"href":"https:\/\/kultursanatsen.org.tr\/portal\/wp-json\/wp\/v2\/media?parent=11524"}],"wp:term":[{"taxonomy":"category","embeddable":true,"href":"https:\/\/kultursanatsen.org.tr\/portal\/wp-json\/wp\/v2\/categories?post=11524"},{"taxonomy":"post_tag","embeddable":true,"href":"https:\/\/kultursanatsen.org.tr\/portal\/wp-json\/wp\/v2\/tags?post=11524"}],"curies":[{"name":"wp","href":"https:\/\/api.w.org\/{rel}","templated":true}]}}