{"id":11512,"date":"2019-08-02T14:54:43","date_gmt":"2019-08-02T14:54:43","guid":{"rendered":""},"modified":"2020-11-05T00:52:59","modified_gmt":"2020-11-05T00:52:59","slug":"kamu-emekcilerini-ilgilendiren-toplusozle-me-polis-sald-r-s-yla-ba-lad","status":"publish","type":"post","link":"https:\/\/kultursanatsen.org.tr\/portal\/2019\/08\/02\/kamu-emekcilerini-ilgilendiren-toplusozle-me-polis-sald-r-s-yla-ba-lad\/","title":{"rendered":"Kamu emek\u00e7ilerini ilgilendiren toplus\u00f6zle\u015fme polis sald\u0131r\u0131s\u0131yla ba\u015flad\u0131"},"content":{"rendered":"<p>Milyonlarca kamu emek\u00e7isini ilgilendiren toplus\u00f6zle\u015fme g\u00f6r\u00fc\u015fmeleri KESK\u2019lilere d\u00f6n\u00fck polis sald\u0131r\u0131s\u0131yla ba\u015flad\u0131.<\/p>\n<p>Kamu emek\u00e7ilerini ilgilendiren toplus\u00f6zle\u015fme polis sald\u0131r\u0131s\u0131yla ba\u015flad\u0131<\/p>\n<p>Milyonlarca kamu emek\u00e7isini kapsayan toplus\u00f6zle\u015fme g\u00f6r\u00fc\u015fmeleri, polis sald\u0131r\u0131s\u0131yla ba\u015flad\u0131. KESK \u00fcyeleri taleplerini a\u00e7\u0131klamak i\u00e7in bakanl\u0131k yak\u0131n\u0131na y\u00fcr\u00fcmek isteyince polisin biber gazl\u0131 sald\u0131r\u0131s\u0131na maruz kald\u0131. Bakanl\u0131k salonunda d\u0131\u015far\u0131daki sald\u0131r\u0131ya tepki g\u00f6steren KESK Genel Sekreterine Memur Sen g\u00f6revlileri \u201c\u00c7\u0131k\u0131n d\u0131\u015far\u0131da yap\u0131n a\u00e7\u0131klaman\u0131z\u0131\u201d diye sata\u015ft\u0131.<\/p>\n<p>H\u00fck\u00fcmet ile kamu emek\u00e7ileri konfederasyonlar\u0131 aras\u0131nda, \u00f6n\u00fcm\u00fczdeki iki y\u0131l\u0131 kapsayacak olan toplu s\u00f6zle\u015fme g\u00f6r\u00fc\u015fmeleri ba\u015flad\u0131. \u00c7al\u0131\u015fma Aile ve Sosyal Hizmetler Bakanl\u0131\u011f\u0131nda\u00a0 yap\u0131lan toplant\u0131 \u00f6ncesinde KESK \u00fcyeleri Milli K\u00fct\u00fcphane \u00f6n\u00fcnde topland\u0131. Edirne, Mu\u011fla, Van ve Artvin&#8217;de toplanarak 4 koldan Ankara&#8217;ya gelen KESK \u00fcyeleri, buradan bakanl\u0131k yak\u0131n\u0131ndaki su deposuna y\u00fcr\u00fcmek, taleplerini a\u00e7\u0131klamak istedi. Fakat polis y\u00fcr\u00fcy\u00fc\u015fe izin vermedi, sadece bir grubun bas\u0131n a\u00e7\u0131klamas\u0131 yapabilece\u011fini s\u00f6yledi. Ancak KESK y\u00f6neticileri \u00fcyeleriyle birlikte bas\u0131n a\u00e7\u0131klamas\u0131 yapmak istedi. \u00c7\u0131kan tart\u0131\u015fman\u0131n ard\u0131ndan polis kamu emek\u00e7ilerine biber gaz\u0131yla sald\u0131rd\u0131. KESK \u00fcyeleri sald\u0131r\u0131ya \u201cEmek\u00e7iye de\u011fil \u00e7etelere barikat\u201d sloganlar\u0131yla tepki g\u00f6sterdi.<\/p>\n<p>Polis sald\u0131r\u0131s\u0131nda biber gaz\u0131ndan etkilenen, yaralanan ve g\u00f6zalt\u0131na al\u0131nan kamu emek\u00e7ileri oldu. KESK E\u015f Genel Ba\u015fkan\u0131 Aysun Gezen de sald\u0131r\u0131 s\u0131ras\u0131nda kolundan yaraland\u0131. KESK E\u011fitim, \u00d6rg\u00fctlenme ve Bas\u0131n Yay\u0131n Sekreteri \u0130lhan Yi\u011fit, Haber Sen Genel Sekreteri Burak Ustao\u011flu ve Tar\u0131m Orkam-Sen Genel Ba\u015fkan\u0131 Hamit Kurt&#8217;un da aralar\u0131nda oldu\u011fu 6 ki\u015fi g\u00f6zalt\u0131na al\u0131nd\u0131. Ayr\u0131ca KESK E\u015f Genel Ba\u015fkanlar\u0131 Aysun Gezen ve Mehmet Bozgeyik\u2019in, OHAL kapsam\u0131nda \u00e7\u0131kar\u0131lan KHK&#8217;ler ile ihra\u00e7 edildi\u011fi i\u00e7in g\u00f6r\u00fc\u015fmelere kat\u0131lmas\u0131na izin verilmedi.<\/p>\n<p>KESK E\u015f Genel Ba\u015fkan\u0131 Aysun Gezen de sald\u0131r\u0131 s\u0131ras\u0131nda kolundan yaraland\u0131.\u00a0<\/p>\n<p>MEMUR SEN&#8217;L\u0130LER POL\u0130S SALDIRISINA ARKA \u00c7IKTI<\/p>\n<p>Bakanl\u0131k d\u0131\u015f\u0131nda kamu emek\u00e7ileri polis sald\u0131r\u0131s\u0131na u\u011frarken i\u00e7eride de gerginlik \u00e7\u0131kt\u0131. Aile, \u00c7al\u0131\u015fma ve Sosyal Hizmetler Bakan\u0131 Zehra Z\u00fcmr\u00fct Sel\u00e7uk&#8217;un gelmesi beklenirken KESK Genel Sekreteri Ramazan G\u00fcrb\u00fcz, polisin kamu emek\u00e7ilerine sald\u0131rmas\u0131na tepki g\u00f6sterdi. KESK \u00fcyelerinin taleplerini a\u00e7\u0131klamas\u0131na izin verilmedi\u011fini s\u00f6yleyen G\u00fcrb\u00fcz&#8217;e Memur Sen&#8217;liler \u201c\u00c7\u0131k\u0131n d\u0131\u015far\u0131da yap\u0131n a\u00e7\u0131klaman\u0131z\u0131\u201d diye kar\u015f\u0131l\u0131k verdi. Bir s\u00fcre yap\u0131lan at\u0131\u015fmalar\u0131n ard\u0131ndan gerginlik sona erdi.<\/p>\n<p>MEMUR SEN Y\u00dcZDE 8+7 \u0130STED\u0130<\/p>\n<p>Yetkili konfederasyon Memur Sen, 2020 y\u0131l\u0131 i\u00e7in 1 Ocak\u2019tan ge\u00e7erli olmak \u00fczere y\u00fczde 3 refah pay\u0131 ve taban ayl\u0131\u011fa 200 TL seyyanen art\u0131\u015f istiyor. Birinci 6 ayda y\u00fczde 8, ikinci alt\u0131 ayda y\u00fczde 7 zam isteyen Memur Sen, s\u00f6zle\u015fmeli personel \u00e7al\u0131\u015fmas\u0131na son verilmesi, gelir vergisinde y\u0131l boyu y\u00fczde 15 sabit oran uygulanmas\u0131 ya da y\u00fczde 15\u2019i a\u015fan k\u0131sm\u0131n kamu i\u015fvereni taraf\u0131ndan kar\u015f\u0131lanmas\u0131, kre\u015f hizmeti sunulmas\u0131 ya da 754 TL kre\u015f yard\u0131m\u0131 yap\u0131lmas\u0131 taleplerini \u00f6ne s\u00fcrd\u00fc. Memur Sen&#8217;in bir ba\u015fka talebi ise toplus\u00f6zle\u015fme masas\u0131na di\u011fer konfederasyonlar\u0131n de\u011fil sadece kendisinin oturmas\u0131.<\/p>\n<p>BAKAN&#8217;DAN &#8220;SALDIRI SAVUNMASI&#8221;<\/p>\n<p>KESK Genel Sekreteri Ramazan G\u00fcrb\u00fcz, anayasada g\u00fcvenceye al\u0131nm\u0131\u015f demokratik haklar\u0131n\u0131 kullanamad\u0131klar\u0131n\u0131, y\u00fcr\u00fcy\u00fc\u015f yapmak istediklerinde polisin \u00fcyelerine sald\u0131rd\u0131\u011f\u0131n\u0131 s\u00f6yledi. Bu s\u0131rada araya giren Bakan Z\u00fcmr\u00fct Sel\u00e7uk, y\u00fcr\u00fcy\u00fc\u015f i\u00e7in valili\u011fe g\u00fczergah bildirilmedi\u011fi iddias\u0131yla polis sald\u0131r\u0131s\u0131n\u0131 savundu.<\/p>\n<p>KESK Y\u00dcZDE 38 TALEP ETT\u0130<\/p>\n<p>KESK, e\u015fi \u00e7al\u0131\u015fmayan, iki \u00e7ocuklu en d\u00fc\u015f\u00fck kamu emek\u00e7isinin maa\u015f\u0131n\u0131n 2020 y\u0131l\u0131 i\u00e7in e\u015f, \u00e7ocuk, kira, yemek yakacak yard\u0131m\u0131 ile birlikte AG\u0130 hari\u00e7 6 bin 838 liraya \u00e7\u0131kar\u0131lmas\u0131n\u0131 istiyor. B\u00f6ylece \u00fccretlerde y\u00fczde 38 zam talep eden KESK, 2021 y\u0131l\u0131 i\u00e7in ise ger\u00e7ekle\u015fen enflasyon art\u0131 3 puan refah pay\u0131 talep ediyor. KESK&#8217;in di\u011fer talepleri de vergi oran\u0131n\u0131n d\u00fc\u015f\u00fcr\u00fclerek sabitlenmesi, \u00fccretsiz kre\u015f ve servis hakk\u0131, partizanca uygulamalara son verilerek liyakatin esas al\u0131nmas\u0131n\u0131, m\u00fclakat ve g\u00fcvenlik ara\u015ft\u0131rmas\u0131na, kad\u0131n emek\u00e7ilere y\u00f6nelik ayr\u0131mc\u0131 uygulamalara son verilmesi.<\/p>\n<p>KAMU-SEN KAYIPLAR KAR\u015eILANSIN<\/p>\n<p>Kamu-Sen&#8217;in talebi ise ge\u00e7mi\u015f d\u00f6nemdeki erimenin giderilmesi. Sadece 2018 y\u0131l\u0131nda bu kayb\u0131n 600 TL oldu\u011funa dikkat \u00e7eken Kamu-Sen de y\u00fczde 3 oran\u0131nda refah pay\u0131 istiyor. Kamu Sen&#8217;in talebinin kabul edilmesi halinde 3 bin 18 lira olan en d\u00fc\u015f\u00fck memur maa\u015f\u0131 2020 sonunda 4 bin 509, 2021 sonunda ise 5 bin 417 liraya \u00e7\u0131kacak. (Ankara\/EVRENSEL)<\/p>\n<p>\u00a0<\/p>\n<p>\u00a0<\/p>\n","protected":false},"excerpt":{"rendered":"<p>Milyonlarca kamu emek\u00e7isini ilgilendiren toplus\u00f6zle\u015fme g\u00f6r\u00fc\u015fmeleri KESK\u2019lilere d\u00f6n\u00fck polis sald\u0131r\u0131s\u0131yla ba\u015flad\u0131. Kamu emek\u00e7ilerini ilgilendiren toplus\u00f6zle\u015fme polis sald\u0131r\u0131s\u0131yla ba\u015flad\u0131 Milyonlarca kamu emek\u00e7isini kapsayan toplus\u00f6zle\u015fme g\u00f6r\u00fc\u015fmeleri, polis sald\u0131r\u0131s\u0131yla ba\u015flad\u0131. KESK \u00fcyeleri taleplerini a\u00e7\u0131klamak i\u00e7in bakanl\u0131k yak\u0131n\u0131na y\u00fcr\u00fcmek isteyince polisin biber gazl\u0131 sald\u0131r\u0131s\u0131na maruz kald\u0131. Bakanl\u0131k salonunda d\u0131\u015far\u0131daki sald\u0131r\u0131ya tepki g\u00f6steren KESK Genel Sekreterine Memur Sen g\u00f6revlileri \u201c\u00c7\u0131k\u0131n [&hellip;]<\/p>\n","protected":false},"author":0,"featured_media":11513,"comment_status":"open","ping_status":"open","sticky":true,"template":"","format":"standard","meta":[],"categories":[1],"tags":[],"_links":{"self":[{"href":"https:\/\/kultursanatsen.org.tr\/portal\/wp-json\/wp\/v2\/posts\/11512"}],"collection":[{"href":"https:\/\/kultursanatsen.org.tr\/portal\/wp-json\/wp\/v2\/posts"}],"about":[{"href":"https:\/\/kultursanatsen.org.tr\/portal\/wp-json\/wp\/v2\/types\/post"}],"replies":[{"embeddable":true,"href":"https:\/\/kultursanatsen.org.tr\/portal\/wp-json\/wp\/v2\/comments?post=11512"}],"version-history":[{"count":0,"href":"https:\/\/kultursanatsen.org.tr\/portal\/wp-json\/wp\/v2\/posts\/11512\/revisions"}],"wp:featuredmedia":[{"embeddable":true,"href":"https:\/\/kultursanatsen.org.tr\/portal\/wp-json\/wp\/v2\/media\/11513"}],"wp:attachment":[{"href":"https:\/\/kultursanatsen.org.tr\/portal\/wp-json\/wp\/v2\/media?parent=11512"}],"wp:term":[{"taxonomy":"category","embeddable":true,"href":"https:\/\/kultursanatsen.org.tr\/portal\/wp-json\/wp\/v2\/categories?post=11512"},{"taxonomy":"post_tag","embeddable":true,"href":"https:\/\/kultursanatsen.org.tr\/portal\/wp-json\/wp\/v2\/tags?post=11512"}],"curies":[{"name":"wp","href":"https:\/\/api.w.org\/{rel}","templated":true}]}}