{"id":11500,"date":"2019-03-18T12:09:15","date_gmt":"2019-03-18T12:09:15","guid":{"rendered":""},"modified":"2020-11-15T22:36:36","modified_gmt":"2020-11-15T22:36:36","slug":"bilgi-edinme-talebi","status":"publish","type":"post","link":"https:\/\/kultursanatsen.org.tr\/portal\/2019\/03\/18\/bilgi-edinme-talebi\/","title":{"rendered":"B\u0130LG\u0130 ED\u0130NME TALEB\u0130&#8230;"},"content":{"rendered":"<p style=\"margin: 0px 0px 6px; font-family: Helvetica, Arial, sans-serif; color: #1d2129; font-size: 14px;\">Devlet Tiyatrolar\u0131 Genel M\u00fcd\u00fcrl\u00fc\u011f\u00fc, Devlet Opera ve Balesi Genel M\u00fcd\u00fcrl\u00fc\u011f\u00fc ve G\u00fczel Sanatlar Genel M\u00fcd\u00fcrl\u00fc\u011f\u00fc&#8217;nden;<\/p>\n<p style=\"margin: 6px 0px; font-family: Helvetica, Arial, sans-serif; color: #1d2129; font-size: 14px;\">Misafir Sanat\u00e7\u0131 ve benzeri pozisyonlarda s\u00fcreli s\u00f6zle\u015fmeli olarak \u00e7al\u0131\u015ft\u0131r\u0131lan personelin 375 Say\u0131l\u0131 KHK\u2019n\u0131n ek 26. Maddesi uyar\u0131nca istihdam edilece\u011fi ile ilgili mevzuat gere\u011fi;<br \/>1- Kurum b\u00fcnyelerinde \u00e7al\u0131\u015ft\u0131r\u0131lacak s\u00fcreli s\u00f6zle\u015fmeli personelin; i\u015fe al\u0131nmalar\u0131, \u00e7al\u0131\u015ft\u0131r\u0131lmalar\u0131, \u00f6zl\u00fck ve mali haklar\u0131n\u0131n d\u00fczenlemesini i\u00e7eren y\u00f6netmelik \u00e7al\u0131\u015fmas\u0131n\u0131n ne a\u015famada old<span class=\"text_exposed_show\" style=\"display: inline; font-family: inherit;\">u\u011fu,\u00a0<br \/>2- Bahsi ge\u00e7en y\u00f6netmelikle ilgili yap\u0131lacak s\u00f6zle\u015fmelerin y\u00fcr\u00fcrl\u00fck tarihinin ne olaca\u011f\u0131,<br \/>3- 375\u2019e Ek 26. Madde uyar\u0131nca istihdam edilecek personellerden hangi pozisyonlar\u0131n tam zamanl\u0131, k\u0131smi zamanl\u0131 ve\/veya proje ile s\u0131n\u0131rl\u0131 \u00e7al\u0131\u015faca\u011f\u0131, hususlar\u0131nda 4982 Say\u0131l\u0131 Bilgi Edinme Hakk\u0131 Kanunu \u00e7er\u00e7evesinde taraf\u0131m\u0131za bildirilmesini talep ettik.<\/span><\/p>\n","protected":false},"excerpt":{"rendered":"<p>Devlet Tiyatrolar\u0131 Genel M\u00fcd\u00fcrl\u00fc\u011f\u00fc, Devlet Opera ve Balesi Genel M\u00fcd\u00fcrl\u00fc\u011f\u00fc ve G\u00fczel Sanatlar Genel M\u00fcd\u00fcrl\u00fc\u011f\u00fc&#8217;nden; Misafir Sanat\u00e7\u0131 ve benzeri pozisyonlarda s\u00fcreli s\u00f6zle\u015fmeli olarak \u00e7al\u0131\u015ft\u0131r\u0131lan personelin 375 Say\u0131l\u0131 KHK\u2019n\u0131n ek 26. Maddesi uyar\u0131nca istihdam edilece\u011fi ile ilgili mevzuat gere\u011fi;1- Kurum b\u00fcnyelerinde \u00e7al\u0131\u015ft\u0131r\u0131lacak s\u00fcreli s\u00f6zle\u015fmeli personelin; i\u015fe al\u0131nmalar\u0131, \u00e7al\u0131\u015ft\u0131r\u0131lmalar\u0131, \u00f6zl\u00fck ve mali haklar\u0131n\u0131n d\u00fczenlemesini i\u00e7eren y\u00f6netmelik \u00e7al\u0131\u015fmas\u0131n\u0131n [&hellip;]<\/p>\n","protected":false},"author":1,"featured_media":11501,"comment_status":"open","ping_status":"open","sticky":true,"template":"","format":"standard","meta":[],"categories":[613,612],"tags":[],"_links":{"self":[{"href":"https:\/\/kultursanatsen.org.tr\/portal\/wp-json\/wp\/v2\/posts\/11500"}],"collection":[{"href":"https:\/\/kultursanatsen.org.tr\/portal\/wp-json\/wp\/v2\/posts"}],"about":[{"href":"https:\/\/kultursanatsen.org.tr\/portal\/wp-json\/wp\/v2\/types\/post"}],"author":[{"embeddable":true,"href":"https:\/\/kultursanatsen.org.tr\/portal\/wp-json\/wp\/v2\/users\/1"}],"replies":[{"embeddable":true,"href":"https:\/\/kultursanatsen.org.tr\/portal\/wp-json\/wp\/v2\/comments?post=11500"}],"version-history":[{"count":1,"href":"https:\/\/kultursanatsen.org.tr\/portal\/wp-json\/wp\/v2\/posts\/11500\/revisions"}],"predecessor-version":[{"id":12205,"href":"https:\/\/kultursanatsen.org.tr\/portal\/wp-json\/wp\/v2\/posts\/11500\/revisions\/12205"}],"wp:featuredmedia":[{"embeddable":true,"href":"https:\/\/kultursanatsen.org.tr\/portal\/wp-json\/wp\/v2\/media\/11501"}],"wp:attachment":[{"href":"https:\/\/kultursanatsen.org.tr\/portal\/wp-json\/wp\/v2\/media?parent=11500"}],"wp:term":[{"taxonomy":"category","embeddable":true,"href":"https:\/\/kultursanatsen.org.tr\/portal\/wp-json\/wp\/v2\/categories?post=11500"},{"taxonomy":"post_tag","embeddable":true,"href":"https:\/\/kultursanatsen.org.tr\/portal\/wp-json\/wp\/v2\/tags?post=11500"}],"curies":[{"name":"wp","href":"https:\/\/api.w.org\/{rel}","templated":true}]}}