{"id":11468,"date":"2018-12-21T07:33:13","date_gmt":"2018-12-21T07:33:13","guid":{"rendered":""},"modified":"2018-12-21T08:01:41","modified_gmt":"2018-12-21T08:01:41","slug":"devlet-opera-ve-balesi-servislerin-kaldirilmasi-basin-aciklamasi-haberler","status":"publish","type":"post","link":"https:\/\/kultursanatsen.org.tr\/portal\/2018\/12\/21\/devlet-opera-ve-balesi-servislerin-kaldirilmasi-basin-aciklamasi-haberler\/","title":{"rendered":"DEVLET OPERA VE BALES\u0130 PERSONEL SERV\u0130SLER\u0130N\u0130N KALDIRILMASI BASIN A\u00c7IKLAMASI HABERLER&#8230;"},"content":{"rendered":"<p style=\"text-align: justify;\"><strong>K\u00fclt\u00fcr-sanat emek\u00e7ileri, kriz bahanesiyle servislerinin kald\u0131r\u0131lmas\u0131n\u0131 protesto etti<\/strong><\/p>\n<p style=\"text-align: justify;\">20 Aral\u0131k 2018 20:10<\/p>\n<p style=\"text-align: justify;\">K\u00fclt\u00fcr ve Turizm Bakanl\u0131\u011f\u0131\u2019n\u0131n ekonomik kriz ve b\u00fct\u00e7e yetersizli\u011fi bahanesiyle personel servisini kald\u0131rmas\u0131na k\u00fclt\u00fcr-sanat emek\u00e7ilerinden tepki geldi. Devlet Opera ve Balesi\u2019nde eylem yapan KESK \u00fcyeleri, \u201cKrize bir sebep olmad\u0131k, bedelini de biz \u00f6demiyoruz\u201d dedi<\/p>\n<p style=\"text-align: justify;\">\u00a0K\u00fclt\u00fcr ve Turizm Bakanl\u0131\u011f\u0131, ekonomik krizi ve tasarruf tedbirlerini bahane ederek Devlet Opera ve Balesi personel servislerini kald\u0131rd\u0131.\u00a0\u00a0Karar, KESK\u2019e ba\u011fl\u0131 K\u00fclt\u00fcr Sanat-Sen \u00fcyeleri taraf\u0131ndan Ankara\u2019daki Devlet Opera ve Balesi Binas\u0131\u2019n\u0131n sanat\u00e7\u0131 giri\u015fi kap\u0131s\u0131nda bir bas\u0131n a\u00e7\u0131klamas\u0131 ile protesto edildi.<\/p>\n<p style=\"text-align: justify;\">Kamu emek\u00e7ilerinin toplus\u00f6zle\u015fme ile ald\u0131\u011f\u0131 zamlar\u0131n y\u0131l\u0131n ilk \u00fc\u00e7 ay\u0131nda eridi\u011fini, maa\u015flara beklenen zamlar\u0131n t\u00fcrl\u00fc art\u0131\u015f ve hilelerle gasp edildi\u011fini, halk\u0131n en temel ihtiya\u00e7lar\u0131n\u0131n %50\u2019nin \u00fczerinde oranlarda zamland\u0131\u011f\u0131n\u0131 s\u00f6yleyen k\u00fclt\u00fcr-sanat emek\u00e7ileri, \u201cBuradaki as\u0131l m\u00fccadele enflasyonla m\u00fccadele de\u011fil, y\u0131l\u0131n sonunda asgari \u00fccretlinin, i\u015f\u00e7inin, kamu emek\u00e7isinin, emeklinin maa\u015f art\u0131\u015flar\u0131n\u0131 a\u015fa\u011f\u0131 \u00e7ekme m\u00fccadelesidir\u201d dedi.<\/p>\n<p style=\"text-align: justify;\">T\u00fcrl\u00fc alicengiz oyunlar\u0131 ile vermemeye \u00e7al\u0131\u015ft\u0131klar\u0131 enflasyon fark\u0131 zamlar\u0131na ek olarak y\u0131llard\u0131r kullan\u0131lan personel servislerinin \u201cb\u00fct\u00e7e yetersizli\u011fi\u201d gerek\u00e7esiyle kald\u0131r\u0131lmas\u0131na tepki g\u00f6steren k\u00fclt\u00fcr-sanat emek\u00e7ileri, a\u00e7\u0131klamalar\u0131n\u0131 da \u015f\u00f6yle sonland\u0131rd\u0131:<\/p>\n<p style=\"text-align: justify;\">Bir y\u0131lda 4\u2019\u00fc uluslararas\u0131 olmak \u00fczere 5 festival ve 2 ilde opera bale g\u00fcnleri d\u00fczenleyen, yurti\u00e7inde ve d\u0131\u015f\u0131nda onlarca turne d\u00fczenleyen, m\u00fcd\u00fcrl\u00fck programlar\u0131na bak\u0131ld\u0131\u011f\u0131nda yine y\u00fcz\u00fcn \u00fczerinde eser ve konser sahneleyen Devlet Opera ve Balesi\u2019nin b\u00fct\u00e7esi 13 servise yetmemi\u015ftir.<\/p>\n<p style=\"text-align: justify;\">Yine tasarruf denince akla en d\u00fc\u015f\u00fck gelirliler gelmi\u015ftir. Sabah\u0131n erken saatlerinden gece yar\u0131lar\u0131na kadar bayram, hafta sonu, resmi tatil demeden \u00e7al\u0131\u015ft\u0131r\u0131lan sanat emek\u00e7ileri olarak servis hakk\u0131m\u0131zdan vazge\u00e7miyoruz. Ve yine tekrarl\u0131yoruz: Krize bir sebep olmad\u0131k, bedelini de biz \u00f6demiyoruz. Servis hakk\u0131m\u0131z engellenemez.<\/p>\n<p style=\"text-align: justify;\"><strong>Sendika.Org\/ Ankara<\/strong><\/p>\n<p style=\"text-align: justify;\"><strong>Cumhuriyet ve Evrensel haber ekte:\u00a0<\/strong><\/p>\n","protected":false},"excerpt":{"rendered":"<p>K\u00fclt\u00fcr-sanat emek\u00e7ileri, kriz bahanesiyle servislerinin kald\u0131r\u0131lmas\u0131n\u0131 protesto etti 20 Aral\u0131k 2018 20:10 K\u00fclt\u00fcr ve Turizm Bakanl\u0131\u011f\u0131\u2019n\u0131n ekonomik kriz ve b\u00fct\u00e7e yetersizli\u011fi bahanesiyle personel servisini kald\u0131rmas\u0131na k\u00fclt\u00fcr-sanat emek\u00e7ilerinden tepki geldi. Devlet Opera ve Balesi\u2019nde eylem yapan KESK \u00fcyeleri, \u201cKrize bir sebep olmad\u0131k, bedelini de biz \u00f6demiyoruz\u201d dedi \u00a0K\u00fclt\u00fcr ve Turizm Bakanl\u0131\u011f\u0131, ekonomik krizi ve tasarruf tedbirlerini [&hellip;]<\/p>\n","protected":false},"author":0,"featured_media":11469,"comment_status":"open","ping_status":"open","sticky":true,"template":"","format":"standard","meta":[],"categories":[1],"tags":[],"_links":{"self":[{"href":"https:\/\/kultursanatsen.org.tr\/portal\/wp-json\/wp\/v2\/posts\/11468"}],"collection":[{"href":"https:\/\/kultursanatsen.org.tr\/portal\/wp-json\/wp\/v2\/posts"}],"about":[{"href":"https:\/\/kultursanatsen.org.tr\/portal\/wp-json\/wp\/v2\/types\/post"}],"replies":[{"embeddable":true,"href":"https:\/\/kultursanatsen.org.tr\/portal\/wp-json\/wp\/v2\/comments?post=11468"}],"version-history":[{"count":0,"href":"https:\/\/kultursanatsen.org.tr\/portal\/wp-json\/wp\/v2\/posts\/11468\/revisions"}],"wp:featuredmedia":[{"embeddable":true,"href":"https:\/\/kultursanatsen.org.tr\/portal\/wp-json\/wp\/v2\/media\/11469"}],"wp:attachment":[{"href":"https:\/\/kultursanatsen.org.tr\/portal\/wp-json\/wp\/v2\/media?parent=11468"}],"wp:term":[{"taxonomy":"category","embeddable":true,"href":"https:\/\/kultursanatsen.org.tr\/portal\/wp-json\/wp\/v2\/categories?post=11468"},{"taxonomy":"post_tag","embeddable":true,"href":"https:\/\/kultursanatsen.org.tr\/portal\/wp-json\/wp\/v2\/tags?post=11468"}],"curies":[{"name":"wp","href":"https:\/\/api.w.org\/{rel}","templated":true}]}}