{"id":11431,"date":"2018-09-12T08:27:38","date_gmt":"2018-09-12T08:27:38","guid":{"rendered":""},"modified":"2020-11-15T22:35:16","modified_gmt":"2020-11-15T22:35:16","slug":"12-eylul-suruyor","status":"publish","type":"post","link":"https:\/\/kultursanatsen.org.tr\/portal\/2018\/09\/12\/12-eylul-suruyor\/","title":{"rendered":"12 EYL\u00dcL S\u00dcR\u00dcYOR&#8230;"},"content":{"rendered":"<p style=\"margin-bottom: 20px; margin-top: 0px; color: #3f3f3f; font-family: Exo; font-size: 14px; text-align: justify;\">Sivil\/askeri t\u00fcm darbeciler karanl\u0131ktan, gericilikten, milliyet\u00e7ilik ve \u015fovenizmden beslenirler. Bar\u0131\u015f ve demokrasi havarisi kesilip darbe ger\u00e7ekle\u015ftirirler ancak k\u0131sa s\u00fcre i\u00e7erisinde bar\u0131\u015f ve demokrasi d\u00fc\u015fman\u0131 olup demokratik birikimleri bir bir ortadan kald\u0131r\u0131rlar. Toplumsal kutupla\u015fma ve yeni d\u00fc\u015fman odaklar yaratarak s\u00fcrekliliklerini sa\u011flamaya \u00e7al\u0131\u015f\u0131rlar.<\/p>\n<p style=\"margin-bottom: 20px; margin-top: 0px; color: #3f3f3f; font-family: Exo; font-size: 14px; text-align: justify;\">12 Eyl\u00fcl bunun tipik bir \u00f6rne\u011fidir.<\/p>\n<p style=\"margin-bottom: 20px; margin-top: 0px; color: #3f3f3f; font-family: Exo; font-size: 14px; text-align: justify;\">Emperyalizmin ve sermayenin \u00e7\u0131karlar\u0131 do\u011frultusunda, finans kapitalin ve uluslararas\u0131 tekellerin ihtiya\u00e7lar\u0131na y\u00f6nelik kurulan neoliberal politikalar\u0131n rahat\u00e7a uygulanmas\u0131 i\u00e7in ger\u00e7ekle\u015fen 12 Eyl\u00fcl fa\u015fist darbesinin \u00fczerinden 38 y\u0131l ge\u00e7ti.<\/p>\n<p style=\"margin-bottom: 20px; margin-top: 0px; color: #3f3f3f; font-family: Exo; font-size: 14px; text-align: justify;\">Darbe ile 650 bin ki\u015fi g\u00f6zalt\u0131na al\u0131nm\u0131\u015f, 1 milyon 683 bin ki\u015fi fi\u015flenmi\u015f, 30 bin ki\u015fi \u201csak\u0131ncal\u0131\u201d oldu\u011fu i\u00e7in i\u015ften at\u0131lm\u0131\u015f (\u0130\u015ften at\u0131lanlar\u0131n 3 bin 854\u2019si \u00f6\u011fretmen, 120\u2019si \u00f6\u011fretim \u00fcyesi ve 47\u2019si h\u00e2kim) 31 gazeteci cezaevine g\u00f6nderilmi\u015f, se\u00e7ilmi\u015f belediye ba\u015fkanlar\u0131 g\u00f6revden al\u0131narak yerine s\u0131k\u0131y\u00f6netim taraf\u0131ndan atama yap\u0131lm\u0131\u015f, 517 ki\u015fi idam cezas\u0131na \u00e7arpt\u0131r\u0131lm\u0131\u015f, 50 ki\u015fi ac\u0131mas\u0131zca as\u0131lm\u0131\u015f, y\u00fcz binlerce insan ak\u0131l almaz i\u015fkencelerle, g\u00f6z alt\u0131larla, cezaevlerinde \u00f6l\u00fcme terk edilmi\u015ftir. Y\u00fczlerce sendika, konfederasyon, dernek ve demokratik kitle \u00f6rg\u00fct\u00fc kapat\u0131lm\u0131\u015f, y\u00f6neticileri tutuklanm\u0131\u015ft\u0131r.<\/p>\n<p style=\"margin-bottom: 20px; margin-top: 0px; color: #3f3f3f; font-family: Exo; font-size: 14px; text-align: justify;\"><strong>Darbeciler \u00fclkemizin gelece\u011fi gen\u00e7leri idam sehpalar\u0131na yollam\u0131\u015f, ayd\u0131n, \u00fcretken beyinleri \u00fclke d\u0131\u015f\u0131na ka\u00e7\u0131rtm\u0131\u015f, \u00fcniversiteleri Y\u00d6K karanl\u0131\u011f\u0131na teslim etmi\u015ftir.<\/strong><\/p>\n<p style=\"margin-bottom: 20px; margin-top: 0px; color: #3f3f3f; font-family: Exo; font-size: 14px; text-align: justify;\"><strong>\u201c\u00dclke elden gidiyor\u201d gerek\u00e7esine s\u0131\u011f\u0131nan darbeciler \u00fclkenin kaynaklar\u0131n\u0131 uluslararas\u0131 sermayeye pe\u015fke\u015f \u00e7ekmi\u015f, yolsuzluk ve r\u00fc\u015fvet \u00e7ark\u0131n\u0131n par\u00e7alar\u0131 olmu\u015f, e\u011fitim sistemini gerici \u00fclkelerin finanse etti\u011fi T\u00fcrk\/\u0130slam sentezci laiklik kar\u015f\u0131t\u0131 m\u00fcfredatla donatm\u0131\u015flard\u0131r.<\/strong><\/p>\n<p style=\"margin-bottom: 20px; margin-top: 0px; color: #3f3f3f; font-family: Exo; font-size: 14px; text-align: justify;\"><strong>12 Eyl\u00fcl\u2019\u00fcn Karanl\u0131\u011f\u0131 Da\u011f\u0131lmad\u0131!<\/strong><\/p>\n<p style=\"margin-bottom: 20px; margin-top: 0px; color: #3f3f3f; font-family: Exo; font-size: 14px; text-align: justify;\">15 Temmuz\u2019da \u00fclkemiz yeni bir askeri darbe ile kar\u015f\u0131 kar\u015f\u0131ya kalm\u0131\u015ft\u0131r. Son on y\u0131llarda ve \u00f6zellikle de AKP h\u00fck\u00fcmetleri d\u00f6neminde devlet fideli\u011finde b\u00fcy\u00fct\u00fclen, \u201cne istediyse verilen\u201d, devletin t\u00fcm kurumlar\u0131nda kadrola\u015fmas\u0131n\u0131n \u00f6n\u00fc a\u00e7\u0131lan cemaat, ikili iktidara son verip tek ba\u015f\u0131na iktidar olma amac\u0131yla darbe giri\u015fiminde bulunmu\u015ftur.\u00a0<strong>15 Temmuz darbe giri\u015fimi en sistemati\u011fi AKP H\u00fck\u00fcmetleri d\u00f6neminde olmak \u00fczere bir kez daha devlet kurumlar\u0131 i\u00e7erisinde beslenmi\u015f, halklar\u0131m\u0131za ve emek\u00e7ilere kar\u015f\u0131 ger\u00e7ekle\u015ftirilmek istenmi\u015ftir.<\/strong><\/p>\n<p style=\"margin-bottom: 20px; margin-top: 0px; color: #3f3f3f; font-family: Exo; font-size: 14px; text-align: justify;\">Darbe giri\u015fimine haz\u0131rl\u0131kl\u0131 olan AKP, emek\u00e7ilerin ve halklar\u0131m\u0131z\u0131n darbe kar\u015f\u0131t\u0131 pozisyon almas\u0131n\u0131 da de\u011ferlendirerek darbe giri\u015fimini bir l\u00fctuf olarak g\u00f6rm\u00fc\u015ft\u00fcr.<\/p>\n<p style=\"margin-bottom: 20px; margin-top: 0px; color: #3f3f3f; font-family: Exo; font-size: 14px; text-align: justify;\">AKP 15 Temmuz darbe giri\u015fimini kendi otoriter-totaliter, tek\u00e7i, mezhep\u00e7i, dayatmac\u0131, toplumu kutupla\u015ft\u0131r\u0131c\u0131 bir siyaset ile ba\u015fkanl\u0131k sistemini in\u015fa etmek i\u00e7in bir f\u0131rsat olarak kullanmaya \u00e7al\u0131\u015fm\u0131\u015ft\u0131r. AKP, darbe giri\u015fimini yar\u0131m kalm\u0131\u015f operasyonlar\u0131n\u0131 tamamlamak i\u00e7in de bir bahaneye d\u00f6n\u00fc\u015ft\u00fcrm\u00fc\u015f durumdad\u0131r.<\/p>\n<p style=\"margin-bottom: 20px; margin-top: 0px; color: #3f3f3f; font-family: Exo; font-size: 14px; text-align: justify;\">15 Temmuz\u2019dan bu yana on binlerce kamu emek\u00e7isi ihra\u00e7 edilmi\u015ftir. Bunlardan 4.237\u2019si konfederasyonumuza ba\u011fl\u0131 sendikalar\u0131n \u00fcyesi olup y\u00fczlerce arkada\u015f\u0131m\u0131z a\u00e7\u0131\u011fa al\u0131nm\u0131\u015ft\u0131r.<\/p>\n<p style=\"margin-bottom: 20px; margin-top: 0px; color: #3f3f3f; font-family: Exo; font-size: 14px; text-align: justify;\">AKP, darbe giri\u015fiminden hemen sonra, 20 Temmuz 2016 tarihinde OHAL ilan edip sivil darbe ile Meclisi devre d\u0131\u015f\u0131 b\u0131rakarak \u00fclkeyi KHK\u2019lerle y\u00f6netmeye ba\u015flam\u0131\u015f, torba yasalar, genelgelerle her t\u00fcrl\u00fc demokratik hakk\u0131n kullan\u0131m\u0131n\u0131 ortadan kald\u0131rm\u0131\u015f, kendisine muhalif olarak g\u00f6rd\u00fc\u011f\u00fc t\u00fcm kesimlere kar\u015f\u0131 adeta sava\u015f ba\u015flatm\u0131\u015ft\u0131r.<\/p>\n<p style=\"margin-bottom: 20px; margin-top: 0px; color: #3f3f3f; font-family: Exo; font-size: 14px; text-align: justify;\">\u00d6ncesinde ve oy kullanma g\u00fcn\u00fc 24 Haziran\u2019da ya\u015fananlara bak\u0131ld\u0131\u011f\u0131nda AKP\u2019nin OHAL\u2019i ni\u00e7in kald\u0131rmad\u0131\u011f\u0131 bir kez daha g\u00f6r\u00fclm\u00fc\u015ft\u00fcr.<\/p>\n<p style=\"margin-bottom: 20px; margin-top: 0px; color: #3f3f3f; font-family: Exo; font-size: 14px; text-align: justify;\">24 Haziran se\u00e7imi s\u0131radan bir se\u00e7im olman\u0131n \u00f6tesinde, fiilen uygulanan tek adam rejimi kurumsalla\u015ft\u0131r\u0131lm\u0131\u015f, parlamenter rejimini sona erdirilmi\u015f, \u201cReis\u201de g\u00f6re uyarlanm\u0131\u015f, T\u00fcrkiye tipi ba\u015fkanl\u0131k rejimi y\u00fcr\u00fcrl\u00fc\u011fe sokulmu\u015ftur.<\/p>\n<p style=\"margin-bottom: 20px; margin-top: 0px; color: #3f3f3f; font-family: Exo; font-size: 14px; text-align: justify;\">Art\u0131k Meclis \u00fcyelerinden olu\u015fan ve se\u00e7imle gelen H\u00fck\u00fcmet de\u011fil, Ba\u015fkan\u0131n atad\u0131\u011f\u0131 ki\u015filerden olu\u015fan, bi\u00e7imsel de olsa g\u00fcven oylamas\u0131na dahi sunulmayan H\u00fck\u00fcmetlerle y\u00f6netilen bir \u00fclke ger\u00e7ekli\u011fi ile kar\u015f\u0131 kar\u015f\u0131yay\u0131z.<\/p>\n<p style=\"margin-bottom: 20px; margin-top: 0px; color: #3f3f3f; font-family: Exo; font-size: 14px; text-align: justify;\"><strong>Darbe Mekani\u011fi Devam Ediyor!<\/strong><\/p>\n<p style=\"margin-bottom: 20px; margin-top: 0px; color: #3f3f3f; font-family: Exo; font-size: 14px; text-align: justify;\">\u0130\u00e7te ve d\u0131\u015fta uygulad\u0131\u011f\u0131 sava\u015f politikalar\u0131 ile \u00fclkeyi tam bir cehenneme \u00e7eviren AKP iktidar\u0131, K\u00fcrt sorununun demokratik, bar\u0131\u015f\u00e7\u0131l ve diyalo\u011fa dayal\u0131 siyasal \u00e7\u00f6z\u00fcm\u00fc yerine bir kez daha silaha, \u00e7at\u0131\u015fmalara sar\u0131lm\u0131\u015ft\u0131r.<\/p>\n<p style=\"margin-bottom: 20px; margin-top: 0px; color: #3f3f3f; font-family: Exo; font-size: 14px; text-align: justify;\">12 Eyl\u00fcl fa\u015fist cuntas\u0131n\u0131n t\u00fcm hukuk-kurum ve yasalar\u0131 bug\u00fcn iktidardad\u0131r ve \u2018Demokles\u2019in K\u0131l\u0131c\u0131\u2019 gibi emek\u00e7i halklar\u0131n \u00fczerinde sallanmaya devam etmektedir. AKP+MHP ittifak\u0131n\u0131n anti-demokratik, tek\u00e7i, otoriter, fa\u015fizan ve emek kar\u015f\u0131t\u0131 uygulamalar\u0131 12 Eyl\u00fcl ve sonras\u0131 iktidarlar\u0131n devam\u0131 niteli\u011findedir.<\/p>\n<p style=\"margin-bottom: 20px; margin-top: 0px; color: #3f3f3f; font-family: Exo; font-size: 14px; text-align: justify;\">12 Eyl\u00fcl\u2019\u00fcn sadece anayasas\u0131 de\u011fil politikalar\u0131 da g\u00fcn\u00fcm\u00fczde uygulanmaktad\u0131r. OHAL\u2019in ad\u0131 de\u011fi\u015fse de t\u00fcm uygulamalar\u0131 kal\u0131c\u0131 hale getirilerek devam ettirilmektedir. Akademisyenlere ve \u00fcniversitelere y\u00f6nelik artan bask\u0131 ve davalar nedeniyle bir kez daha 12 Eyl\u00fcl\u2019de oldu\u011fu gibi yurt d\u0131\u015f\u0131na do\u011fru beyin g\u00f6\u00e7\u00fc ya\u015fanmaktad\u0131r.<\/p>\n<p style=\"margin-bottom: 20px; margin-top: 0px; color: #3f3f3f; font-family: Exo; font-size: 14px; text-align: justify;\">\u0130\u015f\u00e7ilerin ve emek\u00e7ilerin kendi kaderlerini belirleme haklar\u0131n\u0131 ellerinden alan, iradelerini yok sayan, kazan\u0131lm\u0131\u015f haklar\u0131n\u0131 gasp eden 12 Eyl\u00fcl zihniyeti bug\u00fcn AKP iktidar\u0131nda da i\u015f\u00e7ilerin ve emek\u00e7ilerin ya\u015famlar\u0131n\u0131 tek ba\u015f\u0131na belirlemek istemektedir.<\/p>\n<p style=\"margin-bottom: 20px; margin-top: 0px; color: #3f3f3f; font-family: Exo; font-size: 14px; text-align: justify;\">\u0130\u015f\u00e7ilerin ya\u015famlar\u0131n\u0131 bile de\u011fersiz g\u00f6ren \u00f6d\u00fcn\u00e7 i\u015f\u00e7ilik, kiral\u0131k i\u015f\u00e7i b\u00fcrolar\u0131, vb. Uygulamalar gibi 19.yy\u2019\u0131n k\u00f6lelik ko\u015fullar\u0131 bu h\u00fck\u00fcmlerden ald\u0131\u011f\u0131 mirasla bug\u00fcn ya\u015fam\u0131m\u0131za ta\u015f\u0131nmaktad\u0131r.<\/p>\n<p style=\"margin-bottom: 20px; margin-top: 0px; color: #3f3f3f; font-family: Exo; font-size: 14px; text-align: justify;\">Neo liberal politikalar\u0131n ka\u00e7\u0131n\u0131lmaz sonucu olarak ortaya \u00e7\u0131kan ekonomik krizin faturas\u0131 emek\u00e7ilere \u00e7\u0131kar\u0131lmak istenirken, sermayeye kriz ortam\u0131nda da yeni ayr\u0131cal\u0131klar tan\u0131nmakta, kamu kaynaklar\u0131 pe\u015fke\u015f \u00e7ekilmektedir.<\/p>\n<p style=\"margin-bottom: 20px; margin-top: 0px; color: #3f3f3f; font-family: Exo; font-size: 14px; text-align: justify;\">Bug\u00fcn, halk\u0131n b\u00fcy\u00fck \u00e7o\u011funlu\u011funun yoksulluk ve sefalet i\u00e7inde ya\u015fad\u0131\u011f\u0131, \u00f6zg\u00fcrl\u00fcklerinin k\u0131s\u0131tland\u0131\u011f\u0131, anayasa ve uluslararas\u0131 s\u00f6zle\u015fmelerden do\u011fan haklar\u0131n ask\u0131ya al\u0131nd\u0131\u011f\u0131, gen\u00e7lerin gelecek umutlar\u0131n\u0131n yok edildi\u011fi, kamu emek\u00e7ilerinin hukuksuz ve keyfi olarak a\u00e7\u0131\u011fa al\u0131n\u0131p, i\u015ften at\u0131ld\u0131\u011f\u0131, \u00fclkemizin siyasi, ekonomik ve askeri bak\u0131m\u0131ndan emperyalizme daha da ba\u011f\u0131ml\u0131 oldu\u011fu, gericili\u011fin toplumsal alan\u0131 ku\u015fatt\u0131\u011f\u0131 bir \u00fclkede ya\u015f\u0131yorsak, bu 12 Eyl\u00fcl ile birlikte kurulan ve bug\u00fcn AKP iktidar\u0131yla devam eden yeni s\u00f6m\u00fcr\u00fc d\u00fczeninin bir \u00a0sonucudur.<\/p>\n<p style=\"margin-bottom: 20px; margin-top: 0px; color: #3f3f3f; font-family: Exo; font-size: 14px; text-align: justify;\">12 Eyl\u00fcl ko\u015fullar\u0131n\u0131n devam etti\u011fi bir s\u00fcre\u00e7te, yasaklara ra\u011fmen fiilen kendi sendikalar\u0131n\u0131 kuran emek\u00e7iler, yeni rejimin bask\u0131lar\u0131na ve dayatmalar\u0131na teslim olmayacak, \u00fclkemizin ayd\u0131nl\u0131\u011f\u0131 ve \u00e7ocuklar\u0131m\u0131z\u0131n gelece\u011fi i\u00e7in e\u015fitlik, \u00f6zg\u00fcrl\u00fck, bar\u0131\u015f, demokrasi ve laiklik m\u00fccadelesini s\u00fcrd\u00fcrecektir.<\/p>\n<p style=\"margin-bottom: 20px; margin-top: 0px; color: #3f3f3f; font-family: Exo; font-size: 14px; text-align: justify;\">KESK olarak, 12 Eyl\u00fcl\u2019\u00fcn 38 y\u0131ld\u0131r s\u00fcrd\u00fcr\u00fclen karanl\u0131\u011f\u0131nda AKP darbesi ile \u015fiddetlenen t\u00fcm sald\u0131r\u0131lar\u0131 geriletmeye, bar\u0131\u015f\u0131 egemen k\u0131lmaya d\u00f6n\u00fck laik, demokratik bir \u00fclke temelinde halklar\u0131n \u00f6zg\u00fcrl\u00fc\u011f\u00fc ve e\u015fit yurtta\u015fl\u0131k talepleriyle, yeni bir demokratik anayasay\u0131 hayata ge\u00e7irinceye dek toplumsal muhalefetin t\u00fcm unsurlar\u0131yla birlikte ortak m\u00fccadeleyi esas almaya devam edece\u011fiz.<\/p>\n<p style=\"margin-bottom: 20px; margin-top: 0px; color: #3f3f3f; font-family: Exo; font-size: 14px; text-align: justify;\"><strong>KAHROLSUN 12 EYL\u00dcL FA\u015e\u0130ST DARBES\u0130!<\/strong><\/p>\n<p style=\"margin-bottom: 20px; margin-top: 0px; color: #3f3f3f; font-family: Exo; font-size: 14px; text-align: justify;\"><strong>FA\u015e\u0130ZME VE DARBELERE HAYIR!<\/strong><\/p>\n<p style=\"margin-bottom: 20px; margin-top: 0px; color: #3f3f3f; font-family: Exo; font-size: 14px; text-align: justify;\"><strong>YA\u015eASIN EMEK, DEMOKRAS\u0130 VE BARI\u015e M\u00dcCADELEM\u0130Z!<\/strong><\/p>\n<p style=\"margin-bottom: 20px; margin-top: 0px; color: #3f3f3f; font-family: Exo; font-size: 14px; text-align: justify;\"><strong>\u00a0KESKY\u00dcR\u00dcTME KURULU<\/strong><\/p>\n","protected":false},"excerpt":{"rendered":"<p>Sivil\/askeri t\u00fcm darbeciler karanl\u0131ktan, gericilikten, milliyet\u00e7ilik ve \u015fovenizmden beslenirler. Bar\u0131\u015f ve demokrasi havarisi kesilip darbe ger\u00e7ekle\u015ftirirler ancak k\u0131sa s\u00fcre i\u00e7erisinde bar\u0131\u015f ve demokrasi d\u00fc\u015fman\u0131 olup demokratik birikimleri bir bir ortadan kald\u0131r\u0131rlar. Toplumsal kutupla\u015fma ve yeni d\u00fc\u015fman odaklar yaratarak s\u00fcrekliliklerini sa\u011flamaya \u00e7al\u0131\u015f\u0131rlar. 12 Eyl\u00fcl bunun tipik bir \u00f6rne\u011fidir. Emperyalizmin ve sermayenin \u00e7\u0131karlar\u0131 do\u011frultusunda, finans kapitalin ve [&hellip;]<\/p>\n","protected":false},"author":1,"featured_media":11432,"comment_status":"open","ping_status":"open","sticky":true,"template":"","format":"standard","meta":[],"categories":[615],"tags":[],"_links":{"self":[{"href":"https:\/\/kultursanatsen.org.tr\/portal\/wp-json\/wp\/v2\/posts\/11431"}],"collection":[{"href":"https:\/\/kultursanatsen.org.tr\/portal\/wp-json\/wp\/v2\/posts"}],"about":[{"href":"https:\/\/kultursanatsen.org.tr\/portal\/wp-json\/wp\/v2\/types\/post"}],"author":[{"embeddable":true,"href":"https:\/\/kultursanatsen.org.tr\/portal\/wp-json\/wp\/v2\/users\/1"}],"replies":[{"embeddable":true,"href":"https:\/\/kultursanatsen.org.tr\/portal\/wp-json\/wp\/v2\/comments?post=11431"}],"version-history":[{"count":1,"href":"https:\/\/kultursanatsen.org.tr\/portal\/wp-json\/wp\/v2\/posts\/11431\/revisions"}],"predecessor-version":[{"id":12160,"href":"https:\/\/kultursanatsen.org.tr\/portal\/wp-json\/wp\/v2\/posts\/11431\/revisions\/12160"}],"wp:featuredmedia":[{"embeddable":true,"href":"https:\/\/kultursanatsen.org.tr\/portal\/wp-json\/wp\/v2\/media\/11432"}],"wp:attachment":[{"href":"https:\/\/kultursanatsen.org.tr\/portal\/wp-json\/wp\/v2\/media?parent=11431"}],"wp:term":[{"taxonomy":"category","embeddable":true,"href":"https:\/\/kultursanatsen.org.tr\/portal\/wp-json\/wp\/v2\/categories?post=11431"},{"taxonomy":"post_tag","embeddable":true,"href":"https:\/\/kultursanatsen.org.tr\/portal\/wp-json\/wp\/v2\/tags?post=11431"}],"curies":[{"name":"wp","href":"https:\/\/api.w.org\/{rel}","templated":true}]}}