{"id":11429,"date":"2018-09-04T11:49:31","date_gmt":"2018-09-04T11:49:31","guid":{"rendered":""},"modified":"2020-11-15T22:41:46","modified_gmt":"2020-11-15T22:41:46","slug":"ola-anustu-genel-kurul-ilani","status":"publish","type":"post","link":"https:\/\/kultursanatsen.org.tr\/portal\/2018\/09\/04\/ola-anustu-genel-kurul-ilani\/","title":{"rendered":"OLA\u011eAN\u00dcST\u00dc GENEL KURUL \u0130LAN\u0130"},"content":{"rendered":"<p>Sendika \u015eubemizin Ola\u011fan\u00fcst\u00fc Genel Kurulu 08.09.2018 tarihinde saat 11.00\u2019da H\u00fcseyin A\u011fa Mah. Dudu Odalar\u0131 Sok. Bedir Han No:1\/701\u00a0 Beyo\u011flu\/ \u0130stanbul adresindeki K\u00fclt\u00fcr Sanat- Sen \u0130stanbul B\u00f6lge \u015eube Salonu\u2019nda a\u015fa\u011f\u0131daki g\u00fcndemle yap\u0131lacakt\u0131r.<\/p>\n<p>Belirtilen g\u00fcn ve saatte \u00e7o\u011funluk sa\u011flanamazsa ikinci toplant\u0131 15.09.2018 tarihinde saat 11.00\u2019da Kemanke\u015f Mah. Kemanke\u015f Caddesi No:31 Karak\u00f6y Beyo\u011flu\/\u0130stanbul adresindeki TMMOB Mimarlar Odas\u0131 \u0130stanbul B\u00fcy\u00fckkent \u015eubesi\u2019nde a\u015fa\u011f\u0131daki g\u00fcndemle yap\u0131lacakt\u0131r. DUYURULUR<\/p>\n<p>G\u00dcNDEM<\/p>\n<p>1-Yoklama a\u00e7\u0131l\u0131\u015f ve sayg\u0131 duru\u015fu<\/p>\n<p>2-Divan se\u00e7imi<\/p>\n<p>3-A\u00e7\u0131l\u0131\u015f konu\u015fmas\u0131<\/p>\n<p>4-\u00c7al\u0131\u015fma ve denetleme kurulu raporlar\u0131n\u0131n sunumu<\/p>\n<p>5-\u00c7al\u0131\u015fma ve denetleme kurulu raporlar\u0131n\u0131n ibras\u0131<\/p>\n<p>6-Se\u00e7imler Y\u00f6netim Kurulu, Denetleme Kurulu, Disiplin Kurullar\u0131n\u0131n asil ve yedek \u00fcyelerinin se\u00e7imi<\/p>\n<p>7-Dilek ve temenniler<\/p>\n<p>8-Kapan\u0131\u015f<\/p>\n<p><span style=\"font-size: 12.16px;\">\u00a0<\/span><\/p>\n<p><span style=\"font-size: 12.16px;\">\u00a0<\/span><\/p>\n<p>K\u00dcLT\u00dcR SANAT-SEN \u0130STANBUL B\u00d6LGE \u015eUBES\u0130\u00a0<\/p>\n<p><span style=\"font-size: 12.16px;\">\u00a0<\/span><\/p>\n<p>\u00a0<\/p>\n","protected":false},"excerpt":{"rendered":"<p>Sendika \u015eubemizin Ola\u011fan\u00fcst\u00fc Genel Kurulu 08.09.2018 tarihinde saat 11.00\u2019da H\u00fcseyin A\u011fa Mah. Dudu Odalar\u0131 Sok. Bedir Han No:1\/701\u00a0 Beyo\u011flu\/ \u0130stanbul adresindeki K\u00fclt\u00fcr Sanat- Sen \u0130stanbul B\u00f6lge \u015eube Salonu\u2019nda a\u015fa\u011f\u0131daki g\u00fcndemle yap\u0131lacakt\u0131r. Belirtilen g\u00fcn ve saatte \u00e7o\u011funluk sa\u011flanamazsa ikinci toplant\u0131 15.09.2018 tarihinde saat 11.00\u2019da Kemanke\u015f Mah. Kemanke\u015f Caddesi No:31 Karak\u00f6y Beyo\u011flu\/\u0130stanbul adresindeki TMMOB Mimarlar Odas\u0131 \u0130stanbul [&hellip;]<\/p>\n","protected":false},"author":1,"featured_media":11430,"comment_status":"open","ping_status":"open","sticky":true,"template":"","format":"standard","meta":[],"categories":[618,614,472],"tags":[],"_links":{"self":[{"href":"https:\/\/kultursanatsen.org.tr\/portal\/wp-json\/wp\/v2\/posts\/11429"}],"collection":[{"href":"https:\/\/kultursanatsen.org.tr\/portal\/wp-json\/wp\/v2\/posts"}],"about":[{"href":"https:\/\/kultursanatsen.org.tr\/portal\/wp-json\/wp\/v2\/types\/post"}],"author":[{"embeddable":true,"href":"https:\/\/kultursanatsen.org.tr\/portal\/wp-json\/wp\/v2\/users\/1"}],"replies":[{"embeddable":true,"href":"https:\/\/kultursanatsen.org.tr\/portal\/wp-json\/wp\/v2\/comments?post=11429"}],"version-history":[{"count":1,"href":"https:\/\/kultursanatsen.org.tr\/portal\/wp-json\/wp\/v2\/posts\/11429\/revisions"}],"predecessor-version":[{"id":12444,"href":"https:\/\/kultursanatsen.org.tr\/portal\/wp-json\/wp\/v2\/posts\/11429\/revisions\/12444"}],"wp:featuredmedia":[{"embeddable":true,"href":"https:\/\/kultursanatsen.org.tr\/portal\/wp-json\/wp\/v2\/media\/11430"}],"wp:attachment":[{"href":"https:\/\/kultursanatsen.org.tr\/portal\/wp-json\/wp\/v2\/media?parent=11429"}],"wp:term":[{"taxonomy":"category","embeddable":true,"href":"https:\/\/kultursanatsen.org.tr\/portal\/wp-json\/wp\/v2\/categories?post=11429"},{"taxonomy":"post_tag","embeddable":true,"href":"https:\/\/kultursanatsen.org.tr\/portal\/wp-json\/wp\/v2\/tags?post=11429"}],"curies":[{"name":"wp","href":"https:\/\/api.w.org\/{rel}","templated":true}]}}