{"id":11421,"date":"2018-08-14T11:13:52","date_gmt":"2018-08-14T11:13:52","guid":{"rendered":""},"modified":"2020-11-15T22:35:16","modified_gmt":"2020-11-15T22:35:16","slug":"krizin-faturasini-krize-yol-acanlar-odemelidir","status":"publish","type":"post","link":"https:\/\/kultursanatsen.org.tr\/portal\/2018\/08\/14\/krizin-faturasini-krize-yol-acanlar-odemelidir\/","title":{"rendered":"KR\u0130Z\u0130N FATURASINI KR\u0130ZE YOL A\u00c7ANLAR \u00d6DEMEL\u0130D\u0130R!"},"content":{"rendered":"<p>AKP\u2019nin uygulad\u0131\u011f\u0131 kat\u0131ks\u0131z neoliberal politikalar\u0131n ka\u00e7\u0131n\u0131lmaz olarak geldi\u011fi nokta krizdir. Bug\u00fcn ya\u015fanmakta olan kriz, g\u00f6z g\u00f6re g\u00f6re, ba\u011f\u0131ra ba\u011f\u0131ra gelmi\u015ftir. G\u00f6r\u00fcnen y\u00fcz\u00fc tutuklu vatanda\u015flar\u0131 nedeniyle ABD ile restle\u015fme olsa da as\u0131l neden ranta dayal\u0131 ekonomik politikalar\u0131n t\u0131kanmas\u0131d\u0131r. \u201cEkonomik sava\u015f i\u00e7indeyiz\u201d diyerek 16 y\u0131ld\u0131r uygulanan sermayeye kaynak aktarmaya ve yat\u0131r\u0131ma d\u00f6n\u00fc\u015fmeyen, spek\u00fclatif b\u00fcy\u00fcmeye dayal\u0131 ekonomi politikalar\u0131n\u0131n yol a\u00e7t\u0131\u011f\u0131 krizin nedenini \u00e7arp\u0131tamazlar.<\/p>\n<p>ABD ile son bir-iki hafta i\u00e7inde ya\u015fanan ve ger\u00e7ek y\u00fcz\u00fcn\u00fcn tam bilinemedi\u011fi gerginlikten \u00e7ok \u00f6ncesinden, AKP ve iktidar orta\u011f\u0131 MHP d\u0131\u015f\u0131nda t\u00fcm kesimler taraf\u0131ndan bir ekonomik krizin, resesyonun geldi\u011fi y\u0131llard\u0131r s\u00f6ylenmekteydi.<\/p>\n<p>Yanda\u015f medya sa\u011f\u0131rlar\u0131, k\u00f6rleri oynasa da uzun s\u00fcredir pazarlar yang\u0131n yerine d\u00f6n\u00fc\u015ft\u00fc. Dolar bu kadar y\u00fckselmeden de patates, so\u011fan, domates ba\u015fta olmak \u00fczere temel g\u0131dalar\u0131n fiyatlar\u0131 cep yak\u0131yordu.<\/p>\n<p>Bu kriz, k\u00fcresel kapitalist bunal\u0131m\u0131n ve \u00fclkedeki siyasal rejim krizinin bile\u015fkesi olarak kar\u015f\u0131m\u0131za \u00e7\u0131km\u0131\u015ft\u0131r.<\/p>\n<p>24 Haziran se\u00e7imleri sonras\u0131nda; \u2018yeni rejimin ortaya \u00e7\u0131kard\u0131\u011f\u0131 belirsizlikler\u2019, \u201824 ay s\u00fcren OHAL hukuksuzlu\u011funun kal\u0131c\u0131la\u015fmas\u0131\u2019, \u2018kamu kurum ve hizmetlerinde liyakat ve kanunilik ilkesinin terk edilmesi\u2019, \u2018genel olarak hukuk devleti ilkesinin yayg\u0131n bir \u015fekilde ihlal edilmesi\u2019 gibi ko\u015fullarda iyice k\u0131r\u0131lgan hale gelen ekonomi beklenen krize girmi\u015ftir.<\/p>\n<p>460 Milyar dolara y\u00fckselen \u201cd\u00f6viz endeksli bor\u00e7lanma\u201d, son 15 y\u0131l\u0131n en y\u00fcksek ger\u00e7ekle\u015fmelerini ya\u015fayan ve % 60 oran\u0131nda sapma g\u00f6steren enflasyon \u2018hedefi\u2019, % 20\u2019nin \u00fczerine yerle\u015fen faiz ve enflasyon g\u00f6stergeleri, iki haneli i\u015fsizlik oran\u0131n\u0131n yeniden art\u0131\u015f e\u011filimine girmesi ekonomide ya\u015fanan yap\u0131sal krizin g\u00f6stergeleridir.<\/p>\n<p>24 Haziran se\u00e7imleri i\u00e7in AKP\u2019nin se\u00e7im ekonomisi uygulamalar\u0131, rekor d\u00fczeyde b\u00fct\u00e7e a\u00e7\u0131klar\u0131na neden olurken, \u00fcretim ve t\u00fcketimdeki d\u0131\u015fa ba\u011f\u0131ml\u0131l\u0131k ise d\u0131\u015f ticaret a\u00e7\u0131\u011f\u0131n\u0131n giderek b\u00fcy\u00fcmesine, rekor seviyelere ula\u015fmas\u0131na yol a\u00e7t\u0131.<\/p>\n<p>Ekonomiye duyulan g\u00fcvensizlik son bir haftadaki \u2018d\u00f6viz krizi\u2019 ile birlikte saman alevi gibi yay\u0131l\u0131yor. Bu yang\u0131n\u0131n alevi de saman\u0131 da AKP politikalar\u0131d\u0131r.<\/p>\n<p>AKP Genel Ba\u015fkan\u0131\u2019n\u0131n bir hafta \u00f6nce a\u00e7\u0131klad\u0131\u011f\u0131 \u201c100 g\u00fcnl\u00fck icraat metni\u201d ve Hazine ve Maliye Bakan\u0131\u2019n\u0131n 10 A\u011fustos 2018 tarihinde a\u00e7\u0131klad\u0131\u011f\u0131 \u201cYeni Ekonomi Modeli (YEM)\u201d ekonomik krize y\u00f6nelik bir \u00e7\u00f6z\u00fcm sunmamaktad\u0131r. Bu modelde bol laf, bol \u015fema d\u0131\u015f\u0131nda hi\u00e7bir yenilik yoktur. Yalan \u00fczerine kurulu bir modelden emek\u00e7ilere bir fayda gelmez. YEM\u2019in en b\u00fcy\u00fck yalan\u0131 \u201ckat\u0131l\u0131mc\u0131\u201d bir model oldu\u011fu iddias\u0131d\u0131r. G\u00fcnlerdir sermaye ile toplant\u0131 \u00fczerine toplant\u0131 yap\u0131lmas\u0131na ra\u011fmen bir kez olsun emek\u00e7ilere tek bir soru sorulmam\u0131\u015ft\u0131r. Bu model %1\u2019in modelidir, i\u00e7inde %99 yoktur.<\/p>\n<p>Emek\u00e7ilerin sorunlar\u0131na bir \u00e7\u00f6z\u00fcm i\u00e7ermeyen ve sermaye a\u00e7\u0131s\u0131ndan g\u00fcn\u00fc kurtarma amac\u0131nda olan iktidar\u0131n planlar\u0131n\u0131n ortalama \u00f6mr\u00fc bir haftay\u0131 ge\u00e7ememektedir.<\/p>\n<p>Se\u00e7imlerden sonra h\u0131zlanan ve son bir hafta i\u00e7erisinde \u015fok etkisi olu\u015fturan TL\u2019deki \u201cde\u011fersizle\u015fme\u201d; asl\u0131nda AKP iktidar\u0131 boyunca ya\u015fanan bir durumdur. Kamu emek\u00e7ileri, emekliler, asgari \u00fccretliler ve \u201ci\u015fsizler\u201d de\u011fersizle\u015fen TL ile \u00fccretlerini ald\u0131klar\u0131 i\u00e7in reel sat\u0131n alma g\u00fc\u00e7leri d\u00fczenli olarak azalm\u0131\u015ft\u0131r. Bu azal\u0131\u015f se\u00e7imlerden sonra ivme kazanm\u0131\u015ft\u0131r. \u00c7\u00fcnk\u00fc enflasyon verileri % 20 band\u0131na yerle\u015fme e\u011filimdedir.<\/p>\n<p>Dolar kuru 24 Haziran se\u00e7imleri sonras\u0131nda % 33 art\u0131\u015f g\u00f6stermi\u015ftir. Bu oran saat saat yukar\u0131 do\u011fru seyir izlemektedir.<\/p>\n<p>10 A\u011fustos Cuma g\u00fcn\u00fc ya\u015fanan \u201cTL de\u011fersizle\u015fmesi\u201d tek ba\u015f\u0131na % 20\u2019lere varm\u0131\u015ft\u0131r. 2018 y\u0131l\u0131 ba\u015f\u0131ndan bu yana T\u00fcrkiye\u2019nin kredi risk primi (CDS) 150\u2019den 440\u2019a kadar y\u00fckselmi\u015ftir. Bu y\u00fckseli\u015fin % 33\u2019\u00fc se\u00e7imlerin sonras\u0131ndad\u0131r. Yak\u0131n d\u00f6nem bor\u00e7lar\u0131n \u00e7evrilmesi sorununa i\u015faret eden bu veri krizin ne kadar kontrolden \u00e7\u0131kt\u0131\u011f\u0131n\u0131 da g\u00f6stermektedir.<\/p>\n<p>D\u00f6viz kurlar\u0131nda ya\u015fanan h\u0131zl\u0131 y\u00fckseli\u015f; d\u00f6vizle bor\u00e7lanm\u0131\u015f yurtta\u015flar\u0131, firmalar\u0131 ve kurum\/kurulu\u015flar\u0131 bor\u00e7 \u00e7evriminde krize sokmaktad\u0131r. \u0130\u015f\u00e7iler, kamu emek\u00e7ileri, emekliler ve i\u015fsizlere yans\u0131malar\u0131 ise \u00e7ok boyutlu olmaktad\u0131r. Tedbir al\u0131nmamas\u0131 halinde d\u00f6viz kurlar\u0131ndaki art\u0131\u015f\u0131n sonucunda bug\u00fcne kadar ger\u00e7ekle\u015fen enflasyon ve faiz art\u0131\u015flar\u0131nda ivmenin daha da h\u0131zlanmas\u0131 olas\u0131d\u0131r. Tarihte ve mevcut durumda \u00f6rnekleri ya\u015fanm\u0131\u015f hiper enflasyon durumuna gidi\u015f s\u00f6z konusudur.<\/p>\n<p>AKP iktidar\u0131n\u0131n y\u0131llard\u0131r \u201cenflasyon fark\u0131\u201d ad\u0131 alt\u0131nda \u201csabit \u00fccretlileri\u201d yanda\u015f sendikalar\u0131n i\u015fbirlik\u00e7ili\u011fi ile yoksulla\u015ft\u0131rd\u0131\u011f\u0131 bilinmektedir. Ya\u015fanan krizin etkisiyle \u201cdaha y\u00fcksek\u201d veya \u201chiper\u201d enflasyon durumunda bu yoksulla\u015ft\u0131rma e\u011filiminin h\u0131zlanaca\u011f\u0131 bilinmelidir. Enflasyon fark\u0131 almak reel zam almamakt\u0131r. Ayr\u0131ca enflasyon fark\u0131n\u0131n enflasyon ya\u015fanan d\u00f6nemde de\u011fil sonras\u0131nda verildi\u011fi g\u00f6r\u00fclmelidir. Yani enflasyonu pe\u015fin ya\u015fayan emek\u00e7iler \u201cfark\u0131n\u0131\u201d izleyen d\u00f6nemde geciken bir \u015fekilde almaktad\u0131r.<\/p>\n<p>Enflasyonun h\u0131zl\u0131 bir \u015fekilde y\u00fckselmesinin emek\u00e7ilere olumsuz etkileri sadece reel \u00fccret zamm\u0131 alamamalar\u0131 \u015feklinde olmamaktad\u0131r. Bu ana olumsuz etkiye ek olarak, gelirlerinin \u00f6nemli bir b\u00f6l\u00fcm\u00fcn\u00fc kira, g\u0131da ve ula\u015f\u0131m gibi kalemlere harcayan emek\u00e7iler daha da yoksulla\u015fmaktad\u0131r.<\/p>\n<p>Kamu emek\u00e7ilerinin y\u0131lba\u015f\u0131ndan bu yana d\u00f6viz kuru etkisiyle kay\u0131plar\u0131 Dolar baz\u0131nda % 18, Euro baz\u0131nda % 11 olarak ger\u00e7ekle\u015fmi\u015ftir. Emekliler i\u00e7in kay\u0131p Dolar baz\u0131nda % 37 iken, Euro baz\u0131nda ise % 32 oran\u0131ndad\u0131r. En b\u00fcy\u00fck kay\u0131p sabit \u00fccretli olan asgari \u00fccretlilerde ya\u015fanmaktad\u0131r. Temmuz ay\u0131nda ortaya \u00e7\u0131kan \u201cenflasyon a\u00e7\u0131\u011f\u0131\u201d nedeniyle asgari \u00fccretlilerin kayb\u0131 dolar baz\u0131nda % 42 ve Euro baz\u0131nda ise % 37\u2019dir.<\/p>\n<p>Emekliler ve asgari \u00fccretlilerdeki yoksulla\u015fma di\u011fer emek\u00e7i gruplar\u0131na g\u00f6re daha derindir. Gelir d\u00fczeyi d\u00fc\u015f\u00fckl\u00fc\u011f\u00fc yoksulla\u015fma oran\u0131n\u0131 artt\u0131rmaktad\u0131r.<\/p>\n<p>Siyasal iktidar halk\u0131n t\u00fcm\u00fcn\u00fc yoksulla\u015ft\u0131ran, gelir da\u011f\u0131l\u0131m\u0131nda adaletsizli\u011fi derinle\u015ftiren enflasyonu ve faizi artt\u0131ran politikalara derhal son vermelidir.<\/p>\n<p>16 y\u0131ld\u0131r kendi gemilerinde, \u201cgemiciklerinde\u201d sefa s\u00fcrenlerin \u015fimdi \u201cayn\u0131 gemideyiz\u201d demelerinin nedenini biliyoruz. Krizin faturas\u0131n\u0131 emek\u00e7ilere \u00f6detmek isteyen s\u00f6ylem ve giri\u015fimlere emek\u00e7ilerin karn\u0131 toktur.<\/p>\n<p>\u0130ktidar\u0131n \u015fu an i\u00e7ine girdi\u011fi krizi y\u00f6netebilmek i\u00e7in daha \u00e7ok otoriterle\u015fme tutumu krizi derinle\u015ftirmekten \u00f6te bir sonu\u00e7 do\u011furmaz.<\/p>\n<p>Hamasi nutuklara, \u201csava\u015f\u201d naralar\u0131na son verilmeli, \u2018d\u00f6viz krizinin\u2019 olumsuz etkileri nedeniyle ortaya \u00e7\u0131kan gelir kay\u0131plar\u0131n\u0131n azalt\u0131lmas\u0131 i\u00e7in acil bir eylem program\u0131 a\u00e7\u0131klanmal\u0131d\u0131r.<\/p>\n<p>Olas\u0131 i\u015ften atmalara kar\u015f\u0131 i\u015ften \u00e7\u0131karmalar\u0131n yasakland\u0131\u011f\u0131 ilan edilmelidir.<\/p>\n<p>T\u00fcrkiye\u2019deki ekonomik krizin hukuk ve demokrasi krizinden ba\u011f\u0131ms\u0131z olmad\u0131\u011f\u0131 g\u00f6r\u00fclmelidir. Tek adam rejimi s\u00fcrekli kriz hali demektir. Cumhuriyet rejimi demokratikle\u015fmedi\u011fi s\u00fcrece bir kriz bitse de yeni krizler ya\u015fanacakt\u0131r. Kapitalizmin kendisi krizlere gebedir ve nihai krizi \u00e7\u00f6k\u00fc\u015ft\u00fcr. Emek\u00e7iler \u00e7\u00f6k\u00fc\u015f\u00fcn alt\u0131nda kalmamak i\u00e7in s\u0131n\u0131fsal m\u00fccadeleyi y\u00fckseltecektir.<\/p>\n<p>Bu nedenle KESK olarak a\u015fa\u011f\u0131daki taleplerimizin acilen hayata ge\u00e7irilmesini talep etmekteyiz.<\/p>\n<p>\u00a0\u00a0\u00a0 \u0130\u00e7 ve d\u0131\u015f politikada \u00e7at\u0131\u015fma ve sava\u015f s\u00f6ylem\/prati\u011fi terk edilmeli ve bar\u0131\u015f politikas\u0131 savunulmal\u0131d\u0131r. Bar\u0131\u015f\u0131n refah ve huzur getirdi\u011fi, sava\u015f\u0131n y\u0131k\u0131m ve yoksulluk getirdi\u011fi g\u00f6r\u00fclmelidir. Sava\u015f sadece silah t\u00fcccarlar\u0131n\u0131n arzu edebilece\u011fi ve t\u00fcm halklara zarar\u0131 olan bir politik tercihtir. T\u00fcrkiye\u2019nin refah\u0131 bar\u0131\u015ftad\u0131r. Krizden \u00e7\u0131k\u0131\u015f bar\u0131\u015f\u0131n tesisiyle m\u00fcmk\u00fcnd\u00fcr.<br \/>\u00a0\u00a0\u00a0 Kamu kurumlar\u0131nda evrensel hukuk h\u00fck\u00fcmleri, anayasa ve yasalarla koruma alt\u0131nda olan haklara y\u00f6nelik sald\u0131r\u0131lar derhal durdurulmal\u0131d\u0131r. OHAL f\u0131rsat\u00e7\u0131l\u0131\u011f\u0131yla hukuksuzca ihra\u00e7 edilen kamu emek\u00e7ileri derhal i\u015flerine iade edilmeli, geriye d\u00f6n\u00fck t\u00fcm kay\u0131plar\u0131 kar\u015f\u0131lanmal\u0131d\u0131r.<br \/>\u00a0\u00a0\u00a0 Kamu hizmetlerinde, atama ve terfilerde, disiplin h\u00fck\u00fcmlerinin uygulanmas\u0131nda \u201cola\u011fan hukuka geri d\u00f6n\u00fclmelidir\u201d. OHAL rejimi ihra\u00e7lar\u0131, kayyumlar\u0131, medya gasplar\u0131 vb. t\u00fcm sonu\u00e7lar\u0131 ile ortadan kald\u0131r\u0131lmal\u0131d\u0131r. Yarg\u0131 ba\u011f\u0131ms\u0131zl\u0131\u011f\u0131 ve hukuk devleti ilkesi yeniden tesis edilmelidir.<br \/>\u00a0\u00a0\u00a0 2018 ve 2019 Y\u0131llar\u0131n\u0131 Kapsayan 4. D\u00f6nem Toplu S\u00f6zle\u015fmede, \u00fccret h\u00fck\u00fcmleri \u00f6nceki enflasyon ger\u00e7ekle\u015fmesi, yeni enflasyon hedefi ve son d\u00f6viz krizi nedeniyle ge\u00e7ersizle\u015fti\u011finden g\u00fcncel ve reel de\u011ferlere g\u00f6re yeniden d\u00fczenlenmelidir. Geriye d\u00f6n\u00fck kay\u0131plar kar\u015f\u0131lanmal\u0131, enflasyon hedefinin \u00fczerinde ger\u00e7ekle\u015fen enflasyon verileri dikkate al\u0131nmal\u0131, reel kay\u0131plar\u0131m\u0131z kar\u015f\u0131lanmal\u0131, b\u00fcy\u00fcmeden pay verilmelidir.<br \/>\u00a0\u00a0\u00a0 D\u00f6viz kuru etkisi nedeniyle benzin ve mazotta \u00d6TV \u00fczerinden uygulanan \u201czamlar\u0131n yans\u0131t\u0131lmamas\u0131\u201d uygulamas\u0131 \u00f6zellikle ila\u00e7 fiyatlar\u0131ndaki belirsizli\u011fin gittik\u00e7e artan d\u00fczeyde halk sa\u011fl\u0131n\u0131 tehdit eder d\u00fczeye geldi\u011fi g\u00f6zetilerek sa\u011fl\u0131k gibi alanlarda da uygulanmal\u0131d\u0131r.<br \/>\u00a0\u00a0\u00a0 Kamu kurum ve kurulu\u015flar\u0131nda liyakatsiz, yanda\u015f ve israfa yol a\u00e7an y\u00f6netim anlay\u0131\u015f\u0131 derhal terk edilmeli ve kanun d\u0131\u015f\u0131 harcamalar idarecilere r\u00fccu edilmelidir.<br \/>\u00a0\u00a0\u00a0 Varl\u0131k fonu, Kredi Garanti fonu, Savunma Sanayi Fonu gibi kamuoyu denetimi d\u0131\u015f\u0131na \u201cka\u00e7\u0131r\u0131lm\u0131\u015f\u201d uygulamalar sonland\u0131r\u0131lmal\u0131 ve derhal kamuoyu denetimine a\u00e7\u0131larak kamusal hizmet ve \u00fcretim amac\u0131yla kullan\u0131lmal\u0131d\u0131r. Varl\u0131k fonu ad\u0131 alt\u0131nda yap\u0131lan harcamalar sorumlulara r\u00fccu edilmeli ve ge\u00e7en s\u00fcre i\u00e7erisindeki faaliyet raporu kamuoyuna a\u00e7\u0131klanmal\u0131d\u0131r.<br \/>\u00a0\u00a0\u00a0 \u201cSaray\u201d rejimine y\u00f6nelik devasa b\u00fct\u00e7e, \u00f6rt\u00fcl\u00fc \u00f6denek ve kanun d\u0131\u015f\u0131 mali kaynak kullan\u0131m\u0131 derhal durdurulmal\u0131d\u0131r.<br \/>\u00a0\u00a0\u00a0 Kamudaki \u201cta\u015f\u0131t ve bina kiralama\u201d i\u015flemleri azalt\u0131lmal\u0131, var olanlar kamuoyu denetimine a\u00e7\u0131lmal\u0131d\u0131r.<br \/>\u00a0\u00a0\u00a0 \u0130\u015fsizlik sigortas\u0131 fonu sadece i\u015fsizlere verilmelidir. \u0130\u015fsizli\u011fin art\u0131\u015f\u0131 engellenmelidir.<br \/>\u00a0\u00a0\u00a0 Rant\u00e7\u0131 sermayeyi destekleyen \u201cyat\u0131r\u0131m ve istihdam\u0131 artt\u0131rmayan\u201d te\u015fvik sistemi la\u011fvedilmelidir. \u0130stihdam ve \u00fcretim art\u0131\u015f\u0131 sa\u011flayacak ad\u0131mlar at\u0131lmal\u0131d\u0131r.<br \/>\u00a0\u00a0\u00a0 Vergi sistemindeki adaletsiz b\u00f6l\u00fc\u015f\u00fcme son verilmeli ve dolayl\u0131 vergilerin pay\u0131 azalt\u0131lmal\u0131d\u0131r. Rant, faiz ve sermaye gelirleri vergilendirilmelidir.<\/p>\n<p>Ya\u015fanan krizin faturas\u0131n\u0131n emek\u00e7ilere, emeklilere ve i\u015fsizlere \u00e7\u0131kar\u0131lmas\u0131na izin vermeyece\u011fiz. Kemer s\u0131kma amac\u0131yla \u201cac\u0131 re\u00e7ete\u201d pe\u015finde olan iktidar cenah\u0131n\u0131 uyar\u0131yoruz. \u00c7\u00f6z\u00fcm ve re\u00e7ete aray\u0131\u015f\u0131nda iseniz emek\u00e7ilerin temel taleplerini dikkate al\u0131n.<\/p>\n<p>OHAL\u2019i a\u015fan rejiminizle hak arama m\u00fccadelemizi engelleyece\u011finizi san\u0131yorsan\u0131z yan\u0131l\u0131yorsunuz. Fiili ve me\u015fru m\u00fccadele i\u00e7inden gelen ve ayn\u0131 anlay\u0131\u015fla yoluna devam eden emek\u00e7iler faturay\u0131 krize yol a\u00e7anlar\u0131n \u00f6demesi i\u00e7in m\u00fccadelesini y\u00fckseltmekten geri durmayacakt\u0131r.<\/p>\n<p>T\u00fcm emek ve demokrasi g\u00fc\u00e7lerini krizi yaratanlar\u0131n krizin faturas\u0131n\u0131 emek\u00e7ilere, ezilenlere \u00e7\u0131kartma giri\u015fimlerine ve sald\u0131r\u0131lar\u0131na kar\u015f\u0131 h\u0131zla harekete ge\u00e7meye ve birlikte m\u00fccadeleye y\u00fcr\u00fctmeye \u00e7a\u011f\u0131r\u0131yoruz.<\/p>\n","protected":false},"excerpt":{"rendered":"<p>AKP\u2019nin uygulad\u0131\u011f\u0131 kat\u0131ks\u0131z neoliberal politikalar\u0131n ka\u00e7\u0131n\u0131lmaz olarak geldi\u011fi nokta krizdir. Bug\u00fcn ya\u015fanmakta olan kriz, g\u00f6z g\u00f6re g\u00f6re, ba\u011f\u0131ra ba\u011f\u0131ra gelmi\u015ftir. G\u00f6r\u00fcnen y\u00fcz\u00fc tutuklu vatanda\u015flar\u0131 nedeniyle ABD ile restle\u015fme olsa da as\u0131l neden ranta dayal\u0131 ekonomik politikalar\u0131n t\u0131kanmas\u0131d\u0131r. \u201cEkonomik sava\u015f i\u00e7indeyiz\u201d diyerek 16 y\u0131ld\u0131r uygulanan sermayeye kaynak aktarmaya ve yat\u0131r\u0131ma d\u00f6n\u00fc\u015fmeyen, spek\u00fclatif b\u00fcy\u00fcmeye dayal\u0131 ekonomi politikalar\u0131n\u0131n [&hellip;]<\/p>\n","protected":false},"author":1,"featured_media":11422,"comment_status":"open","ping_status":"open","sticky":true,"template":"","format":"standard","meta":[],"categories":[615],"tags":[],"_links":{"self":[{"href":"https:\/\/kultursanatsen.org.tr\/portal\/wp-json\/wp\/v2\/posts\/11421"}],"collection":[{"href":"https:\/\/kultursanatsen.org.tr\/portal\/wp-json\/wp\/v2\/posts"}],"about":[{"href":"https:\/\/kultursanatsen.org.tr\/portal\/wp-json\/wp\/v2\/types\/post"}],"author":[{"embeddable":true,"href":"https:\/\/kultursanatsen.org.tr\/portal\/wp-json\/wp\/v2\/users\/1"}],"replies":[{"embeddable":true,"href":"https:\/\/kultursanatsen.org.tr\/portal\/wp-json\/wp\/v2\/comments?post=11421"}],"version-history":[{"count":1,"href":"https:\/\/kultursanatsen.org.tr\/portal\/wp-json\/wp\/v2\/posts\/11421\/revisions"}],"predecessor-version":[{"id":12161,"href":"https:\/\/kultursanatsen.org.tr\/portal\/wp-json\/wp\/v2\/posts\/11421\/revisions\/12161"}],"wp:featuredmedia":[{"embeddable":true,"href":"https:\/\/kultursanatsen.org.tr\/portal\/wp-json\/wp\/v2\/media\/11422"}],"wp:attachment":[{"href":"https:\/\/kultursanatsen.org.tr\/portal\/wp-json\/wp\/v2\/media?parent=11421"}],"wp:term":[{"taxonomy":"category","embeddable":true,"href":"https:\/\/kultursanatsen.org.tr\/portal\/wp-json\/wp\/v2\/categories?post=11421"},{"taxonomy":"post_tag","embeddable":true,"href":"https:\/\/kultursanatsen.org.tr\/portal\/wp-json\/wp\/v2\/tags?post=11421"}],"curies":[{"name":"wp","href":"https:\/\/api.w.org\/{rel}","templated":true}]}}