{"id":11417,"date":"2018-08-03T22:43:59","date_gmt":"2018-08-03T22:43:59","guid":{"rendered":""},"modified":"2020-11-15T22:36:38","modified_gmt":"2020-11-15T22:36:38","slug":"kaza-de-il-kader-de-il-i-cinayeti","status":"publish","type":"post","link":"https:\/\/kultursanatsen.org.tr\/portal\/2018\/08\/03\/kaza-de-il-kader-de-il-i-cinayeti\/","title":{"rendered":"KAZA DE\u011e\u0130L, KADER DE\u011e\u0130L \u0130\u015e C\u0130NAYET\u0130"},"content":{"rendered":"<p style=\"text-align: justify;\"><span style=\"font-size: 12.16px;\">\u00a0 \u00a0 Sirkeci B\u00fcy\u00fck Postane binas\u0131 restorasyon \u00e7al\u0131\u015fmas\u0131nda y\u00fcklenicinin g\u00fcvenlik ihmalleri sebebiyle, gen\u00e7 restorat\u00f6r Dilek Dayar iskeleden d\u00fc\u015ferek hayat\u0131n\u0131 kaybetmi\u015ftir. \u0130\u015f cinayetlerinin \u015fimdiye dek bizim mesleki alan\u0131m\u0131zdan uzakta i\u015fleniyor olmas\u0131 s\u0131ran\u0131n bize gelmeyece\u011fi anlam\u0131n\u0131 ta\u015f\u0131m\u0131yor.<\/span><\/p>\n<p style=\"text-align: justify;\"><span style=\"font-size: 12.16px;\">\u00a0 \u00a0 \u00a0 \u00a0Sirkeci Postanesi\u2019nde ya\u015fanan i\u015f cinayetini UNUTMAYACA\u011eIZ VE UNUTTURMAYACA\u011eIZ. KESK K\u00fclt\u00fcr Sanat ve Turizm Emek\u00e7ileri Sendikas\u0131 olarak 5 A\u011fustos 2018, Pazar g\u00fcn\u00fc Saat 15 00 da protesto ve bas\u0131n a\u00e7\u0131klamas\u0131 i\u00e7in Sirkeci Postanesi \u00f6n\u00fcnde toplan\u0131yoruz.<\/span><\/p>\n","protected":false},"excerpt":{"rendered":"<p>\u00a0 \u00a0 Sirkeci B\u00fcy\u00fck Postane binas\u0131 restorasyon \u00e7al\u0131\u015fmas\u0131nda y\u00fcklenicinin g\u00fcvenlik ihmalleri sebebiyle, gen\u00e7 restorat\u00f6r Dilek Dayar iskeleden d\u00fc\u015ferek hayat\u0131n\u0131 kaybetmi\u015ftir. \u0130\u015f cinayetlerinin \u015fimdiye dek bizim mesleki alan\u0131m\u0131zdan uzakta i\u015fleniyor olmas\u0131 s\u0131ran\u0131n bize gelmeyece\u011fi anlam\u0131n\u0131 ta\u015f\u0131m\u0131yor. \u00a0 \u00a0 \u00a0 \u00a0Sirkeci Postanesi\u2019nde ya\u015fanan i\u015f cinayetini UNUTMAYACA\u011eIZ VE UNUTTURMAYACA\u011eIZ. KESK K\u00fclt\u00fcr Sanat ve Turizm Emek\u00e7ileri Sendikas\u0131 olarak 5 [&hellip;]<\/p>\n","protected":false},"author":1,"featured_media":11418,"comment_status":"open","ping_status":"open","sticky":true,"template":"","format":"standard","meta":[],"categories":[613,612],"tags":[],"_links":{"self":[{"href":"https:\/\/kultursanatsen.org.tr\/portal\/wp-json\/wp\/v2\/posts\/11417"}],"collection":[{"href":"https:\/\/kultursanatsen.org.tr\/portal\/wp-json\/wp\/v2\/posts"}],"about":[{"href":"https:\/\/kultursanatsen.org.tr\/portal\/wp-json\/wp\/v2\/types\/post"}],"author":[{"embeddable":true,"href":"https:\/\/kultursanatsen.org.tr\/portal\/wp-json\/wp\/v2\/users\/1"}],"replies":[{"embeddable":true,"href":"https:\/\/kultursanatsen.org.tr\/portal\/wp-json\/wp\/v2\/comments?post=11417"}],"version-history":[{"count":1,"href":"https:\/\/kultursanatsen.org.tr\/portal\/wp-json\/wp\/v2\/posts\/11417\/revisions"}],"predecessor-version":[{"id":12231,"href":"https:\/\/kultursanatsen.org.tr\/portal\/wp-json\/wp\/v2\/posts\/11417\/revisions\/12231"}],"wp:featuredmedia":[{"embeddable":true,"href":"https:\/\/kultursanatsen.org.tr\/portal\/wp-json\/wp\/v2\/media\/11418"}],"wp:attachment":[{"href":"https:\/\/kultursanatsen.org.tr\/portal\/wp-json\/wp\/v2\/media?parent=11417"}],"wp:term":[{"taxonomy":"category","embeddable":true,"href":"https:\/\/kultursanatsen.org.tr\/portal\/wp-json\/wp\/v2\/categories?post=11417"},{"taxonomy":"post_tag","embeddable":true,"href":"https:\/\/kultursanatsen.org.tr\/portal\/wp-json\/wp\/v2\/tags?post=11417"}],"curies":[{"name":"wp","href":"https:\/\/api.w.org\/{rel}","templated":true}]}}