{"id":11395,"date":"2018-06-06T09:51:22","date_gmt":"2018-06-06T09:51:22","guid":{"rendered":""},"modified":"2020-11-15T22:36:38","modified_gmt":"2020-11-15T22:36:38","slug":"emek-dunyasi-temsilcileri-ile-bulu-ma","status":"publish","type":"post","link":"https:\/\/kultursanatsen.org.tr\/portal\/2018\/06\/06\/emek-dunyasi-temsilcileri-ile-bulu-ma\/","title":{"rendered":"EMEK D\u00dcNYASI TEMS\u0130LC\u0130LER\u0130 \u0130LE BULU\u015eMA"},"content":{"rendered":"<p style=\"text-align: justify;\">\u00a0 \u00a0 \u00a0 \u00a0 Genel Ba\u015fkan\u0131m\u0131z Ferahi VARDAL,Genel Mali Sekreterimiz Ramazan \u00d6ZAK ve \u0130stanbul B\u00f6lge \u015eubesi \u00d6rg\u00fctlenme Sekreteri Ali ELEMAN, 5 Haziran 2018 Sal\u0131 G\u00fcn\u00fc saat 15:00&#8217;de \u015ei\u015fli Otelde ger\u00e7ekle\u015fen EMEK D\u00dcNYASI TEMS\u0130LC\u0130LER\u0130 \u0130LE BULU\u015eMADA toplant\u0131s\u0131na kat\u0131l\u0131mda bulunulup sendikam\u0131z\u0131 temsil etmi\u015flerdir.Toplant\u0131n\u0131n d\u00fczenleyicisi ana muhalefet partisi temsilcilerine K\u00fclt\u00fcr Sanat Hizmet kolu ile ilgili \u00e7\u00f6z\u00fcm \u00f6nerilerini i\u00e7eren dosyam\u0131z iletilmi\u015f ve ayr\u0131ca emek d\u00fcnyas\u0131n\u0131n di\u011fer temsilciler ile g\u00f6r\u00fc\u015f al\u0131\u015fveri\u015finde bulunulmu\u015ftur.<\/p>\n","protected":false},"excerpt":{"rendered":"<p>\u00a0 \u00a0 \u00a0 \u00a0 Genel Ba\u015fkan\u0131m\u0131z Ferahi VARDAL,Genel Mali Sekreterimiz Ramazan \u00d6ZAK ve \u0130stanbul B\u00f6lge \u015eubesi \u00d6rg\u00fctlenme Sekreteri Ali ELEMAN, 5 Haziran 2018 Sal\u0131 G\u00fcn\u00fc saat 15:00&#8217;de \u015ei\u015fli Otelde ger\u00e7ekle\u015fen EMEK D\u00dcNYASI TEMS\u0130LC\u0130LER\u0130 \u0130LE BULU\u015eMADA toplant\u0131s\u0131na kat\u0131l\u0131mda bulunulup sendikam\u0131z\u0131 temsil etmi\u015flerdir.Toplant\u0131n\u0131n d\u00fczenleyicisi ana muhalefet partisi temsilcilerine K\u00fclt\u00fcr Sanat Hizmet kolu ile ilgili \u00e7\u00f6z\u00fcm \u00f6nerilerini i\u00e7eren [&hellip;]<\/p>\n","protected":false},"author":1,"featured_media":11396,"comment_status":"open","ping_status":"open","sticky":true,"template":"","format":"standard","meta":[],"categories":[613,612],"tags":[],"_links":{"self":[{"href":"https:\/\/kultursanatsen.org.tr\/portal\/wp-json\/wp\/v2\/posts\/11395"}],"collection":[{"href":"https:\/\/kultursanatsen.org.tr\/portal\/wp-json\/wp\/v2\/posts"}],"about":[{"href":"https:\/\/kultursanatsen.org.tr\/portal\/wp-json\/wp\/v2\/types\/post"}],"author":[{"embeddable":true,"href":"https:\/\/kultursanatsen.org.tr\/portal\/wp-json\/wp\/v2\/users\/1"}],"replies":[{"embeddable":true,"href":"https:\/\/kultursanatsen.org.tr\/portal\/wp-json\/wp\/v2\/comments?post=11395"}],"version-history":[{"count":1,"href":"https:\/\/kultursanatsen.org.tr\/portal\/wp-json\/wp\/v2\/posts\/11395\/revisions"}],"predecessor-version":[{"id":12240,"href":"https:\/\/kultursanatsen.org.tr\/portal\/wp-json\/wp\/v2\/posts\/11395\/revisions\/12240"}],"wp:featuredmedia":[{"embeddable":true,"href":"https:\/\/kultursanatsen.org.tr\/portal\/wp-json\/wp\/v2\/media\/11396"}],"wp:attachment":[{"href":"https:\/\/kultursanatsen.org.tr\/portal\/wp-json\/wp\/v2\/media?parent=11395"}],"wp:term":[{"taxonomy":"category","embeddable":true,"href":"https:\/\/kultursanatsen.org.tr\/portal\/wp-json\/wp\/v2\/categories?post=11395"},{"taxonomy":"post_tag","embeddable":true,"href":"https:\/\/kultursanatsen.org.tr\/portal\/wp-json\/wp\/v2\/tags?post=11395"}],"curies":[{"name":"wp","href":"https:\/\/api.w.org\/{rel}","templated":true}]}}