{"id":11357,"date":"2017-05-02T08:05:00","date_gmt":"2017-05-02T08:05:00","guid":{"rendered":""},"modified":"2020-11-14T22:06:08","modified_gmt":"2020-11-14T22:06:08","slug":"aci-kaybimiz-d122","status":"publish","type":"post","link":"https:\/\/kultursanatsen.org.tr\/portal\/2017\/05\/02\/aci-kaybimiz-d122\/","title":{"rendered":"ACI KAYBIMIZ&#8230;"},"content":{"rendered":"<p>Or-an Sevgi Y\u0131l\u0131 Halk K\u00fct\u00fcphanesi&#8217;nde g\u00f6revli \u00fcyemiz Serkan MENEMEN&#8217;in babas\u0131 H\u00fcseyin MENEMEN vefat etmi\u015ftir. Bug\u00fcn \u00f6\u011fle namaz\u0131n\u0131 m\u00fcteakip K\u0131r\u0131kkale Derice il\u00e7esinde defnedilecektir. Arkada\u015f\u0131m\u0131z\u0131n \u00fcz\u00fcnt\u00fcs\u00fcn\u00fc payla\u015f\u0131yor; ailesi, yak\u0131nlar\u0131 ve sevenlerine ba\u015fsa\u011fl\u0131\u011f\u0131 diliyoruz.<\/p>\n","protected":false},"excerpt":{"rendered":"<p>Or-an Sevgi Y\u0131l\u0131 Halk K\u00fct\u00fcphanesi&#8217;nde g\u00f6revli \u00fcyemiz Serkan MENEMEN&#8217;in babas\u0131 H\u00fcseyin MENEMEN vefat etmi\u015ftir. Bug\u00fcn \u00f6\u011fle namaz\u0131n\u0131 m\u00fcteakip K\u0131r\u0131kkale Derice il\u00e7esinde defnedilecektir. Arkada\u015f\u0131m\u0131z\u0131n \u00fcz\u00fcnt\u00fcs\u00fcn\u00fc payla\u015f\u0131yor; ailesi, yak\u0131nlar\u0131 ve sevenlerine ba\u015fsa\u011fl\u0131\u011f\u0131 diliyoruz.<\/p>\n","protected":false},"author":1,"featured_media":0,"comment_status":"open","ping_status":"open","sticky":false,"template":"","format":"standard","meta":[],"categories":[26,612],"tags":[],"_links":{"self":[{"href":"https:\/\/kultursanatsen.org.tr\/portal\/wp-json\/wp\/v2\/posts\/11357"}],"collection":[{"href":"https:\/\/kultursanatsen.org.tr\/portal\/wp-json\/wp\/v2\/posts"}],"about":[{"href":"https:\/\/kultursanatsen.org.tr\/portal\/wp-json\/wp\/v2\/types\/post"}],"author":[{"embeddable":true,"href":"https:\/\/kultursanatsen.org.tr\/portal\/wp-json\/wp\/v2\/users\/1"}],"replies":[{"embeddable":true,"href":"https:\/\/kultursanatsen.org.tr\/portal\/wp-json\/wp\/v2\/comments?post=11357"}],"version-history":[{"count":1,"href":"https:\/\/kultursanatsen.org.tr\/portal\/wp-json\/wp\/v2\/posts\/11357\/revisions"}],"predecessor-version":[{"id":11899,"href":"https:\/\/kultursanatsen.org.tr\/portal\/wp-json\/wp\/v2\/posts\/11357\/revisions\/11899"}],"wp:attachment":[{"href":"https:\/\/kultursanatsen.org.tr\/portal\/wp-json\/wp\/v2\/media?parent=11357"}],"wp:term":[{"taxonomy":"category","embeddable":true,"href":"https:\/\/kultursanatsen.org.tr\/portal\/wp-json\/wp\/v2\/categories?post=11357"},{"taxonomy":"post_tag","embeddable":true,"href":"https:\/\/kultursanatsen.org.tr\/portal\/wp-json\/wp\/v2\/tags?post=11357"}],"curies":[{"name":"wp","href":"https:\/\/api.w.org\/{rel}","templated":true}]}}