{"id":11308,"date":"2017-02-09T19:33:36","date_gmt":"2017-02-09T19:33:36","guid":{"rendered":""},"modified":"2020-11-15T22:36:40","modified_gmt":"2020-11-15T22:36:40","slug":"bilimkultur-ve-sanat-du-manlarinin-saldiri-ve-kiyimlarina-direnece-iz","status":"publish","type":"post","link":"https:\/\/kultursanatsen.org.tr\/portal\/2017\/02\/09\/bilimkultur-ve-sanat-du-manlarinin-saldiri-ve-kiyimlarina-direnece-iz\/","title":{"rendered":"B\u0130L\u0130M,K\u00dcLT\u00dcR VE SANAT D\u00dc\u015eMANLARININ SALDIRI VE KIYIMLARINA D\u0130RENECE\u011e\u0130Z!"},"content":{"rendered":"<p style=\"color: #000000; font-family: 'Times New Roman'; font-size: medium;\">15 Temmuz darbe giri\u015fimi sonras\u0131nda ba\u015flat\u0131lan ve darbecilere y\u00f6nelik oldu\u011fu iddia edilen soru\u015fturmalar, OHAL KHK\u2019lar\u0131 dayanak yap\u0131larak kamuda ger\u00e7ekle\u015ftirilen ihra\u00e7lar, siyasi iktidar\u0131n elinde son derece tehlikeli bir silaha d\u00f6n\u00fc\u015fm\u00fc\u015ft\u00fcr.<\/p>\n<p style=\"color: #000000; font-family: 'Times New Roman'; font-size: medium;\">7 \u015eubat ak\u015fam\u0131 yay\u0131nlanan 686 say\u0131l\u0131 KHK ile aralar\u0131nda Faz\u0131l Say ve Genco Erkal ile birlikte N\u00e2z\u0131m Oratoryosu\u2019nu ger\u00e7ekle\u015ftiren Orkestra \u015eefi \u0130brahim Yaz\u0131c\u0131 ile ayn\u0131 ekipte yer alan Bursa B\u00f6lge Devlet Senfoni Orkestras\u0131 Keman Sanat\u00e7\u0131s\u0131 Filiz \u00d6zsoy\u2019un da yer ald\u0131\u011f\u0131 4 bin 464 ki\u015fi kamu g\u00f6revinden ihra\u00e7 edilmi\u015ftir.<\/p>\n<p style=\"color: #000000; font-family: 'Times New Roman'; font-size: medium;\">T\u00dcSAK yasa tasar\u0131s\u0131 tasla\u011f\u0131yla yap\u0131lmak istenen KHK ile ger\u00e7ekle\u015ftirilmi\u015f, sanat kurumlar\u0131n\u0131n tasfiyesi ve sanat emek\u00e7ilerinin yeti\u015ftirildi\u011fi konservatuarlar, tiyatro b\u00f6l\u00fcmlerinin gelece\u011fi karart\u0131lm\u0131\u015ft\u0131r. Tarihe kara bir leke olarak ge\u00e7en bu kararname ile DTCF tiyatro b\u00f6l\u00fcm\u00fc \u00f6\u011fretim \u00fcyelerini i\u015ften atarak tiyatro e\u011fitimi veren okulumuz fiilen kapat\u0131lm\u0131\u015ft\u0131r.<\/p>\n<p style=\"color: #000000; font-family: 'Times New Roman'; font-size: medium;\">OHAL dayanak yap\u0131larak \u00e7\u0131kar\u0131lan ve hukuki birer metin olmaktan \u00e7ok iktidar\u0131n \u2018siyasi k\u0131y\u0131m\u2019 arac\u0131 haline getirilen KHK\u2019lar ile ba\u015fta Anayasa olmak \u00fczere, uluslararas\u0131 hukukun en temel ilkeleri ayaklar alt\u0131na al\u0131narak yap\u0131lan ihra\u00e7lar iktidar\u0131n bilime, k\u00fclt\u00fcr ve sanata y\u00f6nelik olarak s\u00fcrd\u00fcrd\u00fc\u011f\u00fc d\u00fc\u015fmanl\u0131\u011f\u0131n ve intikam duygusunun belirleyici oldu\u011fu a\u00e7\u0131kt\u0131r.<\/p>\n<p style=\"color: #000000; font-family: 'Times New Roman'; font-size: medium;\">Kamuda ya\u015fanan ihra\u00e7lar\u0131n niteli\u011fine, ihra\u00e7 edilenlere \u201csavunma hakk\u0131\u201d bile tan\u0131nmamas\u0131na bak\u0131ld\u0131\u011f\u0131nda \u201cdarbecilerle m\u00fccadele\u201d s\u00f6ylemi bahanesiyle siyasi iktidar ve yanda\u015f sendika kadrolar\u0131n\u0131n merkezinde yer ald\u0131\u011f\u0131 a\u00e7\u0131k bir \u2018sivil darbe\u2019 ya\u015fand\u0131\u011f\u0131 anla\u015f\u0131lmaktad\u0131r.<\/p>\n<p style=\"color: #000000; font-family: 'Times New Roman'; font-size: medium;\">Aylard\u0131r OHAL\u2019i kendi hukuksuzluklar\u0131na kalkan yapanlar, \u00fclkeyi kendi siyasal-ideolojik hedefleri do\u011frultusunda yeniden in\u015fa etme s\u00fcrecinde kar\u015f\u0131lar\u0131nda duracak hi\u00e7bir muhalif ve \u00f6rg\u00fctl\u00fc g\u00fc\u00e7 istememektedir.<\/p>\n<p style=\"color: #000000; font-family: 'Times New Roman'; font-size: medium;\">\u0130ktidar, darbeyle alakas\u0131 olmayan ama k\u00fclt\u00fcr ve sanat alan\u0131nda y\u0131llard\u0131r uygulad\u0131\u011f\u0131 bask\u0131 ve m\u00fcdahalelere kar\u015f\u0131 \u00e7\u0131kan, tepki g\u00f6steren t\u00fcm sanat\u00e7\u0131lar\u0131 d\u00fc\u015fman olarak g\u00f6ndermekte, ihra\u00e7lar, a\u00e7\u0131\u011fa almalar ve soru\u015fturmalarla sanat\u0131n sesini k\u0131sabilece\u011fini sanmaktad\u0131r. K\u00fclt\u00fcr ve sanat\u0131n bask\u0131 alt\u0131na al\u0131nd\u0131\u011f\u0131, sanat\u00e7\u0131lar\u0131n siyasal tasfiyelerle kar\u015f\u0131 kar\u015f\u0131ya oldu\u011fu bir \u00fclkenin halka, topluma sunabilece\u011fi hi\u00e7bir \u015fey olmayaca\u011f\u0131n\u0131 unutmamak gerekmektedir.<\/p>\n<p style=\"color: #000000; font-family: 'Times New Roman'; font-size: medium;\">Ulusal ve uluslararas\u0131 hukuku \u00e7i\u011fneyerek yap\u0131lan ihra\u00e7lar\u0131 ger\u00e7ekle\u015ftirenlerin 15 Temmuz\u2019da darbe giri\u015fiminde bulunanlardan hi\u00e7bir fark\u0131 yoktur. Bunun en somut ispat\u0131, 15 Temmuzda ba\u015far\u0131s\u0131z olan darbe giri\u015fiminin ba\u015far\u0131l\u0131 olmas\u0131 halinde ya\u015fanacak olan her \u015feyin, ge\u00e7ti\u011fimiz s\u00fcre\u00e7te bizzat iktidar eliyle hayata ge\u00e7irilmesidir.<\/p>\n<p style=\"color: #000000; font-family: 'Times New Roman'; font-size: medium;\">15 Temmuz\u2019dan bug\u00fcne kadar T\u00fcrkiye\u2019de ya\u015fanan geli\u015fmeler, kimlerin ger\u00e7ek anlamda darbeye kar\u015f\u0131 oldu\u011fu, kimlerin darbeci zihniyetle ayn\u0131 \u00e7izgide oldu\u011funu g\u00f6stermi\u015ftir. H\u00fck\u00fcmet, kamu emek\u00e7ileri ile u\u011fra\u015faca\u011f\u0131na, y\u0131llard\u0131r i\u00e7inde bar\u0131nd\u0131rd\u0131\u011f\u0131, darbecilere ekonomik ve siyasi destek verenlerle m\u00fccadele etmelidir.<\/p>\n<p style=\"color: #000000; font-family: 'Times New Roman'; font-size: medium;\">H\u00fck\u00fcmetin ve kamu y\u00f6neticilerinin kendilerini yarg\u0131n\u0131n yerine koyarak \u2018yarg\u0131s\u0131z infaz\u2019 yapmalar\u0131 sonucunda kamu g\u00f6revinden ihra\u00e7 edilen ve a\u00e7\u0131\u011fa al\u0131nanlarla birlikte do\u011frudan ya da dolayl\u0131 olarak ma\u011fdur olanlar\u0131n say\u0131s\u0131 2 milyona yakla\u015fm\u0131\u015ft\u0131r. Haks\u0131z ve hukuksuz \u015fekilde ihra\u00e7 edilen t\u00fcm kamu g\u00f6revlileri g\u00f6revlerine derhal iade edilmeli, aylard\u0131r ya\u015fanan hukuksuzlu\u011fa ve hak gasplar\u0131na son verilmelidir.<\/p>\n<p style=\"color: #000000; font-family: 'Times New Roman'; font-size: medium;\">Nereden ya da kimden gelirse gelsin, do\u011frudan ya\u015fam\u0131m\u0131z\u0131, k\u00fclt\u00fcr ve sanat\u0131 hedef alan, her t\u00fcrl\u00fc yasa d\u0131\u015f\u0131 giri\u015fim ve sald\u0131r\u0131n\u0131n kar\u015f\u0131s\u0131nda hukuksal ve \u00f6rg\u00fctl\u00fc m\u00fccadeleden vazge\u00e7meyece\u011fimiz bilinmelidir.<\/p>\n","protected":false},"excerpt":{"rendered":"<p>15 Temmuz darbe giri\u015fimi sonras\u0131nda ba\u015flat\u0131lan ve darbecilere y\u00f6nelik oldu\u011fu iddia edilen soru\u015fturmalar, OHAL KHK\u2019lar\u0131 dayanak yap\u0131larak kamuda ger\u00e7ekle\u015ftirilen ihra\u00e7lar, siyasi iktidar\u0131n elinde son derece tehlikeli bir silaha d\u00f6n\u00fc\u015fm\u00fc\u015ft\u00fcr. 7 \u015eubat ak\u015fam\u0131 yay\u0131nlanan 686 say\u0131l\u0131 KHK ile aralar\u0131nda Faz\u0131l Say ve Genco Erkal ile birlikte N\u00e2z\u0131m Oratoryosu\u2019nu ger\u00e7ekle\u015ftiren Orkestra \u015eefi \u0130brahim Yaz\u0131c\u0131 ile ayn\u0131 ekipte [&hellip;]<\/p>\n","protected":false},"author":1,"featured_media":11309,"comment_status":"open","ping_status":"open","sticky":false,"template":"","format":"standard","meta":[],"categories":[613,612],"tags":[],"_links":{"self":[{"href":"https:\/\/kultursanatsen.org.tr\/portal\/wp-json\/wp\/v2\/posts\/11308"}],"collection":[{"href":"https:\/\/kultursanatsen.org.tr\/portal\/wp-json\/wp\/v2\/posts"}],"about":[{"href":"https:\/\/kultursanatsen.org.tr\/portal\/wp-json\/wp\/v2\/types\/post"}],"author":[{"embeddable":true,"href":"https:\/\/kultursanatsen.org.tr\/portal\/wp-json\/wp\/v2\/users\/1"}],"replies":[{"embeddable":true,"href":"https:\/\/kultursanatsen.org.tr\/portal\/wp-json\/wp\/v2\/comments?post=11308"}],"version-history":[{"count":1,"href":"https:\/\/kultursanatsen.org.tr\/portal\/wp-json\/wp\/v2\/posts\/11308\/revisions"}],"predecessor-version":[{"id":12265,"href":"https:\/\/kultursanatsen.org.tr\/portal\/wp-json\/wp\/v2\/posts\/11308\/revisions\/12265"}],"wp:featuredmedia":[{"embeddable":true,"href":"https:\/\/kultursanatsen.org.tr\/portal\/wp-json\/wp\/v2\/media\/11309"}],"wp:attachment":[{"href":"https:\/\/kultursanatsen.org.tr\/portal\/wp-json\/wp\/v2\/media?parent=11308"}],"wp:term":[{"taxonomy":"category","embeddable":true,"href":"https:\/\/kultursanatsen.org.tr\/portal\/wp-json\/wp\/v2\/categories?post=11308"},{"taxonomy":"post_tag","embeddable":true,"href":"https:\/\/kultursanatsen.org.tr\/portal\/wp-json\/wp\/v2\/tags?post=11308"}],"curies":[{"name":"wp","href":"https:\/\/api.w.org\/{rel}","templated":true}]}}