{"id":11291,"date":"2017-01-03T12:46:14","date_gmt":"2017-01-03T12:46:14","guid":{"rendered":""},"modified":"2020-11-15T22:36:40","modified_gmt":"2020-11-15T22:36:40","slug":"tum-memur-ve-memur-emeklisine-kotu-haber","status":"publish","type":"post","link":"https:\/\/kultursanatsen.org.tr\/portal\/2017\/01\/03\/tum-memur-ve-memur-emeklisine-kotu-haber\/","title":{"rendered":"MEMUR ve MEMUR EMEKL\u0130S\u0130NE K\u00d6T\u00dc HABER"},"content":{"rendered":"<p style=\"margin: 0cm 0cm 31.3pt; line-height: 25.05pt; text-align: left;\"><span style=\"line-height: 33.4px;\">Memurlar 2017&#8217;de enflasyon fark\u0131 alabilecek mi sorusunun yan\u0131t\u0131 2016 enflasyon oran\u0131n\u0131n a\u00e7\u0131klanmas\u0131yla netle\u015fti. 2017&#8217;de memurlara enflasyon fark\u0131 yok.<\/span><\/p>\n<p style=\"margin: 0cm 0cm 31.3pt; line-height: 25.05pt; text-align: left;\"><span style=\"line-height: 33.4px;\">Memurlara enflasyon fark\u0131 zamm\u0131 \u00f6demesi yok. 2016 enflasyon oranlar\u0131 a\u00e7\u0131kland\u0131. 2016&#8217;da T\u00dcFE y\u00fczde 8,53, \u00dcFE&#8217;de ise art\u0131\u015f y\u00fczde 9,94 oldu. A\u00e7\u0131klanan enflasyon rakamlar\u0131na g\u00f6re, son 6 ayl\u0131k enflasyondaki art\u0131\u015f y\u00fczde 5\u2019in alt\u0131nda kald\u0131\u011f\u0131 i\u00e7in memur ve memur emeklileri enflasyon fark\u0131 zamm\u0131 alamayacak.<\/span><\/p>\n<p style=\"margin: 0cm 0cm 31.3pt; line-height: 25.05pt; text-align: left;\"><span style=\"line-height: 33.4px;\">MEMUR-SEN&#8217;in H\u00fckumetle yapm\u0131\u015f oldu\u011fu Toplu s\u00f6zle\u015fme h\u00fckm\u00fcne g\u00f6re, Aral\u0131k 2016 ile Haziran 2016 aras\u0131ndaki enflasyon oran\u0131n\u0131n y\u00fczde 5&#8217;i a\u015fmas\u0131 durumunda, memurlar a\u015fan nispette, y\u0131l\u0131n 1. yar\u0131s\u0131 i\u00e7in enflasyon fark\u0131 alabiliyorlar.<\/span><\/p>\n<p style=\"margin: 0cm 0cm 31.3pt; line-height: 25.05pt; text-align: left;\"><span style=\"line-height: 33.4px;\">2016 y\u0131l\u0131 Haziran ay\u0131 endeksini 100 olarak kabul edersek; Temmuz&#8217;da bu endeks y\u00fczde 1,16 artm\u0131\u015f, A\u011fustos&#8217;ta y\u00fczde 0,29 d\u00fc\u015fm\u00fc\u015f, Eyl\u00fcl&#8217;de y\u00fczde 0.18 artm\u0131\u015f, Ekim&#8217;de y\u00fczde 1,44 artm\u0131\u015f, Kas\u0131m&#8217;da y\u00fczde 0,52 artm\u0131\u015f, Aral\u0131k&#8217;ta ise y\u00fczde 1,64 artt\u0131.<\/span><\/p>\n<p style=\"margin: 0cm 0cm 31.3pt; line-height: 25.05pt; text-align: left;\"><span style=\"line-height: 33.4px;\">T\u00dc\u0130K&#8217;in bug\u00fcn a\u00e7\u0131klad\u0131\u011f\u0131 rakamlara g\u00f6re, y\u0131l\u0131n ikinci yar\u0131s\u0131n\u0131n ilk be\u015f ay\u0131ndaki (Temmuz, A\u011fustos, Eyl\u00fcl, Ekim, Kas\u0131m, Aral\u0131k) enflasyon oran\u0131 y\u00fczde 4,94 olmu\u015ftur. Aral\u0131k ay\u0131 verileriyle birlikte alt\u0131 ayl\u0131k enflasyon y\u00fczde 5&#8217;i a\u015fmad\u0131. Bu durumda memurlar i\u00e7in enflasyon zamm\u0131 olu\u015fmad\u0131.<\/span><\/p>\n<p style=\"margin: 0cm 0cm 31.3pt; line-height: 25.05pt; text-align: left;\"><span style=\"line-height: 33.4px;\">\u00a0<\/span><span style=\"line-height: 33.4px;\"><strong>Emeklilerin maa\u015flar\u0131\u00a0<\/strong><\/span><span style=\"line-height: 33.4px;\">Bu arada, memur emeklileri de maa\u015flar\u0131n\u0131 toplu s\u00f6zle\u015fme gere\u011fi y\u00fczde 3 zaml\u0131 alacak. SSK ve Ba\u011f-Kur emekliler ise maa\u015flar\u0131n\u0131 ge\u00e7en y\u0131l\u0131n son 6 ayl\u0131k enflasyonu olan y\u00fczde 4,73 zaml\u0131 alacak.Devlet memurlar\u0131 ve s\u00f6zle\u015fmeliler, zaml\u0131 maa\u015flar\u0131n\u0131 15 Ocak&#8217;ta alacak.<\/span><\/p>\n<p style=\"margin: 0cm 0cm 31.3pt; line-height: 25.05pt; text-align: left;\">\u00a0<\/p>\n","protected":false},"excerpt":{"rendered":"<p>Memurlar 2017&#8217;de enflasyon fark\u0131 alabilecek mi sorusunun yan\u0131t\u0131 2016 enflasyon oran\u0131n\u0131n a\u00e7\u0131klanmas\u0131yla netle\u015fti. 2017&#8217;de memurlara enflasyon fark\u0131 yok. Memurlara enflasyon fark\u0131 zamm\u0131 \u00f6demesi yok. 2016 enflasyon oranlar\u0131 a\u00e7\u0131kland\u0131. 2016&#8217;da T\u00dcFE y\u00fczde 8,53, \u00dcFE&#8217;de ise art\u0131\u015f y\u00fczde 9,94 oldu. A\u00e7\u0131klanan enflasyon rakamlar\u0131na g\u00f6re, son 6 ayl\u0131k enflasyondaki art\u0131\u015f y\u00fczde 5\u2019in alt\u0131nda kald\u0131\u011f\u0131 i\u00e7in memur ve memur [&hellip;]<\/p>\n","protected":false},"author":1,"featured_media":11292,"comment_status":"open","ping_status":"open","sticky":true,"template":"","format":"standard","meta":[],"categories":[613,612],"tags":[586,585,121],"_links":{"self":[{"href":"https:\/\/kultursanatsen.org.tr\/portal\/wp-json\/wp\/v2\/posts\/11291"}],"collection":[{"href":"https:\/\/kultursanatsen.org.tr\/portal\/wp-json\/wp\/v2\/posts"}],"about":[{"href":"https:\/\/kultursanatsen.org.tr\/portal\/wp-json\/wp\/v2\/types\/post"}],"author":[{"embeddable":true,"href":"https:\/\/kultursanatsen.org.tr\/portal\/wp-json\/wp\/v2\/users\/1"}],"replies":[{"embeddable":true,"href":"https:\/\/kultursanatsen.org.tr\/portal\/wp-json\/wp\/v2\/comments?post=11291"}],"version-history":[{"count":1,"href":"https:\/\/kultursanatsen.org.tr\/portal\/wp-json\/wp\/v2\/posts\/11291\/revisions"}],"predecessor-version":[{"id":12269,"href":"https:\/\/kultursanatsen.org.tr\/portal\/wp-json\/wp\/v2\/posts\/11291\/revisions\/12269"}],"wp:featuredmedia":[{"embeddable":true,"href":"https:\/\/kultursanatsen.org.tr\/portal\/wp-json\/wp\/v2\/media\/11292"}],"wp:attachment":[{"href":"https:\/\/kultursanatsen.org.tr\/portal\/wp-json\/wp\/v2\/media?parent=11291"}],"wp:term":[{"taxonomy":"category","embeddable":true,"href":"https:\/\/kultursanatsen.org.tr\/portal\/wp-json\/wp\/v2\/categories?post=11291"},{"taxonomy":"post_tag","embeddable":true,"href":"https:\/\/kultursanatsen.org.tr\/portal\/wp-json\/wp\/v2\/tags?post=11291"}],"curies":[{"name":"wp","href":"https:\/\/api.w.org\/{rel}","templated":true}]}}