{"id":11270,"date":"2016-12-16T09:32:36","date_gmt":"2016-12-16T09:32:36","guid":{"rendered":""},"modified":"2020-11-15T22:41:46","modified_gmt":"2020-11-15T22:41:46","slug":"ankara-bolge-ube-delege-listesi-ve-gundem-ilani","status":"publish","type":"post","link":"https:\/\/kultursanatsen.org.tr\/portal\/2016\/12\/16\/ankara-bolge-ube-delege-listesi-ve-gundem-ilani\/","title":{"rendered":"ANKARA B\u00d6LGE \u015eUBE DELEGE L\u0130STES\u0130 VE G\u00dcNDEM \u0130LANI&#8230;"},"content":{"rendered":"<p>Ankara B\u00f6lge \u015eube 6. Ola\u011fan Genel Kuruluna, delege olarak kat\u0131lacaklar\u0131 ve oy kullanacaklar\u0131 kapsayan delege listesi ile g\u00fcndem \u00c7ankaya \u0130l\u00e7e Se\u00e7im Kurulu Ba\u015fkanl\u0131\u011f\u0131&#8217;n\u0131n belirlemi\u015f oldu\u011fu tarihler olan 18-19-20 Aral\u0131k 2016 Pazar, Pazartesi ve Sal\u0131 g\u00fcnlerinde \u015fube binas\u0131nda as\u0131lmak suretiyle, 3 g\u00fcn ilan edilecektir. Listede ki d\u00fczeltmelerin, ilan s\u00fcresi i\u00e7erisinde, belgeleri ile birlikte, do\u011frudan \u00c7ankaya \u0130l\u00e7e Se\u00e7im Kurulu Ba\u015fkanl\u0131\u011f\u0131na yap\u0131lmas\u0131 gerekmektedir. \u00a0<\/p>\n","protected":false},"excerpt":{"rendered":"<p>Ankara B\u00f6lge \u015eube 6. Ola\u011fan Genel Kuruluna, delege olarak kat\u0131lacaklar\u0131 ve oy kullanacaklar\u0131 kapsayan delege listesi ile g\u00fcndem \u00c7ankaya \u0130l\u00e7e Se\u00e7im Kurulu Ba\u015fkanl\u0131\u011f\u0131&#8217;n\u0131n belirlemi\u015f oldu\u011fu tarihler olan 18-19-20 Aral\u0131k 2016 Pazar, Pazartesi ve Sal\u0131 g\u00fcnlerinde \u015fube binas\u0131nda as\u0131lmak suretiyle, 3 g\u00fcn ilan edilecektir. Listede ki d\u00fczeltmelerin, ilan s\u00fcresi i\u00e7erisinde, belgeleri ile birlikte, do\u011frudan \u00c7ankaya \u0130l\u00e7e [&hellip;]<\/p>\n","protected":false},"author":1,"featured_media":11271,"comment_status":"open","ping_status":"open","sticky":false,"template":"","format":"standard","meta":[],"categories":[618,614,472],"tags":[],"_links":{"self":[{"href":"https:\/\/kultursanatsen.org.tr\/portal\/wp-json\/wp\/v2\/posts\/11270"}],"collection":[{"href":"https:\/\/kultursanatsen.org.tr\/portal\/wp-json\/wp\/v2\/posts"}],"about":[{"href":"https:\/\/kultursanatsen.org.tr\/portal\/wp-json\/wp\/v2\/types\/post"}],"author":[{"embeddable":true,"href":"https:\/\/kultursanatsen.org.tr\/portal\/wp-json\/wp\/v2\/users\/1"}],"replies":[{"embeddable":true,"href":"https:\/\/kultursanatsen.org.tr\/portal\/wp-json\/wp\/v2\/comments?post=11270"}],"version-history":[{"count":1,"href":"https:\/\/kultursanatsen.org.tr\/portal\/wp-json\/wp\/v2\/posts\/11270\/revisions"}],"predecessor-version":[{"id":12448,"href":"https:\/\/kultursanatsen.org.tr\/portal\/wp-json\/wp\/v2\/posts\/11270\/revisions\/12448"}],"wp:featuredmedia":[{"embeddable":true,"href":"https:\/\/kultursanatsen.org.tr\/portal\/wp-json\/wp\/v2\/media\/11271"}],"wp:attachment":[{"href":"https:\/\/kultursanatsen.org.tr\/portal\/wp-json\/wp\/v2\/media?parent=11270"}],"wp:term":[{"taxonomy":"category","embeddable":true,"href":"https:\/\/kultursanatsen.org.tr\/portal\/wp-json\/wp\/v2\/categories?post=11270"},{"taxonomy":"post_tag","embeddable":true,"href":"https:\/\/kultursanatsen.org.tr\/portal\/wp-json\/wp\/v2\/tags?post=11270"}],"curies":[{"name":"wp","href":"https:\/\/api.w.org\/{rel}","templated":true}]}}